{"id":36259,"date":"2025-10-31T14:38:07","date_gmt":"2025-10-31T14:38:07","guid":{"rendered":"https:\/\/www.europesays.com\/lv\/36259\/"},"modified":"2025-10-31T14:38:07","modified_gmt":"2025-10-31T14:38:07","slug":"kads-laiks-gaidams-sestdien-uzzini-sinoptiku-prognozes-tv3-lv","status":"publish","type":"post","link":"https:\/\/www.europesays.com\/lv\/36259\/","title":{"rendered":"K\u0101ds laiks gaid\u0101ms sestdien? Uzzini sinopti\u0137u prognozes &#8211; tv3.lv"},"content":{"rendered":"<ol>\n<li><a href=\"https:\/\/news.google.com\/rss\/articles\/CBMikAFBVV95cUxQUWxWSHVnUHZXRHpkRzlyVUpYU1RGNGZJTU9oemNjSkh1Nzc2UEkwUU14Q1BtcUJ2dkJWaDdsV3QxeG9IRW5ja3J1bkU5X2pFUFd0WVE3Tk5ldFdOcXBwWUZXdmx2TTNJN1pZYlc0cVcweU9PcFcwd25SbnFEM1FrZmJ1UE9mclBCYXczY24wUkg?oc=5\" target=\"_blank\" rel=\"nofollow noopener\">K\u0101ds laiks gaid\u0101ms sestdien? Uzzini sinopti\u0137u prognozes<\/a>&nbsp;&nbsp;tv3.lv<\/li>\n<li><a href=\"https:\/\/news.google.com\/rss\/articles\/CBMi0gFBVV95cUxOeElRcHV0ZEZBNnpObThzQkk0ekZ4MzBrVGZZT2Nmdy1xWTRLY2c5ZXNwcDdtVmFSWWk3dGVkbGNxOHg5REVWREVTQTlCT0FiZjdMVlVfR1RCTFp5d0FwN25iSElsVEhQc2pEUk0tcXkxRDhmZExITGxhYkdsWGF5b3pVRllCNkE0T05HbDdfXzJZX3JvcmtMQThWWVZiYU1tdHRPTW1reXZDbzV1bl9Db2NKeFlRbll6d3JDeG5BaWtBY3pTdnhkaDNCdVlRNE1MRlE?oc=5\" target=\"_blank\" rel=\"nofollow noopener\">No br\u012bvdien\u0101m saulain\u0101ka b\u016bs sestdiena; silta b\u016bs ar\u012b n\u0101kam\u0101 ned\u0113\u013ca \/ Raksts<\/a>&nbsp;&nbsp;LSM<\/li>\n<li><a href=\"https:\/\/news.google.com\/rss\/articles\/CBMiakFVX3lxTE1Uei1yVkdCenQyUHNrSHluT21pdk9GcFNpOWM4Sl9jeHNUMzhVNzVmNm5fT25mUExpMmlPWEd1b29yZjZKUi1SalBDZklPMXo5TWQtc05XVnpsQlNXMlJxUWtwcG81eTE4SlE?oc=5\" target=\"_blank\" rel=\"nofollow noopener\">Sestdiena viet\u0101m b\u016bs saulaina<\/a>&nbsp;&nbsp;TVNET<\/li>\n<li><a href=\"https:\/\/news.google.com\/rss\/articles\/CBMilwFBVV95cUxQNHBhQWZBRmNSOGpkTUU1TWQ0UXhiOUNlbUpmSDQ3ZXFsZHRRS3NGTHA1ODJKcG5OeXVMcTN0cHpRYi04cW5zeDhqd0ZwaXRxRlRnS0MxZzJiek5Ka0tJMDEwd1R5QTA5eDNJNnlObnl6S3ozNk9oTE8wQVVPQlYwQWx3RlQ1SnA0dDhpWDJ5TDB6Z0ZaNmVr?oc=5\" target=\"_blank\" rel=\"nofollow noopener\">Novembra s\u0101kum\u0101 gaid\u0101ms silts un br\u012b\u017eiem lietains laiks<\/a>&nbsp;&nbsp;Jauns.lv<\/li>\n<li><a href=\"https:\/\/news.google.com\/rss\/articles\/CBMibEFVX3lxTE04UkNxcHF4emtQN1MtZnUyRUtqb1lLU0s3Q01objRvR0szRENOMjdta2pxd2JhMVRUX0xJWjV5aVJJd2lrNlJVVS15VnNyajNpZlFYb0lGY3pNNk9mZGdNOHZjbnlrelI2VXpldg?oc=5\" target=\"_blank\" rel=\"nofollow noopener\">Saule vai lietus? Laika prognoze sestdienai<\/a>&nbsp;&nbsp;LA.LV<\/li>\n<\/ol>\n","protected":false},"excerpt":{"rendered":"K\u0101ds laiks gaid\u0101ms sestdien? Uzzini sinopti\u0137u prognozes&nbsp;&nbsp;tv3.lv No br\u012bvdien\u0101m saulain\u0101ka b\u016bs sestdiena; silta b\u016bs ar\u012b n\u0101kam\u0101 ned\u0113\u013ca \/&hellip;\n","protected":false},"author":2,"featured_media":36260,"comment_status":"","ping_status":"","sticky":false,"template":"","format":"standard","meta":{"footnotes":""},"categories":[5],"tags":[23,28,29,32,33,22,152,30,31,35,39,38,36,37,34,40,20,26,27,24,25,21],"class_list":{"0":"post-36259","1":"post","2":"type-post","3":"status-publish","4":"format-standard","5":"has-post-thumbnail","7":"category-aktualitates","8":"tag-aktualitates","9":"tag-breaking-news","10":"tag-breakingnews","11":"tag-featured-news","12":"tag-featurednews","13":"tag-headlines","14":"tag-laika-prognoze","15":"tag-latest-news","16":"tag-latestnews","17":"tag-latvia","18":"tag-latvian","19":"tag-latviesu","20":"tag-latviesu-valoda","21":"tag-latviesuvaloda","22":"tag-latvija","23":"tag-lv","24":"tag-news","25":"tag-popularakas-zinas","26":"tag-popularakaszinas","27":"tag-top-stories","28":"tag-topstories","29":"tag-zinas"},"share_on_mastodon":{"url":"https:\/\/pubeurope.com\/@lv\/115469294169918919","error":""},"_links":{"self":[{"href":"https:\/\/www.europesays.com\/lv\/wp-json\/wp\/v2\/posts\/36259","targetHints":{"allow":["GET"]}}],"collection":[{"href":"https:\/\/www.europesays.com\/lv\/wp-json\/wp\/v2\/posts"}],"about":[{"href":"https:\/\/www.europesays.com\/lv\/wp-json\/wp\/v2\/types\/post"}],"author":[{"embeddable":true,"href":"https:\/\/www.europesays.com\/lv\/wp-json\/wp\/v2\/users\/2"}],"replies":[{"embeddable":true,"href":"https:\/\/www.europesays.com\/lv\/wp-json\/wp\/v2\/comments?post=36259"}],"version-history":[{"count":0,"href":"https:\/\/www.europesays.com\/lv\/wp-json\/wp\/v2\/posts\/36259\/revisions"}],"wp:featuredmedia":[{"embeddable":true,"href":"https:\/\/www.europesays.com\/lv\/wp-json\/wp\/v2\/media\/36260"}],"wp:attachment":[{"href":"https:\/\/www.europesays.com\/lv\/wp-json\/wp\/v2\/media?parent=36259"}],"wp:term":[{"taxonomy":"category","embeddable":true,"href":"https:\/\/www.europesays.com\/lv\/wp-json\/wp\/v2\/categories?post=36259"},{"taxonomy":"post_tag","embeddable":true,"href":"https:\/\/www.europesays.com\/lv\/wp-json\/wp\/v2\/tags?post=36259"}],"curies":[{"name":"wp","href":"https:\/\/api.w.org\/{rel}","templated":true}]}}