{"id":36267,"date":"2025-10-31T14:50:07","date_gmt":"2025-10-31T14:50:07","guid":{"rendered":"https:\/\/www.europesays.com\/lv\/36267\/"},"modified":"2025-10-31T14:50:07","modified_gmt":"2025-10-31T14:50:07","slug":"pasaules-mediju-un-organizaciju-uzmanibas-centra-saeimas-lemums-par-izstasanos-no-stambulas-konvencijas-raksts","status":"publish","type":"post","link":"https:\/\/www.europesays.com\/lv\/36267\/","title":{"rendered":"Pasaules mediju un organiz\u0101ciju uzman\u012bbas centr\u0101 Saeimas l\u0113mums par izst\u0101\u0161anos no Stambulas konvencijas \/ Raksts"},"content":{"rendered":"<p>Virkne pasaules mediju ir piev\u0113rsu\u0161i uzman\u012bbu Saeimas ceturtdienas l\u0113mumam par izst\u0101\u0161anos no Eiropas Padomes Konvencijas par vardarb\u012bbas pret sieviet\u0113m un vardarb\u012bbas \u0123imen\u0113 nov\u0113r\u0161anu un apkaro\u0161anu jeb Stambulas konvencijas.<\/p>\n<p>\u012aSUM\u0100:<\/p>\n<ul>\n<li>Par Saeimas l\u0113mumu raksta t\u0101di mediji k\u0101 BBC, AP, AFP, DPA, LRT, &#8220;Reuters&#8221;, &#8220;Deutsche Welle&#8221;, &#8220;France 24&#8221;, &#8220;Euronews&#8221;,\u00a0&#8220;Politico&#8221; un &#8220;Bloomberg&#8221;.<\/li>\n<li>Lietuv\u0101 izskan ba\u017eas par cilv\u0113kties\u012bbu standartiem Baltijas valstu re\u0123ion\u0101.<\/li>\n<li>Sievie\u0161u ties\u012bbu aizst\u0101ve uzskata, ka l\u0113mums liecina par\u00a0Krievijas narat\u012bvu izplat\u012b\u0161anos Latvij\u0101.<\/li>\n<li>&#8220;Amnesty International&#8221; ieskat\u0101 l\u0113muma realiz\u0101cija b\u016bs\u00a0posto\u0161s trieciens\u00a0visu no vardarb\u012bbas cietu\u0161o cilv\u0113ku\u00a0aizsardz\u012bbai.<\/li>\n<li>Eiropas Padomes Parlament\u0101r\u0101s asamblejas prezidents uzskata, ka\u00a0\u0161is l\u0113mums\u00a0ir &#8220;b\u012bstams sign\u0101ls&#8221;.<\/li>\n<\/ul>\n<p>Par Saeimas l\u0113mumu raksta pasaules vado\u0161\u0101s zi\u0146u a\u0123ent\u016bras BBC, AP, AFP, DPA un &#8220;Reuters&#8221;. Par izst\u0101\u0161anos raksta ar\u012b t\u0101di izdevumi un raidsabiedr\u012bbas k\u0101 &#8220;Deutsche Welle&#8221;, &#8220;France 24&#8221;, &#8220;Euronews&#8221;, &#8220;Politico&#8221;, &#8220;Bloomberg&#8221; un citi.\u00a0Saeimas l\u0113mumam uzman\u012bba piev\u0113rsta ar\u012b kaimi\u0146valst\u012b, proti, to atainoja ar\u012b Lietuvas sabiedriskais medijs LRT.<\/p>\n<p>Lietuvas Cilv\u0113kties\u012bbu centra direktore J\u016brate\u00a0Ju\u0161kaite uzskata, ka Latvijas izst\u0101\u0161an\u0101s var\u0113tu rad\u012bt iespaidu, ka re\u0123ions virz\u0101s Ung\u0101rijas virzien\u0101.<\/p>\n<blockquote>\n<p>&#8220;Tas rada jaut\u0101jumus par cilv\u0113kties\u012bbu standartiem m\u016bsu re\u0123ion\u0101, k\u0101 ar\u012b par demokr\u0101tijas samazin\u0101\u0161anos un to, vai re\u0123ions nes\u0101k l\u012bdzin\u0101ties Ung\u0101rijai,&#8221; <a href=\"https:\/\/www.lrt.lt\/en\/news-in-english\/19\/2731118\/it-s-just-populism-latvia-votes-to-leave-the-istanbul-convention\" target=\"_blank\" rel=\"nofollow noopener\">vi\u0146a pauda LRT<\/a>.<\/p>\n<\/blockquote>\n<p>Vi\u0146aspr\u0101t, Latvijas l\u0113mums rad\u012bs ar\u012b negat\u012bvu iespaidu Lietuv\u0101, kur Stambulas konvencija joproj\u0101m nav\u00a0ratific\u0113ta.<\/p>\n<p>Pasaules mediji uzsver, ka, ja Latvijas prezidents Edgars Rink\u0113vi\u010ds parakst\u012bs Saeimas pie\u0146emto likumu, Latvija k\u013c\u016bs par pirmo Eiropas Savien\u012bbas (ES) dal\u012bbvalsti, kas izst\u0101sies\u00a0no Stambulas konvencijas.\u00a0Vien\u012bg\u0101 valsts, kas to denons\u0113jusi ir Turcija, kas nav ES dal\u012bbvalsts.<\/p>\n<p>&#8220;Politico&#8221; un ar\u012b citi mediji cit\u0113 Tamaras Dekanosidzes, nevalstisk\u0101s organiz\u0101cijas &#8220;Equality Now&#8221;\u00a0p\u0101rst\u0101ves, pausto, ka\u00a0politi\u0137i, kuri iest\u0101j\u0101s par Latvijas izst\u0101\u0161anos no Stambulas konvencijas, atk\u0101rto Krievijas narat\u012bvus. Vi\u0146aspr\u0101t, konvencijas piel\u012bdzin\u0101\u0161ana &#8220;LGBTQ ideolo\u0123ijas izplat\u012b\u0161anai&#8221; \u013cauj politi\u0137iem ie\u0146emt &#8220;nacion\u0101lo v\u0113rt\u012bbu aizst\u0101vju&#8221; t\u0113lu, g\u016bstot noteikta elektor\u0101ta balsis.<\/p>\n<blockquote>\n<p>&#8220;Tas noz\u012bm\u0113tu, ka v\u0113rt\u012bbu, ties\u012bbu sist\u0113mu un p\u0101rvald\u012bbas zi\u0146\u0101 Latvija b\u016btu vair\u0101k pak\u0101rtota Krievijas, nevis Eiropas Savien\u012bbas\u00a0un Rietumu valstu, sist\u0113mai,&#8221; <a href=\"https:\/\/www.politico.eu\/article\/latvias-parliament-quits-istanbul-convention\/\" target=\"_blank\" rel=\"nofollow noopener\">vi\u0146a teica<\/a>, piebilstot, ka tas &#8220;tie\u0161i kalpos Krievijas intere\u0161u sasnieg\u0161anai\u00a0\u0161aj\u0101 valst\u012b&#8221;.<\/p>\n<\/blockquote>\n<p>Dekanosidzes p\u0101rst\u0101v\u0113t\u0101s organiz\u0101cijas ieskat\u0101\u00a0l\u0113mums iedro\u0161ina cilv\u0113kties\u012bbu pretinieku kust\u012bbas vis\u0101 Eirop\u0101 un atbalsta to vald\u012bbu autorit\u0101ras tendences, kas att\u0101lin\u0101s no likuma varas, starptautisk\u0101 taisn\u012bguma un demokr\u0101tiskaj\u0101m v\u0113rt\u012bb\u0101m.<\/p>\n<p>Viedokli par Latvijas l\u0113mumu paudusi ar\u012b starptautisk\u0101 cilv\u0113kties\u012bbu organiz\u0101cija &#8220;Amnesty International&#8221;. T\u0101s\u00a0ieskat\u0101 Latvijas izst\u0101\u0161an\u0101s no Stambulas konvencijas b\u016btu posto\u0161s trieciens valsts sievie\u0161u un meite\u0146u, k\u0101 ar\u012b visu cilv\u0113ku, kas saskaras ar vardarb\u012bbu \u0123imen\u0113, aizsardz\u012bbai un ties\u012bb\u0101m.<\/p>\n<p>Organiz\u0101cija aicina Valsts prezidentu Edgaru Rink\u0113vi\u010du izmantot savas veto ties\u012bbas, lai aptur\u0113tu Latvijas izst\u0101\u0161anos no Stambulas konvencijas. Bet starptautisk\u0101s sievie\u0161u ties\u012bbu organiz\u0101cijas &#8220;Equality Now&#8221; ieskat\u0101<\/p>\n<p>Savuk\u0101rt Eiropas Padomes Parlament\u0101r\u0101s asamblejas (EPPA) prezidents Teodors Rusopuls pazi\u0146oja, ka\u00a0Saeimas l\u0113mums izst\u0101ties no Stambulas konvencijas ir b\u012bstams sign\u0101ls.<\/p>\n<p>&#8220;Sievie\u0161u ties\u012bbu un cilv\u0113kties\u012bbu jom\u0101 Eirop\u0101 \u0161is ir nepieredz\u0113ts un dzi\u013ci satrauco\u0161s solis atpaka\u013c,&#8221; pazi\u0146ojum\u0101 uzsver EPPA prezidents.<\/p>\n<blockquote>\n<p>&#8220;Latvija devusi b\u012bstamu sign\u0101lu, ka sievie\u0161u dro\u0161\u012bbu un cie\u0146u var ap\u0161aub\u012bt vai ka tas ir debat\u0113jams jaut\u0101jums,&#8221; nor\u0101da Rusopuls, piebilstot, ka Saeimas l\u0113mums pie\u0146emts &#8220;sasteigti un dezinform\u0101cijas iespaid\u0101&#8221;.<\/p>\n<\/blockquote>\n<p>&#8220;Latvija tagad seko Turcijai, kas [no konvencijas] izst\u0101j\u0101s 2021. gad\u0101. Kop\u0161 t\u0101 laika strauji pieaudzis sievie\u0161u slepkav\u012bbu skaits un vardarb\u012bba pret sieviet\u0113m,&#8221; apgalvo EPPA prezidents.<\/p>\n<p>KONTEKSTS:<\/p>\n<p>Saeimas vair\u0101kums 30. oktobr\u012b p\u0113c 13 stundu darba\u00a0<a data-id=\"620391\" data-type=\"article\" href=\"https:\/\/www.lsm.lv\/raksts\/zinas\/latvija\/30.10.2025-vai-nebus-kauns-saeima-nolemj-latvijai-jaizstajas-no-stambulas-konvencijas.a620391\/\" class=\"lsm-link\" rel=\"nofollow noopener\" target=\"_blank\">nol\u0113ma<\/a>, ka Latvijai j\u0101izst\u0101jas no\u00a0Eiropas Padomes Konvencijas par vardarb\u012bbas pret sieviet\u0113m un vardarb\u012bbas \u0123imen\u0113 nov\u0113r\u0161anu un apkaro\u0161anu jeb Stambulas konvencijas.\u00a0&#8220;Par&#8221; balsoja 56 deput\u0101ti, &#8220;pret&#8221; bija 32 deput\u0101ti, bet divi parlament\u0101rie\u0161i attur\u0113j\u0101s.\u00a0<\/p>\n<p>Tagad \u0161is jaut\u0101jums non\u0101cis uz Valsts prezidenta Edgara Rink\u0113vi\u010da galda, kuram j\u0101izlemj, ko dar\u012bt t\u0101l\u0101k. Da\u013ca Saeimas deput\u0101tu jau gras\u0101s l\u016bgt prezidentu nodot likumu, kas paredz konvencijas denons\u0113\u0161anu,\u00a0otrreiz\u0113jai caurl\u016bko\u0161anai. &#8220;Jaun\u0101s Vienot\u012bbas&#8221; Saeimas frakcijas vad\u012bt\u0101js Edmunds Jur\u0113vics pav\u0113st\u012bjis, ka pie prezidenta gras\u0101s v\u0113rsties ar\u012b vair\u0101k nek\u0101 100 nevalstisko organiz\u0101ciju, aicinot \u0161o likumu neizsludin\u0101t.\u00a0<\/p>\n<p>Savuk\u0101rt\u00a0par iesp\u0113ju\u00a0<a data-id=\"619744\" data-type=\"article\" href=\"https:\/\/www.lsm.lv\/raksts\/zinas\/latvija\/24.10.2025-progresivie-varetu-versties-pie-prezidenta-vai-satversmes-tiesa-ja-saeima-atbalstis-izstasanos-no-stambulas-konvencijas.a619744\/\" class=\"lsm-link\" rel=\"nofollow noopener\" target=\"_blank\">v\u0113rsties Satversmes ties\u0101<\/a>\u00a0<a data-id=\"620393\" data-type=\"article\" href=\"https:\/\/www.lsm.lv\/raksts\/zinas\/latvija\/30.10.2025-tiesraide-saeimas-sede-lemj-par-izstasanos-no-stambulas-konvencijas.a620393\/\" class=\"lsm-link\" rel=\"nofollow noopener\" target=\"_blank\">jau izteiku\u0161ies<\/a>\u00a0&#8220;Progres\u012bvie&#8221; un &#8220;Jaun\u0101 Vienot\u012bba&#8221;.\u00a0Sa\u0146emot \u0161\u0101du pieteikumu, Satversmes tiesas kol\u0113\u0123ijai j\u0101lemj, vai ierosin\u0101t lietu.\u00a0<\/p>\n<p>                    Valodas k\u013c\u016bda rakst\u0101?<\/p>\n<p class=\"d-none d-md-block\">Iez\u012bm\u0113jiet tekstu un spiediet Ctrl+Enter, lai nos\u016bt\u012btu labojamo teksta fragmentu redaktoram! Par faktu k\u013c\u016bd\u0101m l\u016bdzam zi\u0146ot e-past\u0101 <a href=\"https:\/\/www.lsm.lv\/cdn-cgi\/l\/email-protection\" class=\"__cf_email__\" data-cfemail=\"e89a8d8c89838b818289a8849b85c6849e\" rel=\"nofollow noopener\" target=\"_blank\">[email\u00a0protected]<\/a>.<\/p>\n<p class=\"d-md-none\">Iez\u012bm\u0113jiet tekstu un spiediet uz Zi\u0146ot par k\u013c\u016bdu pogas, lai nos\u016bt\u012btu labojamo teksta fragmentu redaktoram!<\/p>\n<p>\n                    Zi\u0146ot par k\u013c\u016bdu\n                <\/p>\n","protected":false},"excerpt":{"rendered":"Virkne pasaules mediju ir piev\u0113rsu\u0161i uzman\u012bbu Saeimas ceturtdienas l\u0113mumam par izst\u0101\u0161anos no Eiropas Padomes Konvencijas par vardarb\u012bbas pret&hellip;\n","protected":false},"author":2,"featured_media":36103,"comment_status":"","ping_status":"","sticky":false,"template":"","format":"standard","meta":{"footnotes":""},"categories":[5],"tags":[23,28,29,32,33,22,30,31,35,39,38,36,37,34,40,20,26,27,24,25,21],"class_list":{"0":"post-36267","1":"post","2":"type-post","3":"status-publish","4":"format-standard","5":"has-post-thumbnail","7":"category-aktualitates","8":"tag-aktualitates","9":"tag-breaking-news","10":"tag-breakingnews","11":"tag-featured-news","12":"tag-featurednews","13":"tag-headlines","14":"tag-latest-news","15":"tag-latestnews","16":"tag-latvia","17":"tag-latvian","18":"tag-latviesu","19":"tag-latviesu-valoda","20":"tag-latviesuvaloda","21":"tag-latvija","22":"tag-lv","23":"tag-news","24":"tag-popularakas-zinas","25":"tag-popularakaszinas","26":"tag-top-stories","27":"tag-topstories","28":"tag-zinas"},"share_on_mastodon":{"url":"https:\/\/pubeurope.com\/@lv\/115469341355652969","error":""},"_links":{"self":[{"href":"https:\/\/www.europesays.com\/lv\/wp-json\/wp\/v2\/posts\/36267","targetHints":{"allow":["GET"]}}],"collection":[{"href":"https:\/\/www.europesays.com\/lv\/wp-json\/wp\/v2\/posts"}],"about":[{"href":"https:\/\/www.europesays.com\/lv\/wp-json\/wp\/v2\/types\/post"}],"author":[{"embeddable":true,"href":"https:\/\/www.europesays.com\/lv\/wp-json\/wp\/v2\/users\/2"}],"replies":[{"embeddable":true,"href":"https:\/\/www.europesays.com\/lv\/wp-json\/wp\/v2\/comments?post=36267"}],"version-history":[{"count":0,"href":"https:\/\/www.europesays.com\/lv\/wp-json\/wp\/v2\/posts\/36267\/revisions"}],"wp:featuredmedia":[{"embeddable":true,"href":"https:\/\/www.europesays.com\/lv\/wp-json\/wp\/v2\/media\/36103"}],"wp:attachment":[{"href":"https:\/\/www.europesays.com\/lv\/wp-json\/wp\/v2\/media?parent=36267"}],"wp:term":[{"taxonomy":"category","embeddable":true,"href":"https:\/\/www.europesays.com\/lv\/wp-json\/wp\/v2\/categories?post=36267"},{"taxonomy":"post_tag","embeddable":true,"href":"https:\/\/www.europesays.com\/lv\/wp-json\/wp\/v2\/tags?post=36267"}],"curies":[{"name":"wp","href":"https:\/\/api.w.org\/{rel}","templated":true}]}}