{"id":36272,"date":"2025-10-31T14:59:18","date_gmt":"2025-10-31T14:59:18","guid":{"rendered":"https:\/\/www.europesays.com\/lv\/36272\/"},"modified":"2025-10-31T14:59:18","modified_gmt":"2025-10-31T14:59:18","slug":"globala-tendence-vai-specifiska-uznemuma-strategija-lente-lv","status":"publish","type":"post","link":"https:\/\/www.europesays.com\/lv\/36272\/","title":{"rendered":"Glob\u0101l\u0101 tendence vai specifiska uz\u0146\u0113muma strat\u0113\u0123ija?\u00a0\u2014\u00a0Lente.lv"},"content":{"rendered":"<p>Amazon pl\u0101no iev\u0113rojamu darbinieku skaita samazin\u0101jumu: Glob\u0101l\u0101 tendence vai specifiska uz\u0146\u0113muma strat\u0113\u0123ija?<\/p>\n<p>Tie\u0161saistes mazumtirdzniec\u012bbas gigants &#8220;Amazon&#8221; atkal ir non\u0101cis uzman\u012bbas centr\u0101 saist\u012bb\u0101 ar pl\u0101niem veikt iev\u0113rojamu darbinieku skaita samazin\u0101jumu. \u0160\u012b zi\u0146a izskan\u0113jusi laik\u0101, kad glob\u0101l\u0101 ekonomika saskaras ar izaicin\u0101jumiem, un daudzi tehnolo\u0123iju uz\u0146\u0113mumi ir spiesti p\u0101rskat\u012bt savas darbasp\u0113ka strat\u0113\u0123ijas.<\/p>\n<p>Iepriek\u0161\u0113j\u0101s atlai\u0161anas un pa\u0161reiz\u0113jie pl\u0101ni<\/p>\n<p>Nav nosl\u0113pums, ka &#8220;Amazon&#8221; jau iepriek\u0161 ir veicis darbinieku atlai\u0161anu. P\u0113rn\u0101 gada nogal\u0113 uz\u0146\u0113mums pl\u0101noja atbr\u012bvot no darba aptuveni 10 000 darbinieku, ta\u010du izpilddirektors Endijs D\u017eesijs v\u0113l\u0101k nor\u0101d\u012bja, ka \u0161is skaitlis var\u0113tu b\u016bt liel\u0101ks. Jaun\u0101k\u0101 inform\u0101cija liecina, ka &#8220;Amazon&#8221; pl\u0101no likvid\u0113t vair\u0101k nek\u0101 18 000 darbavietu, kas ir liel\u0101k\u0101 atlai\u0161anas kampa\u0146a uz\u0146\u0113muma v\u0113stur\u0113. \u0160is skaitlis ietver gan jau atlaistos, gan tos darbiniekus, kas darbu zaud\u0113s tuv\u0101kaj\u0101 laik\u0101. Paredzams, ka \u0161is atlai\u0161anas vilnis visvair\u0101k skars mazumtirdzniec\u012bbas un person\u0101la atlases noda\u013cas. \u0160\u0101da masveida atlai\u0161ana, lai ar\u012b s\u0101p\u012bga, atspogu\u013co pla\u0161\u0101ku tendenci tehnolo\u0123iju sektor\u0101, kur daudzi uz\u0146\u0113mumi, piem\u0113ram, &#8220;Meta&#8221; un &#8220;Salesforce&#8221;, ir veiku\u0161i l\u012bdz\u012bgus so\u013cus, rea\u0123\u0113jot uz ekonomisko situ\u0101cijas pasliktin\u0101\u0161anos.<\/p>\n<p>Pand\u0113mijas laika izaugsme un t\u0101s sekas<\/p>\n<p>K\u0101 daudzi e-komercijas uz\u0146\u0113mumi, ar\u012b &#8220;Amazon&#8221; pand\u0113mijas laik\u0101 piedz\u012bvoja strauju izaugsmi. Cilv\u0113ku paradumu mai\u0146a un bie\u017e\u0101ka iepirk\u0161an\u0101s tie\u0161saist\u0113 mudin\u0101ja uz\u0146\u0113mumu b\u016btiski papla\u0161in\u0101t savu darbasp\u0113ku, lai apmierin\u0101tu pieaugo\u0161o piepras\u012bjumu. Tika pie\u0146emti darb\u0101 simtiem t\u016bksto\u0161u jaunu darbinieku. Tom\u0113r, glob\u0101lajai situ\u0101cijai normaliz\u0113joties un ekonomikai pal\u0113ninoties, &#8220;Amazon&#8221; ir spiests samazin\u0101t izmaksas maz\u0101k ienes\u012bgaj\u0101s noda\u013c\u0101s, aptur\u0113t jaunu darbinieku pie\u0146em\u0161anu un veikt masveida atlai\u0161anas. Tas ir glu\u017ei k\u0101 pacelties augst\u0101 gais\u0101, kad viss iet k\u0101 pa diedzi\u0146u, bet tad p\u0113k\u0161\u0146i n\u0101kas nos\u0113sties, kad apst\u0101k\u013ci main\u0101s. \u0160\u012b situ\u0101cija liecina par uz\u0146\u0113m\u0113jdarb\u012bbas ciklisko dabu un nepiecie\u0161am\u012bbu b\u016bt elast\u012bgiem un gataviem piel\u0101goties main\u012bgajiem apst\u0101k\u013ciem.<\/p>\n<p>N\u0101kotnes tendences un darba vides mai\u0146a<\/p>\n<p>Interesanti, ka, neskatoties uz darbinieku skaita samazin\u0101jumu, &#8220;Amazon&#8221; veic ar\u012b citas noz\u012bm\u012bgas izmai\u0146as sav\u0101 darba politik\u0101. S\u0101kot ar 2025. gada janv\u0101ri, uz\u0146\u0113mums pl\u0101no ieviest oblig\u0101tu piecu dienu kl\u0101tb\u016btni biroj\u0101 ned\u0113\u013c\u0101, atce\u013cot iepriek\u0161\u0113jo hibr\u012bda darba modeli. \u0160is l\u0113mums, ko izpilddirektors Endijs D\u017eesijs pamato ar nepiecie\u0161am\u012bbu veicin\u0101t inov\u0101cijas, sadarb\u012bbu un savstarp\u0113ju saikni, ir pretrun\u0101 ar daudzu citu uz\u0146\u0113mumu tendenci saglab\u0101t vai pat papla\u0161in\u0101t att\u0101lin\u0101t\u0101 darba iesp\u0113jas. &#8220;Amazon&#8221; pie\u0146em stingr\u0101ku nost\u0101ju, kas var\u0113tu rad\u012bt spriedzi darbinieku vid\u016b, kuri ir pieradu\u0161i pie liel\u0101kas elast\u012bbas. \u0160is solis, l\u012bdz\u0101s citiem pas\u0101kumiem, k\u0101, piem\u0113ram, &#8220;Amazon&#8221; iniciat\u012bvas &#8220;Upskilling 2025&#8221;, kas paredz invest\u0113t vair\u0101k nek\u0101 1,2 miljardus dol\u0101ru darbinieku apm\u0101c\u012bb\u0101 un karjeras att\u012bst\u012bb\u0101, nor\u0101da uz uz\u0146\u0113muma centieniem piel\u0101goties jaunaj\u0101m re\u0101lij\u0101m darba tirg\u016b un nodro\u0161in\u0101t savu konkur\u0113tsp\u0113ju n\u0101kotn\u0113.<\/p>\n<p>Da\u017e\u0101das perspekt\u012bvas uz atlai\u0161anu<\/p>\n<p>\u0160\u012b pla\u0161\u0101 darbinieku atlai\u0161anas vilnis neaprobe\u017eojas tikai ar vienu valsti vai re\u0123ionu. Tas atspogu\u013co glob\u0101lu tendenci, kas skar daudzus lielus tehnolo\u0123iju uz\u0146\u0113mumus. Lai gan konkr\u0113tie iemesli var at\u0161\u0137irties, bie\u017ei vien tie ir saist\u012bti ar glob\u0101l\u0101s ekonomikas sv\u0101rst\u012bb\u0101m, infl\u0101cijas pieaugumu, centr\u0101lo banku monet\u0101r\u0101s politikas mai\u0146u un nepiecie\u0161am\u012bbu samazin\u0101t izmaksas, lai saglab\u0101tu rentabilit\u0101ti. &#8220;Amazon&#8221; gad\u012bjum\u0101, papildus ekonomiskajiem faktoriem, var b\u016bt ar\u012b specifiski uz\u0146\u0113muma strat\u0113\u0123ijas l\u0113mumi, kas saist\u012bti ar eso\u0161\u0101 biznesa mode\u013ca optimiz\u0101ciju un n\u0101kotnes invest\u012bciju pl\u0101no\u0161anu.<\/p>\n<p>Secin\u0101jumi<\/p>\n<p>&#8220;Amazon&#8221; pl\u0101not\u0101s darbinieku atlai\u0161anas ir nopietns sign\u0101ls par pa\u0161reiz\u0113jo ekonomisko klimatu un tehnolo\u0123iju sektora izaicin\u0101jumiem. Lai gan \u0161\u0101di so\u013ci ir s\u0101p\u012bgi indiv\u012bdiem, tie bie\u017ei vien ir nepiecie\u0161ami uz\u0146\u0113mumiem, lai nodro\u0161in\u0101tu savu ilgtsp\u0113j\u012bgu darb\u012bbu main\u012bgaj\u0101 pasaul\u0113. Tiks v\u0113rots, k\u0101 \u0161\u012bs izmai\u0146as ietekm\u0113s gan pa\u0161u &#8220;Amazon&#8221;, gan pla\u0161\u0101ku darba tirgu n\u0101kotn\u0113.<\/p>\n","protected":false},"excerpt":{"rendered":"Amazon pl\u0101no iev\u0113rojamu darbinieku skaita samazin\u0101jumu: Glob\u0101l\u0101 tendence vai specifiska uz\u0146\u0113muma strat\u0113\u0123ija? Tie\u0161saistes mazumtirdzniec\u012bbas gigants &#8220;Amazon&#8221; atkal ir&hellip;\n","protected":false},"author":2,"featured_media":36273,"comment_status":"","ping_status":"","sticky":false,"template":"","format":"standard","meta":{"footnotes":""},"categories":[16],"tags":[4999,77,76,4603,2298,47,35,39,38,36,37,34,40,10618],"class_list":{"0":"post-36272","1":"post","2":"type-post","3":"status-publish","4":"format-standard","5":"has-post-thumbnail","7":"category-bizness","8":"tag-amazon","9":"tag-bizness","10":"tag-business","11":"tag-darba-tirgus","12":"tag-darbinieku-atlaisana","13":"tag-ekonomika","14":"tag-latvia","15":"tag-latvian","16":"tag-latviesu","17":"tag-latviesu-valoda","18":"tag-latviesuvaloda","19":"tag-latvija","20":"tag-lv","21":"tag-tehnologiju-sektors"},"share_on_mastodon":{"url":"https:\/\/pubeurope.com\/@lv\/115469376839041051","error":""},"_links":{"self":[{"href":"https:\/\/www.europesays.com\/lv\/wp-json\/wp\/v2\/posts\/36272","targetHints":{"allow":["GET"]}}],"collection":[{"href":"https:\/\/www.europesays.com\/lv\/wp-json\/wp\/v2\/posts"}],"about":[{"href":"https:\/\/www.europesays.com\/lv\/wp-json\/wp\/v2\/types\/post"}],"author":[{"embeddable":true,"href":"https:\/\/www.europesays.com\/lv\/wp-json\/wp\/v2\/users\/2"}],"replies":[{"embeddable":true,"href":"https:\/\/www.europesays.com\/lv\/wp-json\/wp\/v2\/comments?post=36272"}],"version-history":[{"count":0,"href":"https:\/\/www.europesays.com\/lv\/wp-json\/wp\/v2\/posts\/36272\/revisions"}],"wp:featuredmedia":[{"embeddable":true,"href":"https:\/\/www.europesays.com\/lv\/wp-json\/wp\/v2\/media\/36273"}],"wp:attachment":[{"href":"https:\/\/www.europesays.com\/lv\/wp-json\/wp\/v2\/media?parent=36272"}],"wp:term":[{"taxonomy":"category","embeddable":true,"href":"https:\/\/www.europesays.com\/lv\/wp-json\/wp\/v2\/categories?post=36272"},{"taxonomy":"post_tag","embeddable":true,"href":"https:\/\/www.europesays.com\/lv\/wp-json\/wp\/v2\/tags?post=36272"}],"curies":[{"name":"wp","href":"https:\/\/api.w.org\/{rel}","templated":true}]}}