{"id":36278,"date":"2025-10-31T15:14:11","date_gmt":"2025-10-31T15:14:11","guid":{"rendered":"https:\/\/www.europesays.com\/lv\/36278\/"},"modified":"2025-10-31T15:14:11","modified_gmt":"2025-10-31T15:14:11","slug":"premjere-zzs-riciba-ir-ka-lauliba-veikti-sansoli-apollo-lv","status":"publish","type":"post","link":"https:\/\/www.europesays.com\/lv\/36278\/","title":{"rendered":"Premjere: ZZS r\u012bc\u012bba ir k\u0101 laul\u012bb\u0101 veikti s\u0101nso\u013ci &#8211; Apollo.lv"},"content":{"rendered":"<ol>\n<li><a href=\"https:\/\/news.google.com\/rss\/articles\/CBMihAFBVV95cUxNS0FiQ3N4ekEzb1FJZUZQZ0s0Zjg2X1M4MUwyX1hwQ3VuSXRUdk9VN3Q2TFJBUDRHM2I4TGxDX2p2RGhUZHZuclBLWU82ZFkxSW0yZWJrR042OHZUX2ZpVTFZTkttc21Dd1F5MXNvUFR2cDRUU0tEVnFBbnhJYVA1ZnFxUWo?oc=5\" target=\"_blank\" rel=\"nofollow noopener\">Premjere: ZZS r\u012bc\u012bba ir k\u0101 laul\u012bb\u0101 veikti s\u0101nso\u013ci<\/a>&nbsp;&nbsp;Apollo.lv<\/li>\n<li><a href=\"https:\/\/news.google.com\/rss\/articles\/CBMi5AFBVV95cUxNYjZ1MmpLWkpsWTZKNW84Um1pNld2eVlMQ2hyM0w5OEF1VTZVTm1FMHFKMUJrRjRUTTFyZTVmaVJrY0NVdDdYQVYyRVhaWU9ZSTEyWXNFX1ptajFwTkRCUEtOdnEzWlg3aEtkYklxcENCM1dYSWpqV0REZUIxMUlTb1V0Tkhya0s2WGpIcmxsS0w1UDg5ZFpmbV9lcE5SQzl5Zm1RaXhMTmlTQXBhZldVRmRqUkJOMXhKSkQwejl6cDNXVy15c0E2NDNld0YtbEIxdGlVdXVmOEo5Yk02bUNaeUtXaDg?oc=5\" target=\"_blank\" rel=\"nofollow noopener\">Vai koal\u012bcij\u0101 viss k\u0101rt\u012bb\u0101? P\u0113c l\u0113muma par Stambulas konvenciju partneru redz\u0113jums at\u0161\u0137iras<\/a>&nbsp;&nbsp;LSM<\/li>\n<li><a href=\"https:\/\/news.google.com\/rss\/articles\/CBMiwgFBVV95cUxPRVM2WXJ6VzBWcU5aVWp5SF9DeWE3b3JIb0FyTTdCNWxad0VHOUEyUVNDSktsUlIwQ1hpOTZaRVRXaXlRcmZLOFEwU2R0OVhrWmZ6ZTZpTFBxakdOYVZ6N0lBZHM2WjZMQ0lQSjVXZHdvQUFuR3pidTc3Z0tWX0xWTHpKM0lkQzJWZTZXUG5rcVQ2ZzN6eEtWZEt5UzBhU0pHVFhwdm1HNmdVcjlkNUxLUVNGQmQzQl9VUkU5NUZEaHlQdw?oc=5\" target=\"_blank\" rel=\"nofollow noopener\">ZZS b\u016bs j\u0101atbild par koal\u012bcijas partneru un sabiedr\u012bbas pievil\u0161anu, uzsver Sili\u0146a<\/a>&nbsp;&nbsp;Delfi<\/li>\n<li><a href=\"https:\/\/news.google.com\/rss\/articles\/CBMiwAFBVV95cUxPdDk4MWlOTHRtLVNGOVB2OHZVdlhVbm1pU2wtNGFHOFBTRjlGNlNZbGlZNnF3RnZPMWRsRzd3N3pNREJPV3hVZGZINFFTTEcwZk5jcDdLRm10Z1ZXdGdFVld6RklNTUlGZ3FtQW56VDFxRGQyV2dZaXpPeGtyZEFWcVZxM0NZZ2h5Nnd1cktlaExFOVFEVE9Za0pEUHVOR3d3alpFUmhxdGhwZUFjM2RJYngzUS1NcF9UYVhlb1J5azM?oc=5\" target=\"_blank\" rel=\"nofollow noopener\">Brigmanis: ZZS patlaban netais\u0101s ar nevienu citu politisko sp\u0113ku veidot jaunu koal\u012bciju<\/a>&nbsp;&nbsp;Jauns.lv<\/li>\n<li><a href=\"https:\/\/news.google.com\/rss\/articles\/CBMitAFBVV95cUxQRVNxLW9nNElZWnV6aVg5SjFYWlVxNE05ajE3NHdKSXhGdUlDTDJ6VnFaWFU0QWczelM3aXdhYVQ0Z3UtS0xwYmhjamQzTXl2dmMzRXRmMFRxYXZzaHA5UGJTQmNRcFU0X08wOW96aGdTbm1XWmwzdExmc3ptX1VkTlZ6MGlXX3JySUJvZndKbmFSbmhzUHVfOWNaV3UycVpzdl9qN1BkTkVKbkJHOElPN1VIQU4?oc=5\" target=\"_blank\" rel=\"nofollow noopener\">Premjere: ZZS b\u016bs j\u0101atbild par koal\u012bcijas partneru un sabiedr\u012bbas pievil\u0161anu<\/a>&nbsp;&nbsp;tv3.lv<\/li>\n<\/ol>\n","protected":false},"excerpt":{"rendered":"Premjere: ZZS r\u012bc\u012bba ir k\u0101 laul\u012bb\u0101 veikti s\u0101nso\u013ci&nbsp;&nbsp;Apollo.lv Vai koal\u012bcij\u0101 viss k\u0101rt\u012bb\u0101? P\u0113c l\u0113muma par Stambulas konvenciju partneru&hellip;\n","protected":false},"author":2,"featured_media":36279,"comment_status":"","ping_status":"","sticky":false,"template":"","format":"standard","meta":{"footnotes":""},"categories":[5],"tags":[23,28,29,1249,32,33,22,30,31,35,39,38,36,37,34,40,20,26,27,2023,24,25,21,666],"class_list":{"0":"post-36278","1":"post","2":"type-post","3":"status-publish","4":"format-standard","5":"has-post-thumbnail","7":"category-aktualitates","8":"tag-aktualitates","9":"tag-breaking-news","10":"tag-breakingnews","11":"tag-evika-silina","12":"tag-featured-news","13":"tag-featurednews","14":"tag-headlines","15":"tag-latest-news","16":"tag-latestnews","17":"tag-latvia","18":"tag-latvian","19":"tag-latviesu","20":"tag-latviesu-valoda","21":"tag-latviesuvaloda","22":"tag-latvija","23":"tag-lv","24":"tag-news","25":"tag-popularakas-zinas","26":"tag-popularakaszinas","27":"tag-stambulas-konvencija","28":"tag-top-stories","29":"tag-topstories","30":"tag-zinas","31":"tag-zzs"},"share_on_mastodon":{"url":"https:\/\/pubeurope.com\/@lv\/115469435720126742","error":""},"_links":{"self":[{"href":"https:\/\/www.europesays.com\/lv\/wp-json\/wp\/v2\/posts\/36278","targetHints":{"allow":["GET"]}}],"collection":[{"href":"https:\/\/www.europesays.com\/lv\/wp-json\/wp\/v2\/posts"}],"about":[{"href":"https:\/\/www.europesays.com\/lv\/wp-json\/wp\/v2\/types\/post"}],"author":[{"embeddable":true,"href":"https:\/\/www.europesays.com\/lv\/wp-json\/wp\/v2\/users\/2"}],"replies":[{"embeddable":true,"href":"https:\/\/www.europesays.com\/lv\/wp-json\/wp\/v2\/comments?post=36278"}],"version-history":[{"count":0,"href":"https:\/\/www.europesays.com\/lv\/wp-json\/wp\/v2\/posts\/36278\/revisions"}],"wp:featuredmedia":[{"embeddable":true,"href":"https:\/\/www.europesays.com\/lv\/wp-json\/wp\/v2\/media\/36279"}],"wp:attachment":[{"href":"https:\/\/www.europesays.com\/lv\/wp-json\/wp\/v2\/media?parent=36278"}],"wp:term":[{"taxonomy":"category","embeddable":true,"href":"https:\/\/www.europesays.com\/lv\/wp-json\/wp\/v2\/categories?post=36278"},{"taxonomy":"post_tag","embeddable":true,"href":"https:\/\/www.europesays.com\/lv\/wp-json\/wp\/v2\/tags?post=36278"}],"curies":[{"name":"wp","href":"https:\/\/api.w.org\/{rel}","templated":true}]}}