{"id":36294,"date":"2025-10-31T15:38:36","date_gmt":"2025-10-31T15:38:36","guid":{"rendered":"https:\/\/www.europesays.com\/lv\/36294\/"},"modified":"2025-10-31T15:38:36","modified_gmt":"2025-10-31T15:38:36","slug":"valsts-svetku-pasakumi-jekabpils-novada-programma-jekabpils-laiks-jekabpils-zinas","status":"publish","type":"post","link":"https:\/\/www.europesays.com\/lv\/36294\/","title":{"rendered":"Valsts sv\u0113tku pas\u0101kumi J\u0113kabpils novad\u0101 (PROGRAMMA) \/ J\u0113kabpils Laiks: J\u0113kabpils zi\u0146as"},"content":{"rendered":"<p>Novembris Latvij\u0101 ir patriotisma un valsts sv\u0113tku m\u0113nesis. \u0160aj\u0101 laik\u0101 J\u0113kabpils novad\u0101 norisin\u0101sies da\u017e\u0101di piemi\u0146as pas\u0101kumi, koncerti, izst\u0101des un l\u0101pu g\u0101jieni, velt\u012bti L\u0101\u010dpl\u0113\u0161a dienai un Latvijas Republikas proklam\u0113\u0161anas gadadienai.<br \/>&#13;<br \/>\nL\u0101pu g\u0101jieni 11. novembr\u012b notiks \u0161\u0101d\u0101s viet\u0101s &#8211; Akn\u012bst\u0113, Asar\u0113, Ata\u0161ien\u0113, Bir\u017eos, Dunav\u0101\/Dign\u0101j\u0101, G\u0101rsen\u0113, Lon\u0113, Rit\u0113, Sal\u0101, S\u0113lpil\u012b (akcija visas dienas garum\u0101), Varie\u0161os, Vies\u012bt\u0113, Z\u012bl\u0101nos.<\/p>\n<p>Inform\u0101cija par pas\u0101kumiem J\u0113kabpils pils\u0113t\u0101 tiks public\u0113ta atsevi\u0161\u0137i.<\/p>\n<p>PAS\u0100KUMU PL\u0100NS J\u0112KABPILS NOVAD\u0100<\/p>\n<p>Akn\u012bste<\/p>\n<ul>&#13;<\/p>\n<li>11.11. plkst.17.15 \u2013 L\u0101\u010dpl\u0113\u0161a dienas l\u0101pu g\u0101jiens (pulc\u0113\u0161an\u0101s no 17.00 Pasta ielas park\u0101).<\/li>\n<p>&#13;<\/p>\n<li>P\u0113c g\u0101jiena \u2013 muzik\u0101ls piemi\u0146as br\u012bdis multifunkcion\u0101laj\u0101 laukum\u0101 ar Arni \u010caksti\u0146u.<\/li>\n<p>&#13;\n<\/ul>\n<p>Asare<\/p>\n<ul>&#13;<\/p>\n<li>11.11. plkst.17.30 \u2013 Piemi\u0146as br\u012bdis pie kritu\u0161o Aug\u0161kurzemes partiz\u0101nu pieminek\u013ca.<\/li>\n<p>&#13;<\/p>\n<li>18.00 \u2013 Dziesminieces Antas E\u0146\u0123eles koncerts Asares Tautas nam\u0101.<\/li>\n<p>&#13;\n<\/ul>\n<p>Ata\u0161iene<\/p>\n<ul>&#13;<\/p>\n<li>11.11. plkst.15.00 \u2013 L\u0101pu g\u0101jiens (Ata\u0161ienes skola \u2013 piemi\u0146as akmens centr\u0101).<\/li>\n<p>&#13;<\/p>\n<li>17.11. plkst.18.00 \u2013 Koncerts \u201cEs z\u012bm\u0113ju Latviju \u010detros gadalaikos\u201d.<\/li>\n<p>&#13;\n<\/ul>\n<p>\u0100be\u013ci<\/p>\n<ul>&#13;<\/p>\n<li>Z\u012bm\u0113jumu konkurss \u201cMana Latvija\u201d (1.\u201310.11.), izst\u0101de (11.\u201330.11.) Tautas nam\u0101.<\/li>\n<p>&#13;<\/p>\n<li>8.11. plkst.18.00 \u2013 Etnogr\u0101fisk\u0101s grupas \u201cMuosys\u201d programma \u201cCe\u013c\u0101\u201d.<\/li>\n<p>&#13;\n<\/ul>\n<p>Ant\u016b\u017ei<\/p>\n<ul>&#13;<\/p>\n<li>17.11. plkst.14.00 \u2013 Valsts sv\u0113tku koncerts \u201cTe ir m\u016bsu m\u0101jas\u201d.<\/li>\n<p>&#13;<\/p>\n<li>22.00 \u2013 Deju vakars ar duetu \u201cJAU\u201d un DJ Rolandu.<\/li>\n<p>&#13;\n<\/ul>\n<p>Bir\u017ei<\/p>\n<ul>&#13;<\/p>\n<li>11.11. plkst.16.35 \u2013 L\u0101pu g\u0101jiens \u201cGaismas ce\u013c\u0161\u201d.<\/li>\n<p>&#13;<\/p>\n<li>27.10.\u20137.11. \u2013 Konkurss \u201cPasniedz torti Latvijai\u201d.<\/li>\n<p>&#13;<\/p>\n<li>11.11.\u201327.11. \u2013 Izst\u0101de \u201cTorte Latvijai\u201d.<\/li>\n<p>&#13;<\/p>\n<li>17.11. no 17.00 \u2013 Akcija \u201cMirdzi Latvija!\u201d<\/li>\n<p>&#13;\n<\/ul>\n<p>Dunava \/ Dign\u0101ja<\/p>\n<ul>&#13;<\/p>\n<li>Z\u012bm\u0113jumu konkurss \u201cMana Latvija\u201d (1.\u201310.11.), izst\u0101de (11.\u201330.11.).<\/li>\n<p>&#13;<\/p>\n<li>11.11. plkst.16.00 \u2013 L\u0101pu g\u0101jiens \u201cL\u0101\u010dpl\u0113\u0161a gars m\u016bs vieno\u201d.<\/li>\n<p>&#13;<\/p>\n<li>14.11. plkst.20.00 \u2013 Aldis Kise koncertprogramm\u0101 \u201cM\u016b\u017eu izdzied\u0101t\u2026\u201d.<\/li>\n<p>&#13;<\/p>\n<li>22.00 \u2013 Balle ar grupu \u201cStarpbr\u012bdis\u201d.<\/li>\n<p>&#13;<\/p>\n<li>16.11. plkst.14.00 \u2013 Ansamb\u013ca \u201cTom\u0113r\u201d koncerts \u201cAr sirdi Latvijai\u201d.<\/li>\n<p>&#13;\n<\/ul>\n<p>Elk\u0161\u0146i<\/p>\n<ul>&#13;<\/p>\n<li>11.11. plkst.16.00 \u2013 Svec\u012b\u0161u nolik\u0161ana pie piemi\u0146as akmens \u201cSve\u0161um\u0101 izvestajiem elksnie\u0161iem\u201d.<\/li>\n<p>&#13;<\/p>\n<li>P\u0113c tam \u2013 tase t\u0113jas Elk\u0161\u0146u bibliot\u0113k\u0101.<\/li>\n<p>&#13;<\/p>\n<li>16.11. plkst.14.00 \u2013 Pas\u0101kums \u201cManas receptes Latvijai\u201d.<\/li>\n<p>&#13;\n<\/ul>\n<p>G\u0101rsene<\/p>\n<ul>&#13;<\/p>\n<li>17.11. plkst.17.30 \u2013 L\u0101pu g\u0101jiens.<\/li>\n<p>&#13;<\/p>\n<li>19.00 \u2013 Koncerts \u201cIr t\u0101da zeme, kur\u2026\u201d ar amatierkolekt\u012bvu un \u010dellista Tomasa An\u010da piedal\u012b\u0161anos.<\/li>\n<p>&#13;\n<\/ul>\n<p>Me\u017e\u0101re<\/p>\n<ul>&#13;<\/p>\n<li>18.11. plkst.13.00 \u2013 Koncerts ar Andri Skuju \u201cDzimtai zemei\u201d.<\/li>\n<p>&#13;\n<\/ul>\n<p>Leima\u0146i<\/p>\n<ul>&#13;<\/p>\n<li>11.11. plkst.19.00 \u2013 Piemi\u0146as br\u012bdis Latvju z\u012bmju d\u0101rz\u0101.<\/li>\n<p>&#13;\n<\/ul>\n<p>Lone<\/p>\n<ul>&#13;<\/p>\n<li>11.11. plkst.13.00 \u2013 Piemi\u0146as br\u012bdis Smiltaines kaps\u0113t\u0101, p\u0113c tam nodarb\u012bba bibliot\u0113k\u0101.<\/li>\n<p>&#13;<\/p>\n<li>15.11. plkst.14.00 \u2013 Koncerts \u201cAk S\u0113lija, k\u0101 pati saule \u2013 ko\u0161i, ko\u0161i balta\u201d.<\/li>\n<p>&#13;\n<\/ul>\n<p>Rite<\/p>\n<ul>&#13;<\/p>\n<li>11.11. plkst.17.00 \u2013 L\u0101pu g\u0101jiens (Pagasta p\u0101rvalde \u2013 piemi\u0146as akmens).<\/li>\n<p>&#13;<\/p>\n<li>14.11. plkst.19.00 \u2013 Valsts sv\u0113tku koncerts un apa\u013co k\u0101zu jubil\u0101ru godin\u0101\u0161ana.<\/li>\n<p>&#13;\n<\/ul>\n<p>Sala<\/p>\n<ul>&#13;<\/p>\n<li>11.11. no plkst.18.00 \u2013 Gaismas akcija \u201cS\u0113lijas gaisma Latvijai\u201d.<\/li>\n<p>&#13;\n<\/ul>\n<p>S\u0113lpils<\/p>\n<ul>&#13;<\/p>\n<li>11.11. visas dienas garum\u0101 \u2013 Akcija \u201cGaismas tilts p\u0101ri laikiem\u201d.<\/li>\n<p>&#13;<\/p>\n<li>15.11. plkst.19.00 \u2013 Koncerts ar kori \u201cS\u0113lpils\u201d un solistiem.<\/li>\n<p>&#13;<\/p>\n<li>P\u0113c koncerta \u2013 balle ar grupu \u201cLaim\u012bgs gad\u012bjums\u201d.<\/li>\n<p>&#13;\n<\/ul>\n<p>Varie\u0161i<\/p>\n<ul>&#13;<\/p>\n<li>11.11. plkst.17.30 \u2013 L\u0101pu g\u0101jiens (Pagasta p\u0101rvalde \u2013 Midze\u0146kalns).<\/li>\n<p>&#13;\n<\/ul>\n<p>Vies\u012bte<\/p>\n<ul>&#13;<\/p>\n<li>11.11. plkst.17.00 \u2013 L\u0101pu g\u0101jiens \u201cS\u0113lijas gaisma Latvijai!\u201d<\/li>\n<p>&#13;<\/p>\n<li>16.11. plkst.14.00 \u2013 Sv\u0113tku koncerts \u201cMana zeme\u201d ar Ilzi Rijnieci.<\/li>\n<p>&#13;\n<\/ul>\n<p>Z\u012bl\u0101ni<\/p>\n<ul>&#13;<\/p>\n<li>14.11. plkst.19.00 \u2013 Valsts sv\u0113tku koncerts \u201cRudens melodija\u201d ar Gitu Duka\u013csku un Arni Grapu.<\/li>\n<p>&#13;\n<\/ul>\n<p>Pla\u0161\u0101ka inform\u0101cija pieejama J\u0113kabpils novada Kult\u016bras p\u0101rvaldes <a href=\"https:\/\/www.jkp.lv\/notikumi\/valsts-svetku-pasakumi-jekabpils-novada\/\" target=\"_blank\" rel=\"nofollow noopener\">m\u0101jaslap\u0101.<\/a><\/p>\n","protected":false},"excerpt":{"rendered":"Novembris Latvij\u0101 ir patriotisma un valsts sv\u0113tku m\u0113nesis. \u0160aj\u0101 laik\u0101 J\u0113kabpils novad\u0101 norisin\u0101sies da\u017e\u0101di piemi\u0146as pas\u0101kumi, koncerti, izst\u0101des&hellip;\n","protected":false},"author":2,"featured_media":36295,"comment_status":"","ping_status":"","sticky":false,"template":"","format":"standard","meta":{"footnotes":""},"categories":[5],"tags":[23,28,29,32,33,22,987,986,30,31,35,39,38,36,37,34,40,20,26,27,24,25,21],"class_list":{"0":"post-36294","1":"post","2":"type-post","3":"status-publish","4":"format-standard","5":"has-post-thumbnail","7":"category-aktualitates","8":"tag-aktualitates","9":"tag-breaking-news","10":"tag-breakingnews","11":"tag-featured-news","12":"tag-featurednews","13":"tag-headlines","14":"tag-jekabpils-zinas","15":"tag-jekabpilslaiks","16":"tag-latest-news","17":"tag-latestnews","18":"tag-latvia","19":"tag-latvian","20":"tag-latviesu","21":"tag-latviesu-valoda","22":"tag-latviesuvaloda","23":"tag-latvija","24":"tag-lv","25":"tag-news","26":"tag-popularakas-zinas","27":"tag-popularakaszinas","28":"tag-top-stories","29":"tag-topstories","30":"tag-zinas"},"share_on_mastodon":{"url":"https:\/\/pubeurope.com\/@lv\/115469530237667298","error":""},"_links":{"self":[{"href":"https:\/\/www.europesays.com\/lv\/wp-json\/wp\/v2\/posts\/36294","targetHints":{"allow":["GET"]}}],"collection":[{"href":"https:\/\/www.europesays.com\/lv\/wp-json\/wp\/v2\/posts"}],"about":[{"href":"https:\/\/www.europesays.com\/lv\/wp-json\/wp\/v2\/types\/post"}],"author":[{"embeddable":true,"href":"https:\/\/www.europesays.com\/lv\/wp-json\/wp\/v2\/users\/2"}],"replies":[{"embeddable":true,"href":"https:\/\/www.europesays.com\/lv\/wp-json\/wp\/v2\/comments?post=36294"}],"version-history":[{"count":0,"href":"https:\/\/www.europesays.com\/lv\/wp-json\/wp\/v2\/posts\/36294\/revisions"}],"wp:featuredmedia":[{"embeddable":true,"href":"https:\/\/www.europesays.com\/lv\/wp-json\/wp\/v2\/media\/36295"}],"wp:attachment":[{"href":"https:\/\/www.europesays.com\/lv\/wp-json\/wp\/v2\/media?parent=36294"}],"wp:term":[{"taxonomy":"category","embeddable":true,"href":"https:\/\/www.europesays.com\/lv\/wp-json\/wp\/v2\/categories?post=36294"},{"taxonomy":"post_tag","embeddable":true,"href":"https:\/\/www.europesays.com\/lv\/wp-json\/wp\/v2\/tags?post=36294"}],"curies":[{"name":"wp","href":"https:\/\/api.w.org\/{rel}","templated":true}]}}