{"id":36300,"date":"2025-10-31T15:44:10","date_gmt":"2025-10-31T15:44:10","guid":{"rendered":"https:\/\/www.europesays.com\/lv\/36300\/"},"modified":"2025-10-31T15:44:10","modified_gmt":"2025-10-31T15:44:10","slug":"virietis-vairakus-gadus-izvarojis-nepilngadigo-pameitu-vinam-piespriez-25-gadus-cietuma","status":"publish","type":"post","link":"https:\/\/www.europesays.com\/lv\/36300\/","title":{"rendered":"V\u012brietis vair\u0101kus gadus izvarojis nepilngad\u012bgo pameitu; vi\u0146am piesprie\u017e 25 gadus cietum\u0101"},"content":{"rendered":"<p>Aps\u016bdz\u0113tais cietu\u0161o pirmo reizi izvaroja, kad meitenei bija tikai desmit gadi, p\u0113c k\u0101 seksu\u0101lo vardarb\u012bbu no m\u0101tes dz\u012bvesbiedra cietus\u012b piedz\u012bvoja vair\u0101ku gadu garum\u0101.<\/p>\n<p>Izmantojot br\u012b\u017eus, kad atrad\u0101s ar pameitu divat\u0101, no 2017. gada j\u016bnija l\u012bdz 2021. gada apr\u012blim, aps\u016bdz\u0113tais ilgsto\u0161i veica cietu\u0161\u0101s izvaro\u0161anu, izmantojot meitenes bezpal\u012bdz\u012bbas st\u0101vokli un uztic\u012bbu vi\u0146am k\u0101 \u0123imenes loceklim, k\u0101 ar\u012b pielietojot draudus un vardarb\u012bbu.<\/p>\n<p>Izvaro\u0161anu rezult\u0101t\u0101 meitene 13 gadu vecum\u0101 palika st\u0101vokl\u012b un 14 gadu vecum\u0101 dzemd\u0113ja b\u0113rnu ar iedzimt\u0101m kait\u0113m, kur\u0161 tr\u012bs m\u0113ne\u0161u vecum\u0101 nomira. Noziedz\u012bgo nodar\u012bjumu rezult\u0101t\u0101 tika trauc\u0113ta cietu\u0161\u0101s norm\u0101la fizisk\u0101, gar\u012bg\u0101 un seksu\u0101l\u0101 att\u012bst\u012bba un pareizas izpratnes par tikum\u012bbu veido\u0161an\u0101s, k\u0101 ar\u012b rad\u012btas psiholo\u0123iskas sekas, nor\u0101da prokurat\u016br\u0101.<\/p>\n<p>Pateicoties ginekolo\u0123es zi\u0146o\u0161anai atbild\u012bgaj\u0101m instit\u016bcij\u0101m, \u0161is gad\u012bjums tika atkl\u0101ts un non\u0101ca policijas redzeslok\u0101. Prokurat\u016bra aicina ikvienu, ja ir kaut maz\u0101k\u0101s aizdomas, ka b\u0113rns var\u0113tu b\u016bt cietis no seksu\u0101las vai cita veida vardarb\u012bbas, nekav\u0113joties v\u0113rsties Valsts policij\u0101.<\/p>\n<p>Prokurore nepl\u0101no l\u016bgt tiesu sagatavot pilnu spriedumu. P\u0101r\u0113j\u0101s proces\u0101 iesaist\u012bt\u0101s personas spriedumu var p\u0101rs\u016bdz\u0113t Vidzemes apgabalties\u0101.<\/p>\n","protected":false},"excerpt":{"rendered":"Aps\u016bdz\u0113tais cietu\u0161o pirmo reizi izvaroja, kad meitenei bija tikai desmit gadi, p\u0113c k\u0101 seksu\u0101lo vardarb\u012bbu no m\u0101tes dz\u012bvesbiedra&hellip;\n","protected":false},"author":2,"featured_media":36301,"comment_status":"","ping_status":"","sticky":false,"template":"","format":"standard","meta":{"footnotes":""},"categories":[5],"tags":[23,28,29,32,33,22,30,31,35,39,38,36,37,34,40,20,26,27,504,24,25,899,21],"class_list":{"0":"post-36300","1":"post","2":"type-post","3":"status-publish","4":"format-standard","5":"has-post-thumbnail","7":"category-aktualitates","8":"tag-aktualitates","9":"tag-breaking-news","10":"tag-breakingnews","11":"tag-featured-news","12":"tag-featurednews","13":"tag-headlines","14":"tag-latest-news","15":"tag-latestnews","16":"tag-latvia","17":"tag-latvian","18":"tag-latviesu","19":"tag-latviesu-valoda","20":"tag-latviesuvaloda","21":"tag-latvija","22":"tag-lv","23":"tag-news","24":"tag-popularakas-zinas","25":"tag-popularakaszinas","26":"tag-seksuala-vardarbiba","27":"tag-top-stories","28":"tag-topstories","29":"tag-vardarbiba","30":"tag-zinas"},"share_on_mastodon":{"url":"https:\/\/pubeurope.com\/@lv\/115469553833773022","error":""},"_links":{"self":[{"href":"https:\/\/www.europesays.com\/lv\/wp-json\/wp\/v2\/posts\/36300","targetHints":{"allow":["GET"]}}],"collection":[{"href":"https:\/\/www.europesays.com\/lv\/wp-json\/wp\/v2\/posts"}],"about":[{"href":"https:\/\/www.europesays.com\/lv\/wp-json\/wp\/v2\/types\/post"}],"author":[{"embeddable":true,"href":"https:\/\/www.europesays.com\/lv\/wp-json\/wp\/v2\/users\/2"}],"replies":[{"embeddable":true,"href":"https:\/\/www.europesays.com\/lv\/wp-json\/wp\/v2\/comments?post=36300"}],"version-history":[{"count":0,"href":"https:\/\/www.europesays.com\/lv\/wp-json\/wp\/v2\/posts\/36300\/revisions"}],"wp:featuredmedia":[{"embeddable":true,"href":"https:\/\/www.europesays.com\/lv\/wp-json\/wp\/v2\/media\/36301"}],"wp:attachment":[{"href":"https:\/\/www.europesays.com\/lv\/wp-json\/wp\/v2\/media?parent=36300"}],"wp:term":[{"taxonomy":"category","embeddable":true,"href":"https:\/\/www.europesays.com\/lv\/wp-json\/wp\/v2\/categories?post=36300"},{"taxonomy":"post_tag","embeddable":true,"href":"https:\/\/www.europesays.com\/lv\/wp-json\/wp\/v2\/tags?post=36300"}],"curies":[{"name":"wp","href":"https:\/\/api.w.org\/{rel}","templated":true}]}}