{"id":36311,"date":"2025-10-31T15:55:07","date_gmt":"2025-10-31T15:55:07","guid":{"rendered":"https:\/\/www.europesays.com\/lv\/36311\/"},"modified":"2025-10-31T15:55:07","modified_gmt":"2025-10-31T15:55:07","slug":"latvijas-ekonomika-var-attistities-par-spiti-geopolitiskajiem-izaicinajumiem","status":"publish","type":"post","link":"https:\/\/www.europesays.com\/lv\/36311\/","title":{"rendered":"Latvijas ekonomika var att\u012bst\u012bties par sp\u012bti \u0123eopolitiskajiem izaicin\u0101jumiem"},"content":{"rendered":"<p>Tre\u0161ais vald\u012bbas darba virziens ir nodok\u013cu vide un god\u012bga konkurence. Sili\u0146a izc\u0113la Latvijas augsto vietu OECD kop\u0113j\u0101 konkur\u0113tsp\u0113jas reiting\u0101.<\/p>\n<p>Vienlaikus vi\u0146a izc\u0113la, ka aizvien veicams darbs \u0113nu ekonomikas mazin\u0101\u0161an\u0101.<\/p>\n<p>Run\u0101jot par vald\u012bbas darba virzieniem, Sili\u0146a izc\u0113la ar\u012b birokr\u0101tijas mazin\u0101\u0161anu un v\u0113l vair\u0101kas lietas, kas pal\u012bdz\u0113tu uz\u0146\u0113m\u0113jdarb\u012bbas vides att\u012bst\u012b\u0161anai. T\u0101pat premjere pateic\u0101s <a href=\"https:\/\/www.apollo.lv\/term\/664958\/ficil\" class=\"topicLink\" target=\"_blank\" rel=\"nofollow noopener\">FICIL<\/a> par sadarb\u012bbu un ieguld\u012bjumiem Latvij\u0101, uzsverot, ka organiz\u0101cija nen\u0101k ar populistiskiem sauk\u013ciem, bet re\u0101l\u0101m idej\u0101m.<\/p>\n<p>FICIL valdes priek\u0161s\u0113d\u0113t\u0101js Reinholds \u0160neiders p\u0113c san\u0101ksmes \u017eurn\u0101listiem preses konferenc\u0113 atzina, ka \u0101rvalstu investoriem Latvij\u0101 ir saj\u016bta, ka <a href=\"https:\/\/www.apollo.lv\/term\/570210\/valdiba\" class=\"topicLink\" target=\"_blank\" rel=\"nofollow noopener\">vald\u012bba<\/a> tos uzklausa, vi\u0146u priek\u0161likumi tiek sadzird\u0113ti un ietekm\u0113 valsts att\u012bst\u012bbu.<\/p>\n<p>Vienlaikus vi\u0146\u0161 nor\u0101d\u012bja, ka ne visos jaut\u0101jumos ir vienpr\u0101t\u012bba. Tie\u0161i t\u0101d\u0113\u013c tiekot r\u012bkotas \u0161\u0101das san\u0101ksmes, lai p\u0101rrun\u0101tu jaut\u0101jumus, kas ab\u0101m pus\u0113m ir svar\u012bgi.<\/p>\n<p>FICIL patlaban v\u0113las, lai tiek pan\u0101kta liel\u0101ka valsts p\u0101rvaldes efektivit\u0101te, atzina \u0160neiders. Saist\u012bb\u0101 ar to vi\u0146\u0161 pauda atzin\u012bgus v\u0101rdus par uz rezult\u0101tu v\u0113rsta valsts bud\u017eeta att\u012bst\u012bbu un s\u0101kto pilotprojektu, kas paredz, ka Finan\u0161u, Ekonomikas un Satiksmes ministrij\u0101m 2027. gada bud\u017eet\u0101 vismaz pusei no saviem izdevumiem b\u016bs j\u0101s\u0101k piem\u0113rot &#8220;nulles bud\u017eeta&#8221; princips.<\/p>\n<p>\u0160neiders k\u0101 pozit\u012bvu izc\u0113la ar\u012b faktu, ka valst\u012b pa\u0101trin\u0101ts b\u016bvat\u013cauju sa\u0146em\u0161anas process.<\/p>\n<p>Vienlaikus ir vair\u0101kas nozares, kur\u0101s vajadz\u012bgie groz\u012bjumi v\u0113l tikai tiks pie\u0146emti. &#8220;Ceram, ka tas viss notiks,&#8221; teica \u0160neiders.<\/p>\n<p>FICIL ar vald\u012bbu pan\u0101kusi vieno\u0161anos, ka likumu groz\u012bjumi, kurus vald\u012bba noteiks k\u0101 priorit\u0101ti, tiks izskat\u012bti Saeimas valsts p\u0101rvaldes komisij\u0101, lai to izv\u0113rt\u0113\u0161ana parlament\u0101 notiktu \u0101tr\u0101k.<\/p>\n","protected":false},"excerpt":{"rendered":"Tre\u0161ais vald\u012bbas darba virziens ir nodok\u013cu vide un god\u012bga konkurence. Sili\u0146a izc\u0113la Latvijas augsto vietu OECD kop\u0113j\u0101 konkur\u0113tsp\u0113jas&hellip;\n","protected":false},"author":2,"featured_media":36312,"comment_status":"","ping_status":"","sticky":false,"template":"","format":"standard","meta":{"footnotes":""},"categories":[12],"tags":[23,28,29,1249,32,33,10629,22,30,31,35,39,38,36,37,34,40,20,26,27,24,25,1524,21],"class_list":{"0":"post-36311","1":"post","2":"type-post","3":"status-publish","4":"format-standard","5":"has-post-thumbnail","7":"category-latvija","8":"tag-aktualitates","9":"tag-breaking-news","10":"tag-breakingnews","11":"tag-evika-silina","12":"tag-featured-news","13":"tag-featurednews","14":"tag-ficil","15":"tag-headlines","16":"tag-latest-news","17":"tag-latestnews","18":"tag-latvia","19":"tag-latvian","20":"tag-latviesu","21":"tag-latviesu-valoda","22":"tag-latviesuvaloda","23":"tag-latvija","24":"tag-lv","25":"tag-news","26":"tag-popularakas-zinas","27":"tag-popularakaszinas","28":"tag-top-stories","29":"tag-topstories","30":"tag-valdiba","31":"tag-zinas"},"share_on_mastodon":{"url":"https:\/\/pubeurope.com\/@lv\/115469597100885380","error":""},"_links":{"self":[{"href":"https:\/\/www.europesays.com\/lv\/wp-json\/wp\/v2\/posts\/36311","targetHints":{"allow":["GET"]}}],"collection":[{"href":"https:\/\/www.europesays.com\/lv\/wp-json\/wp\/v2\/posts"}],"about":[{"href":"https:\/\/www.europesays.com\/lv\/wp-json\/wp\/v2\/types\/post"}],"author":[{"embeddable":true,"href":"https:\/\/www.europesays.com\/lv\/wp-json\/wp\/v2\/users\/2"}],"replies":[{"embeddable":true,"href":"https:\/\/www.europesays.com\/lv\/wp-json\/wp\/v2\/comments?post=36311"}],"version-history":[{"count":0,"href":"https:\/\/www.europesays.com\/lv\/wp-json\/wp\/v2\/posts\/36311\/revisions"}],"wp:featuredmedia":[{"embeddable":true,"href":"https:\/\/www.europesays.com\/lv\/wp-json\/wp\/v2\/media\/36312"}],"wp:attachment":[{"href":"https:\/\/www.europesays.com\/lv\/wp-json\/wp\/v2\/media?parent=36311"}],"wp:term":[{"taxonomy":"category","embeddable":true,"href":"https:\/\/www.europesays.com\/lv\/wp-json\/wp\/v2\/categories?post=36311"},{"taxonomy":"post_tag","embeddable":true,"href":"https:\/\/www.europesays.com\/lv\/wp-json\/wp\/v2\/tags?post=36311"}],"curies":[{"name":"wp","href":"https:\/\/api.w.org\/{rel}","templated":true}]}}