{"id":36315,"date":"2025-10-31T16:02:10","date_gmt":"2025-10-31T16:02:10","guid":{"rendered":"https:\/\/www.europesays.com\/lv\/36315\/"},"modified":"2025-10-31T16:02:10","modified_gmt":"2025-10-31T16:02:10","slug":"skuja-rigas-zellus-nomaina-pret-iespeju-bundesliga-basketbols-sportacentrs-com","status":"publish","type":"post","link":"https:\/\/www.europesays.com\/lv\/36315\/","title":{"rendered":"Skuja &#8220;R\u012bgas Ze\u013c\u013cus&#8221; nomaina pret iesp\u0113ju Bundesl\u012bg\u0101 \u2013 Basketbols \u2013 Sportacentrs.com"},"content":{"rendered":"<p>190 centimetrus garais sasp\u0113les vad\u012bt\u0101js ofici\u0101li par Zelli k\u013cuva 2023. gada vasar\u0101 un divu ar pusi sezonu laik\u0101 Toms pal\u012bdz\u0113ja &#8220;R\u012bgas Ze\u013c\u013ci&#8221; izc\u012bn\u012bt tr\u012bs sudraba godalgas \u2013 Latvijas-Igaunijas basketbola l\u012bg\u0101, Latvijas Basketbola l\u012bg\u0101, Latvijas basketbola U\u017eavas kaus\u0101, k\u0101 ar\u012b bronzu Latvijas Basketbola l\u012bg\u0101 un izc\u012bn\u012bt Baltijas Superkausu \u0161\u012bs sezonas ievad\u0101.<\/p>\n<p>93 ofici\u0101l\u0101s sp\u0113l\u0113s &#8220;R\u012bgas Ze\u013c\u013ci&#8221; krekl\u0101 Skuja izc\u0113l\u0101s ar 1030 g\u016btajiem punktiem, kas ir dal\u012bts lab\u0101kais r\u0101d\u012bt\u0101js kluba v\u0113stur\u0113. Ar 481 rezultat\u012bvu piesp\u0113li Skuja ir ar\u012b p\u0101rliecino\u0161i visu laiku lab\u0101kais piesp\u0113l\u0113t\u0101js Ze\u013c\u013cu v\u0113stur\u0113.<\/p>\n<p>&#8220;Nelieg\u0161os &#8211; emocion\u0101ls br\u012bdis Ze\u013c\u013cu organiz\u0101cijai! Jo ir mazliet skumji, ka m\u016bs lab\u0101 sezonas ievad\u0101 pamet galvenais sasp\u0113les vad\u012bt\u0101js un l\u012bderis, ta\u010du reiz\u0113 ar\u012b \u013coti priec\u0101jamies, jo klubs turpina pild\u012bt savu misiju, dodot platformu un iesp\u0113ju talant\u012bgiem latvie\u0161u jaun\u0101s paaudzes basketbolistiem p\u0113c\u0101k p\u0101rcelties n\u0101kamaj\u0101 l\u012bmen\u012b k\u0101 Toma un Ludvigsburgas gad\u012bjum\u0101,&#8221; sac\u012bja &#8220;R\u012bgas Ze\u013c\u013ci&#8221; prezidents Edgars Bu\u013cs.<\/p>\n<p>&#8220;Skuja mums bija daudz vair\u0101k nek\u0101 tikai labs sp\u0113l\u0113t\u0101js. Toms bija komandas simbols, kur\u0161 bija kop\u0101 ar mums no pirm\u0101s dienas. Ar savu \u0101trumu, agresivit\u0101ti, bezbail\u012bbu iz\u0161\u0137iro\u0161ajos br\u012b\u017eos vi\u0146\u0161 neap\u0161aub\u0101mi bija m\u016bsu atsl\u0113gas sp\u0113l\u0113t\u0101js, k\u0101 ar\u012b viens no fanu m\u012blu\u013ciem. Vi\u0146\u0161 Ze\u013c\u013cos ien\u0101ca k\u0101 v\u0113l l\u012bdz galam neatv\u0113ries jaunais talants, bet aiziet k\u0101 gatavs Latvijas izlases l\u012bme\u0146a sp\u0113l\u0113t\u0101js. Sav\u0101 zi\u0146\u0101 Skuja ir pirmais m\u016bsu akad\u0113mijas produkts, kur\u0161 tagad piedz\u012bvo izlaidumu. Kopum\u0101 esam \u013coti lepni, ka Toms m\u016bsu rind\u0101s pac\u0113la sevi cit\u0101 l\u012bmen\u012b, k\u013cuva par \u012bstu profesion\u0101li, debit\u0113ja Latvijas pieaugu\u0161o izlas\u0113 un nobrieda n\u0101kamajam izaicin\u0101jumam. Paldies, Tom, par visu, ko paveici m\u016bsu lab\u0101! Veiksmi, vesel\u012bbu un izdo\u0161anos! Mums Tu vienm\u0113r b\u016bsi Zellis!\u201d emocion\u0101li piebilda Bu\u013cs.<\/p>\n<p>&#8220;M\u0113s \u013coti cent\u0101mies Skuju notur\u0113t l\u012bdz sezonas beig\u0101m, bet saprotam, ka \u0161\u0101das iesp\u0113jas p\u0101riet uz V\u0101cijas Bundesl\u012bgu nepar\u0101d\u0101s katru dienu. Par vi\u0146a p\u0101rcel\u0161anos sa\u0146emsim izprirkuma maksu no &#8220;MHP Riesen Ludwigsburg&#8221;. Tagad mekl\u0113sim pien\u0101c\u012bgu Toma aizst\u0101j\u0113ju, gaidiet jaunumus jau tuv\u0101kaj\u0101 laik\u0101,&#8221; nosl\u0113dza &#8220;R\u012bgas Ze\u013c\u013cu&#8221; prezidents.<\/p>\n<p>Inform\u0101ciju sagatavoja:<br \/>&#8220;R\u012bgas Ze\u013c\u013ci&#8221;<\/p>\n","protected":false},"excerpt":{"rendered":"190 centimetrus garais sasp\u0113les vad\u012bt\u0101js ofici\u0101li par Zelli k\u013cuva 2023. gada vasar\u0101 un divu ar pusi sezonu laik\u0101&hellip;\n","protected":false},"author":2,"featured_media":36316,"comment_status":"","ping_status":"","sticky":false,"template":"","format":"standard","meta":{"footnotes":""},"categories":[5],"tags":[23,145,28,29,32,33,22,30,31,35,39,38,36,37,34,1313,1314,1312,40,20,26,27,24,25,21],"class_list":{"0":"post-36315","1":"post","2":"type-post","3":"status-publish","4":"format-standard","5":"has-post-thumbnail","7":"category-aktualitates","8":"tag-aktualitates","9":"tag-basketbols","10":"tag-breaking-news","11":"tag-breakingnews","12":"tag-featured-news","13":"tag-featurednews","14":"tag-headlines","15":"tag-latest-news","16":"tag-latestnews","17":"tag-latvia","18":"tag-latvian","19":"tag-latviesu","20":"tag-latviesu-valoda","21":"tag-latviesuvaloda","22":"tag-latvija","23":"tag-latvijas-basketbola-liga","24":"tag-latvijas-basketbols","25":"tag-lbl","26":"tag-lv","27":"tag-news","28":"tag-popularakas-zinas","29":"tag-popularakaszinas","30":"tag-top-stories","31":"tag-topstories","32":"tag-zinas"},"share_on_mastodon":{"url":"https:\/\/pubeurope.com\/@lv\/115469624551334230","error":""},"_links":{"self":[{"href":"https:\/\/www.europesays.com\/lv\/wp-json\/wp\/v2\/posts\/36315","targetHints":{"allow":["GET"]}}],"collection":[{"href":"https:\/\/www.europesays.com\/lv\/wp-json\/wp\/v2\/posts"}],"about":[{"href":"https:\/\/www.europesays.com\/lv\/wp-json\/wp\/v2\/types\/post"}],"author":[{"embeddable":true,"href":"https:\/\/www.europesays.com\/lv\/wp-json\/wp\/v2\/users\/2"}],"replies":[{"embeddable":true,"href":"https:\/\/www.europesays.com\/lv\/wp-json\/wp\/v2\/comments?post=36315"}],"version-history":[{"count":0,"href":"https:\/\/www.europesays.com\/lv\/wp-json\/wp\/v2\/posts\/36315\/revisions"}],"wp:featuredmedia":[{"embeddable":true,"href":"https:\/\/www.europesays.com\/lv\/wp-json\/wp\/v2\/media\/36316"}],"wp:attachment":[{"href":"https:\/\/www.europesays.com\/lv\/wp-json\/wp\/v2\/media?parent=36315"}],"wp:term":[{"taxonomy":"category","embeddable":true,"href":"https:\/\/www.europesays.com\/lv\/wp-json\/wp\/v2\/categories?post=36315"},{"taxonomy":"post_tag","embeddable":true,"href":"https:\/\/www.europesays.com\/lv\/wp-json\/wp\/v2\/tags?post=36315"}],"curies":[{"name":"wp","href":"https:\/\/api.w.org\/{rel}","templated":true}]}}