{"id":36325,"date":"2025-10-31T16:09:07","date_gmt":"2025-10-31T16:09:07","guid":{"rendered":"https:\/\/www.europesays.com\/lv\/36325\/"},"modified":"2025-10-31T16:09:07","modified_gmt":"2025-10-31T16:09:07","slug":"legendara-rezisora-un-aktiera-godinasana-jelgava-lente-lv","status":"publish","type":"post","link":"https:\/\/www.europesays.com\/lv\/36325\/","title":{"rendered":"Le\u0123end\u0101r\u0101 re\u017eisora un aktiera godin\u0101\u0161ana Jelgav\u0101\u00a0\u2014\u00a0Lente.lv"},"content":{"rendered":"<p>J\u0101\u0146a L\u016bs\u0113na 120. gadsk\u0101rta: Le\u0123end\u0101r\u0101 re\u017eisora un aktiera m\u016b\u017ea devums te\u0101trim<\/p>\n<p>\u0160\u012b gada 23. oktobr\u012b aprit\u0113ja 120 gadi kop\u0161 izcil\u0101 re\u017eisora un aktiera J\u0101\u0146a L\u016bs\u0113na dzim\u0161anas. Lai gan vi\u0146a rado\u0161ais ce\u013c\u0161 veda cauri da\u017e\u0101diem Latvijas novadiem, tostarp Kurzemei un Latgalei, visspilgt\u0101k\u0101s un palieko\u0161\u0101k\u0101s p\u0113das atst\u0101tas Jelgav\u0101. Tie\u0161i pateicoties L\u016bs\u0113na neatlaid\u012bgajam darbam un v\u012bzijai, \u0100dolfa Alun\u0101na tautas te\u0101tris ne tikai ieguva savu cien\u012bjamo nosaukumu, bet ar\u012b godu nes\u0101t pa\u0161a te\u0101tra t\u0113va \u0100dolfa Alun\u0101na v\u0101rdu.<\/p>\n<p>No Kurzemes l\u012bdz Jelgavai: L\u016bs\u0113na m\u0101ksliniecisk\u0101 odiseja<\/p>\n<p>J\u0101nis L\u016bs\u0113ns savu dz\u012bvi velt\u012bjis te\u0101trim, ar aizraut\u012bbu un dzi\u013cu izpratni ieau\u017eot savu talantu gan aktierm\u0101kslas, gan re\u017eijas audum\u0101. Vi\u0146a darb\u012bbas loks aptv\u0113ra pla\u0161as Latvijas zemes, dodot iesp\u0113ju pieredz\u0113t vi\u0146a talantu skat\u012bt\u0101jiem da\u017e\u0101dos re\u0123ionos. Tom\u0113r Jelgava k\u013cuva par vietu, kur vi\u0146a rado\u0161\u0101 ener\u0123ija atrada visaugst\u0101ko virsotni un visliel\u0101ko atzin\u012bbu. L\u016bs\u0113na ieguld\u012bjums \u0100dolfa Alun\u0101na te\u0101tr\u012b bija transform\u0113jo\u0161s. Vi\u0146\u0161 ne tikai pal\u012bdz\u0113ja nostiprin\u0101t te\u0101tra statusu k\u0101 tautas te\u0101trim, bet ar\u012b sekm\u0113ja t\u0101 goda nosaukuma pie\u0161\u0137ir\u0161anu par godu le\u0123end\u0101rajam latvie\u0161u aktierim un dramaturgam \u0100dolfam Alun\u0101nam. \u0160is sasniegums ir apliecin\u0101jums L\u016bs\u0113na sp\u0113jai iedvesmot un celt kolekt\u012bva garu uz augst\u0101kiem m\u0101kslinieciskiem m\u0113r\u0137iem.<\/p>\n<p>L\u016bs\u0113na mantojums \u0100dolfa Alun\u0101na te\u0101tr\u012b: Vair\u0101k nek\u0101 vienk\u0101r\u0161s nosaukums<\/p>\n<p>\u0100dolfa Alun\u0101na tautas te\u0101tris sav\u0101 att\u012bst\u012bb\u0101 piedz\u012bvoja noz\u012bm\u012bgu pagrieziena punktu J\u0101\u0146a L\u016bs\u0113na vad\u012bb\u0101. Vi\u0146a centieni nebija tikai administrat\u012bvi; tie bija dzi\u013ci saist\u012bti ar m\u0101ksliniecisko izaugsmi un te\u0101tra identit\u0101tes veido\u0161anu. L\u016bs\u0113ns saprata, cik svar\u012bgi ir godin\u0101t te\u0101tra dibin\u0101t\u0101ju un aizs\u0101c\u0113ju mantojumu, t\u0101d\u0113\u013c vi\u0146a centieni pan\u0101kt \u0100dolfa Alun\u0101na v\u0101rda pie\u0161\u0137ir\u0161anu te\u0101trim bija gan cie\u0146as apliecin\u0101jums pag\u0101tnei, gan sp\u0113c\u012bgs sign\u0101ls n\u0101kotnei. \u0160is solis ne tikai paaugstin\u0101ja te\u0101tra presti\u017eu, bet ar\u012b dzi\u013c\u0101k iesak\u0146oja t\u0101 saknes latvie\u0161u te\u0101tra v\u0113stur\u0113. L\u016bs\u0113na vad\u012bb\u0101 te\u0101tris sp\u0113ja sasniegt jaunus profesion\u0101lus augstumus, piesaistot jaunus talantus un pied\u0101v\u0101jot skat\u012bt\u0101jiem kvalitat\u012bvus un iedvesmojo\u0161us iestud\u0113jumus. Vi\u0146\u0161 sp\u0113ja rad\u012bt vidi, kur\u0101 aktieri un citi te\u0101tra darbinieki jut\u0101s nov\u0113rt\u0113ti un iedvesmoti, kas atspogu\u013coj\u0101s ar\u012b uz skatuves.<\/p>\n<p>Re\u017eisors un aktieris: Divas L\u016bs\u0113na talanta \u0161\u0137autnes<\/p>\n<p>J\u0101nis L\u016bs\u0113ns sav\u0101 karjer\u0101 apliecin\u0101ja sevi k\u0101 daudzpus\u012bgu m\u0101kslinieku, kur\u0161 br\u012bni\u0161\u0137\u012bgi orient\u0113j\u0101s gan aktierm\u0101ksl\u0101, gan re\u017eij\u0101. \u0160\u012bs divas lomas nebija pretrun\u0101, bet gan papildin\u0101ja viena otru, \u013caujot vi\u0146am dzi\u013c\u0101k izprast gan t\u0113lu psiholo\u0123iju, gan izr\u0101des kop\u0113jo dramatur\u0123isko strukt\u016bru. K\u0101 aktieris vi\u0146\u0161 sp\u0113ja iejusties da\u017e\u0101dos raksturos, radot dz\u012bvus un p\u0101rliecino\u0161us t\u0113lus. K\u0101 re\u017eisors vi\u0146\u0161 izc\u0113l\u0101s ar sp\u0113ju redz\u0113t izr\u0101di k\u0101 vienotu veselumu, vadot aktierus un veidojot skatuvisko darb\u012bbu ar lielu m\u0101ksliniecisku j\u016bt\u012bgumu. \u0160\u012b siner\u0123ija starp aktiera un re\u017eisora pieredzi noteikti \u013c\u0101va vi\u0146am rad\u012bt unik\u0101lus un neaizmirstamus m\u0101kslas darbus, kas joproj\u0101m tiek piemin\u0113ti ar lielu cie\u0146u.<\/p>\n<p>Iedvesma un piemi\u0146a: J\u0101\u0146a L\u016bs\u0113na neizdz\u0113\u0161am\u0101 z\u012bme<\/p>\n<p>Atz\u012bm\u0113jot J\u0101\u0146a L\u016bs\u0113na 120. dzim\u0161anas dienu, m\u0113s ne tikai pieminam izcilu m\u0101kslinieku, bet ar\u012b godin\u0101m vi\u0146a ieguld\u012bjumu Latvijas te\u0101tra att\u012bst\u012bb\u0101. Vi\u0146a darbs Jelgav\u0101 un \u0100dolfa Alun\u0101na te\u0101tr\u012b ir palieko\u0161s, kalpojot par iedvesmas avotu jaunaj\u0101m paaudz\u0113m. L\u016bs\u0113na v\u0101rds ir k\u013cuvis par sinon\u012bmu cent\u012bbai, talantam un neizsak\u0101mai m\u012blest\u012bbai pret te\u0101tri. Lai gan vi\u0146a fizisk\u0101 kl\u0101tb\u016btne vairs nav starp mums, vi\u0146a m\u0101kslinieciskais mantojums turpina dz\u012bvot un iedvesmot, apliecinot, ka patiesas m\u0101kslas rad\u012bt\u0101ji nekad netiek aizmirsti. Vi\u0146a piemi\u0146a dz\u012bvo gan te\u0101tra z\u0101l\u0113s, gan skat\u012bt\u0101ju sird\u012bs, kuriem ir bijusi laime pieredz\u0113t vi\u0146a rad\u012btos br\u012bnumus.<\/p>\n","protected":false},"excerpt":{"rendered":"J\u0101\u0146a L\u016bs\u0113na 120. gadsk\u0101rta: Le\u0123end\u0101r\u0101 re\u017eisora un aktiera m\u016b\u017ea devums te\u0101trim \u0160\u012b gada 23. oktobr\u012b aprit\u0113ja 120 gadi&hellip;\n","protected":false},"author":2,"featured_media":36326,"comment_status":"","ping_status":"","sticky":false,"template":"","format":"standard","meta":{"footnotes":""},"categories":[19],"tags":[10638,89,90,10637,1355,35,39,38,36,37,34,882,40,10639],"class_list":{"0":"post-36325","1":"post","2":"type-post","3":"status-publish","4":"format-standard","5":"has-post-thumbnail","7":"category-izklaide","8":"tag-adolfa-alunana-teatris","9":"tag-entertainment","10":"tag-izklaide","11":"tag-janis-lusens","12":"tag-jelgava","13":"tag-latvia","14":"tag-latvian","15":"tag-latviesu","16":"tag-latviesu-valoda","17":"tag-latviesuvaloda","18":"tag-latvija","19":"tag-latvijas-teatris","20":"tag-lv","21":"tag-rezisors-aktieris"},"share_on_mastodon":{"url":"https:\/\/pubeurope.com\/@lv\/115469652098458558","error":""},"_links":{"self":[{"href":"https:\/\/www.europesays.com\/lv\/wp-json\/wp\/v2\/posts\/36325","targetHints":{"allow":["GET"]}}],"collection":[{"href":"https:\/\/www.europesays.com\/lv\/wp-json\/wp\/v2\/posts"}],"about":[{"href":"https:\/\/www.europesays.com\/lv\/wp-json\/wp\/v2\/types\/post"}],"author":[{"embeddable":true,"href":"https:\/\/www.europesays.com\/lv\/wp-json\/wp\/v2\/users\/2"}],"replies":[{"embeddable":true,"href":"https:\/\/www.europesays.com\/lv\/wp-json\/wp\/v2\/comments?post=36325"}],"version-history":[{"count":0,"href":"https:\/\/www.europesays.com\/lv\/wp-json\/wp\/v2\/posts\/36325\/revisions"}],"wp:featuredmedia":[{"embeddable":true,"href":"https:\/\/www.europesays.com\/lv\/wp-json\/wp\/v2\/media\/36326"}],"wp:attachment":[{"href":"https:\/\/www.europesays.com\/lv\/wp-json\/wp\/v2\/media?parent=36325"}],"wp:term":[{"taxonomy":"category","embeddable":true,"href":"https:\/\/www.europesays.com\/lv\/wp-json\/wp\/v2\/categories?post=36325"},{"taxonomy":"post_tag","embeddable":true,"href":"https:\/\/www.europesays.com\/lv\/wp-json\/wp\/v2\/tags?post=36325"}],"curies":[{"name":"wp","href":"https:\/\/api.w.org\/{rel}","templated":true}]}}