{"id":36383,"date":"2025-10-31T16:59:18","date_gmt":"2025-10-31T16:59:18","guid":{"rendered":"https:\/\/www.europesays.com\/lv\/36383\/"},"modified":"2025-10-31T16:59:18","modified_gmt":"2025-10-31T16:59:18","slug":"maratonu-legenda-atvadas-no-profesionala-sporta-un-pieversas-ekstremiem-izaicinajumiem","status":"publish","type":"post","link":"https:\/\/www.europesays.com\/lv\/36383\/","title":{"rendered":"Maratonu le\u0123enda atvad\u0101s no profesion\u0101l\u0101 sporta un piev\u0113r\u0161as ekstr\u0113miem izaicin\u0101jumiem"},"content":{"rendered":"<p>Kenijas le\u0123end\u0101rais garo distan\u010du skr\u0113j\u0113js <a rel=\"noopener nofollow\" target=\"_blank\" href=\"https:\/\/www.delfi.lv\/temas\/54807508\/eliuds-kipcoge\" tag-id=\"54807508\">Eliuds Kip\u010doge<\/a> pazi\u0146ojis, ka sv\u0113tdien gaid\u0101mais \u0145ujorkas <a rel=\"noopener nofollow\" target=\"_blank\" href=\"https:\/\/www.delfi.lv\/temas\/35484435\/maratons\" tag-id=\"35484435\">maratons<\/a> b\u016bs vi\u0146a p\u0113d\u0113jais k\u0101 profesion\u0101lam maratonistam. Divk\u0101rt\u0113jais olimpiskais \u010dempions un divk\u0101rt\u0113jais pasaules rekordu \u012bpa\u0161nieks p\u0113c 13 spo\u017eu gadu karjeras pazi\u0146ojis, ka laiks doties t\u0101l\u0101k un piev\u0113rsties &#8220;ekstr\u0113m\u0101kiem skr\u0113jieniem&#8221;, raksta &#8220;olympics.com&#8221;.<\/p>\n<p>Kip\u010doge, kuram n\u0101kamned\u0113\u013c aprit\u0113s 41 gads, aiz sevis atst\u0101s iespaid\u012bgu mantojumu \u2013 16 uzvaras 23 maratonos, tostarp 11 triumfi liel\u0101kajos pasaules maratonos, vair\u0101k nek\u0101 jebkuram citam sportistam, sievietei vai v\u012brietim. Vi\u0146\u0161 ir vien\u012bgais v\u012brietis, kuram \u010detras reizes izdevies uzvar\u0113t Londonas maraton\u0101, un pieck\u0101rt\u0113js Berl\u012bnes maratona \u010dempions, turkl\u0101t tie\u0161i tur vi\u0146\u0161 divreiz laboja pasaules rekordu \u2013 2018. gad\u0101 (2:01:39) un 2022. gad\u0101 (2:01:09).<\/p>\n<p>\u0145ujorka b\u016bs p\u0113d\u0113jais pieturas punkts vi\u0146a &#8220;septi\u0146u zvaig\u017e\u0146u&#8221; maratonu komplekt\u0101. &#8220;Novembris, un t\u0101 ir \u0145ujorka\u2026 Pils\u0113ta, par kuru dom\u0101ju jau sen,&#8221; sac\u012bja Kip\u010doge intervij\u0101 &#8220;olympics.com&#8221;. &#8220;Ir laiks tur start\u0113t, pirms dodos jaun\u0101 ce\u013cojum\u0101 \u2013 skr\u0113jien\u0101 cit\u0101 virzien\u0101.&#8221;<\/p>\n<p>Kip\u010doge ir divk\u0101rt\u0113js olimpiskais \u010dempions \u2013 vi\u0146\u0161 triumf\u0113ja 2016. gad\u0101 Riode\u017eaneiro un 2021. gad\u0101 Tokij\u0101, k\u013c\u016bstot par pirmo sportistu kop\u0161 1980. gada, kur\u0161 aizst\u0101v\u0113jis olimpisk\u0101 maratona titulu.<\/p>\n<p>Vi\u0146a v\u0101rds iegrav\u0113ts ar\u012b sporta v\u0113stur\u0113 k\u0101 cilv\u0113ks, kur\u0161 p\u0101rrakst\u012bja fizisk\u0101s robe\u017eas \u2013 2019. gad\u0101 V\u012bn\u0113, \u012bpa\u0161\u0101 &#8220;INEOS 1:59 Challenge&#8221; projekt\u0101, vi\u0146\u0161 42,195 km distanci veica 1 stund\u0101 59 min\u016bt\u0113s un 40 sekund\u0113s, apliecinot, ka &#8220;cilv\u0113ka \u0137ermenim nav ierobe\u017eojumu&#8221;. Lai gan \u0161is rezult\u0101ts netika apstiprin\u0101ts k\u0101 ofici\u0101ls pasaules rekords, tas k\u013cuva par simbolisku robe\u017e\u0161\u0137irtni visai sporta pasaulei.<\/p>\n<p>Kip\u010doge nor\u0101da, ka tagad vi\u0146a m\u0113r\u0137i k\u013cuvu\u0161i cit\u0101di. &#8220;Es skrie\u0161u Antarkt\u012bd\u0101,&#8221; vi\u0146\u0161 teica, kad \u017eurn\u0101listi jaut\u0101ja par n\u0101kotnes pl\u0101niem. &#8220;Tagad gribu dar\u012bt kaut ko ekstr\u0113mu, kas liek cilv\u0113kam str\u0101d\u0101t no sirds.&#8221;<\/p>\n<p>P\u0113c p\u0113rn\u0101 gada olimpisk\u0101 starta Par\u012bz\u0113, kur vi\u0146\u0161 izst\u0101j\u0101s 30. kilometr\u0101 g\u016b\u017eas s\u0101pju d\u0113\u013c, Kip\u010doge apzin\u0101jies, ka vi\u0146a ce\u013c\u0161 profesion\u0101laj\u0101 sport\u0101 tuvojas nosl\u0113gumam. &#8220;Man j\u0101apst\u0101jas, j\u0101aps\u0113\u017eas un j\u0101p\u0101rdom\u0101 21 gads augst\u0101kaj\u0101 l\u012bmen\u012b,&#8221; vi\u0146\u0161 sac\u012bja. &#8220;Tagad ir laiks att\u012bst\u012bties un k\u013c\u016bt cit\u0101dam \u2013 iedvesmot, ne tikai skriet.&#8221;<\/p>\n<p>\u0160ovasar vi\u0146\u0161 tika iev\u0113l\u0113ts Kenijas olimpiskaj\u0101 komitej\u0101 k\u0101 v\u012brie\u0161u sportistu p\u0101rst\u0101vis, simboliski turpinot kalpot sportam ar\u012b \u0101rpus trases.<\/p>\n<p class=\"m-0\">Seko &#8220;Delfi&#8221; ar\u012b  <a target=\"_blank\" href=\"https:\/\/www.instagram.com\/delfi.lv\/\" rel=\"nofollow noopener\">Instagram<\/a>  un <a target=\"_blank\" href=\"https:\/\/www.youtube.com\/channel\/UCw5foWtcJvAbUm64rv7jwUQ\" rel=\"nofollow noopener\">YouTube<\/a>  profil\u0101 \u2013 pievienojies, lai uzzin\u0101tu svar\u012bg\u0101ko un interesant\u0101ko pirmais!<\/p>\n<p>Publik\u0101cijas saturs vai t\u0101s jebk\u0101da apjoma da\u013ca ir aizsarg\u0101ts autorties\u012bbu objekts Autorties\u012bbu likuma izpratn\u0113, un t\u0101 izmanto\u0161ana bez izdev\u0113ja at\u013caujas ir aizliegta. Vair\u0101k lasi  <a target=\"_blank\" href=\"https:\/\/www.delfi.lv\/noteikumi#autortiesibas\" rel=\"nofollow noopener\">\u0161eit<\/a><script async src=\"\/\/www.instagram.com\/embed.js\"><\/script><\/p>\n","protected":false},"excerpt":{"rendered":"Kenijas le\u0123end\u0101rais garo distan\u010du skr\u0113j\u0113js Eliuds Kip\u010doge pazi\u0146ojis, ka sv\u0113tdien gaid\u0101mais \u0145ujorkas maratons b\u016bs vi\u0146a p\u0113d\u0113jais k\u0101 profesion\u0101lam&hellip;\n","protected":false},"author":2,"featured_media":36384,"comment_status":"","ping_status":"","sticky":false,"template":"","format":"standard","meta":{"footnotes":""},"categories":[17],"tags":[10656,35,39,38,36,37,34,40,2307,67],"class_list":{"0":"post-36383","1":"post","2":"type-post","3":"status-publish","4":"format-standard","5":"has-post-thumbnail","7":"category-sports","8":"tag-eliuds-kipcoge","9":"tag-latvia","10":"tag-latvian","11":"tag-latviesu","12":"tag-latviesu-valoda","13":"tag-latviesuvaloda","14":"tag-latvija","15":"tag-lv","16":"tag-maratons","17":"tag-sports"},"share_on_mastodon":{"url":"https:\/\/pubeurope.com\/@lv\/115469848707449768","error":""},"_links":{"self":[{"href":"https:\/\/www.europesays.com\/lv\/wp-json\/wp\/v2\/posts\/36383","targetHints":{"allow":["GET"]}}],"collection":[{"href":"https:\/\/www.europesays.com\/lv\/wp-json\/wp\/v2\/posts"}],"about":[{"href":"https:\/\/www.europesays.com\/lv\/wp-json\/wp\/v2\/types\/post"}],"author":[{"embeddable":true,"href":"https:\/\/www.europesays.com\/lv\/wp-json\/wp\/v2\/users\/2"}],"replies":[{"embeddable":true,"href":"https:\/\/www.europesays.com\/lv\/wp-json\/wp\/v2\/comments?post=36383"}],"version-history":[{"count":0,"href":"https:\/\/www.europesays.com\/lv\/wp-json\/wp\/v2\/posts\/36383\/revisions"}],"wp:featuredmedia":[{"embeddable":true,"href":"https:\/\/www.europesays.com\/lv\/wp-json\/wp\/v2\/media\/36384"}],"wp:attachment":[{"href":"https:\/\/www.europesays.com\/lv\/wp-json\/wp\/v2\/media?parent=36383"}],"wp:term":[{"taxonomy":"category","embeddable":true,"href":"https:\/\/www.europesays.com\/lv\/wp-json\/wp\/v2\/categories?post=36383"},{"taxonomy":"post_tag","embeddable":true,"href":"https:\/\/www.europesays.com\/lv\/wp-json\/wp\/v2\/tags?post=36383"}],"curies":[{"name":"wp","href":"https:\/\/api.w.org\/{rel}","templated":true}]}}