{"id":36387,"date":"2025-10-31T17:03:13","date_gmt":"2025-10-31T17:03:13","guid":{"rendered":"https:\/\/www.europesays.com\/lv\/36387\/"},"modified":"2025-10-31T17:03:13","modified_gmt":"2025-10-31T17:03:13","slug":"konference-saeima-uzsver-ilgtspeju-ka-prieksnoteikumu-valsts-attistibai","status":"publish","type":"post","link":"https:\/\/www.europesays.com\/lv\/36387\/","title":{"rendered":"Konferenc\u0113 Saeim\u0101 uzsver ilgtsp\u0113ju k\u0101 priek\u0161noteikumu valsts att\u012bst\u012bbai"},"content":{"rendered":"<p>Latvijas valsts att\u012bst\u012bbas strat\u0113\u0123ijai j\u0101b\u016bt ilgtsp\u0113j\u012bgai, p\u0101rdom\u0101tai un v\u0113rstai uz n\u0101kotni, sac\u012bja Saeimas priek\u0161s\u0113d\u0113t\u0101ja Daiga Mieri\u0146a, piektdien, 31. oktobr\u012b, atkl\u0101jot ilgtsp\u0113j\u012bgas ekonomikas l\u012bdzsvarotai att\u012bst\u012bbai velt\u012bto konferenci \u201cIlgtsp\u0113ja ekonomikas notur\u012bbai\u201d Saeim\u0101.<\/p>\n<p>\u201cIlgtsp\u0113ja ir \u0161\u012bs konferences galvenais v\u0101rds, un tas k\u013c\u016bst arvien noz\u012bm\u012bg\u0101ks ne tikai Latvij\u0101, bet ar\u012b vis\u0101 pasaul\u0113, jo ilgtsp\u0113ja ir k\u0101 priek\u0161noteikums efekt\u012bvai valsts att\u012bst\u012bbai. T\u0101d\u0113\u013c ir b\u016btiski padzi\u013cin\u0101ti skaidrot to, ko m\u0113s k\u0101 sabiedr\u012bba un valsts varam dar\u012bt, lai veicin\u0101tu tautsaimniec\u012bbas izaugsmi,\u201d atz\u012bm\u0113ja D.Mieri\u0146a.<\/p>\n<p>Saeimas priek\u0161s\u0113d\u0113t\u0101ja uzrun\u0101 atzin\u012bgi v\u0113rt\u0113ja uz\u0146\u0113mumus, kuri att\u012bst\u0101s un jau \u0161obr\u012bd sav\u0101 darb\u012bb\u0101 integr\u0113 ilgtsp\u0113jas principus, sp\u0113j piesaist\u012bt kapit\u0101lu, talantus un ar\u012b sabiedr\u012bbas uztic\u012bbu. \u201cM\u0113s nedr\u012bkstam pie\u013caut, ka l\u0113mumi tiek pie\u0146emti bez pla\u0161\u0101m konsult\u0101cij\u0101m un bez uz\u0146\u0113m\u0113ju iesaistes. Ilgtsp\u0113j\u012bga att\u012bst\u012bba noz\u012bm\u0113 dialogu, sadarb\u012bbu un atkl\u0101t\u012bbu,\u201d pauda D.Mieri\u0146a, atz\u012bm\u0113jot, ka nevajag baid\u012bties k\u0101d\u0101 jom\u0101 b\u016bt ar\u012b pirmajiem Eirop\u0101, \u012bpa\u0161i, ja tas pal\u012bdz uzlabot uz\u0146\u0113m\u0113jdarb\u012bbas vidi un veicina invest\u012bciju piesaisti Latvij\u0101.<\/p>\n<p>\u201cDom\u0101t ilgtsp\u0113j\u012bgi noz\u012bm\u0113 dom\u0101t strat\u0113\u0123iski. Savuk\u0101rt r\u012bkoties ilgtsp\u0113j\u012bgi \u2013 r\u012bkoties atbild\u012bgi. T\u0101d\u0113\u013c m\u016bsu pien\u0101kums ir \u0161o pasauli m\u016bsu b\u0113rniem atst\u0101t lab\u0101ku, nek\u0101 m\u0113s to esam\u00a0 sa\u0146\u0113mu\u0161i,\u201d kl\u0101teso\u0161ajiem sac\u012bja Saeimas priek\u0161s\u0113d\u0113t\u0101ja.<\/p>\n<p>Savuk\u0101rt Saeimas Ilgtsp\u0113j\u012bgas att\u012bst\u012bbas komisijas priek\u0161s\u0113d\u0113t\u0101js U\u0123is Mitrevics atz\u012bm\u0113ja, ka konferences m\u0113r\u0137is ir vienoties par kop\u012bgu r\u012bc\u012bbu un ilgtsp\u0113jas jaut\u0101jumu iek\u013cau\u0161anu Latvijas strat\u0113\u0123iskajos att\u012bst\u012bbas dokumentos un saist\u012btajos ties\u012bbu aktos. \u201cTas j\u0101dara, lai pan\u0101ktu l\u012bdzsvaru starp ekonomikas att\u012bst\u012bbu, soci\u0101lo labkl\u0101j\u012bbu un vides ilgtsp\u0113ju, neapdraudot iesp\u0113ju n\u0101kamaj\u0101m paaudz\u0113m r\u012bkoties t\u0101pat. T\u0101d\u0113\u013c \u0161odien diskut\u0113sim, apmain\u012bsimies ar viedok\u013ciem, lai, iesp\u0113jams, vienotos par ce\u013ca karti un dar\u0101majiem darbiem \u0161\u012b m\u0113r\u0137a sasnieg\u0161an\u0101,\u201d sac\u012bja U.Mitrevics.<\/p>\n<p>Konference organiz\u0113ta, lai veicin\u0101tu izpratni par to, k\u0101 ilgtsp\u0113j\u012bgi l\u0113mumi ietekm\u0113 visas tautsaimniec\u012bbas nozares \u2013 pal\u012bdz t\u0101m piel\u0101goties dro\u0161\u012bbas, finan\u0161u un klimata p\u0101rmai\u0146\u0101m, nodro\u0161inot dro\u0161as pieg\u0101des \u0137\u0113des un p\u0101rdom\u0101tu resursu izmanto\u0161anu. To r\u012bko Saeimas Ilgtsp\u0113j\u012bgas att\u012bst\u012bbas komisija sadarb\u012bb\u0101 ar Latvijas Korporat\u012bv\u0101s soci\u0101l\u0101s atbild\u012bbas platformu \u201cCSR Latvia\u201d un \u0100rvalstu investoru padomi Latvij\u0101.<\/p>\n<p>Darbs konferenc\u0113 norisin\u0101s div\u0101s da\u013c\u0101s, un pirm\u0101 no t\u0101m velt\u012bta strat\u0113\u0123ijas \u201cLatvija 2050\u201d ilgtsp\u0113jas att\u012bst\u012bbas scen\u0101rijiem, diskut\u0113jot tostarp par cilv\u0113kkapit\u0101lu, datiem, p\u0101rvald\u012bbu, finan\u0161u instrumentiem, ieguld\u012bjumiem ilgtsp\u0113j\u0101 un Latvijas ekonomikas ilgtsp\u0113jas m\u0113r\u0137iem. \u00a0<\/p>\n<p>Otr\u0101 da\u013ca konferencei atv\u0113l\u0113ta diskusij\u0101m, tostarp par nozaru ilgtsp\u0113jas m\u0113r\u0137iem un to sasaist\u012b\u0161anu ar valsts pl\u0101no\u0161anas dokumentiem, cilv\u0113kkapit\u0101la noz\u012bmi valsts izaugsm\u0113, sadarb\u012bbu starp zin\u0101tni un uz\u0146\u0113m\u0113jiem, piel\u0101go\u0161anos klimata p\u0101rmai\u0146\u0101m, datu noz\u012bmi l\u0113mumu pie\u0146em\u0161an\u0101, k\u0101 ar\u012b sadarb\u012bbu ar priv\u0101to sektoru, finans\u0113jumu ilgtsp\u0113jai.<\/p>\n<p>          <img decoding=\"async\" src=\"https:\/\/www.europesays.com\/lv\/wp-content\/uploads\/2025\/10\/1761133806_557_logo-lv.png\" alt=\"\"\/><\/p>\n<p>                  \u0160\u012b inform\u0101cija ir publisks pazi\u0146ojums un neatspogu\u013co LV port\u0101la viedokli. Par t\u0101s saturu atbild ies\u016bt\u012bt\u0101js. <a data-popup=\"rules\">Public\u0113\u0161anas noteikumi<\/a><\/p>\n","protected":false},"excerpt":{"rendered":"Latvijas valsts att\u012bst\u012bbas strat\u0113\u0123ijai j\u0101b\u016bt ilgtsp\u0113j\u012bgai, p\u0101rdom\u0101tai un v\u0113rstai uz n\u0101kotni, sac\u012bja Saeimas priek\u0161s\u0113d\u0113t\u0101ja Daiga Mieri\u0146a, piektdien, 31.&hellip;\n","protected":false},"author":2,"featured_media":36388,"comment_status":"","ping_status":"","sticky":false,"template":"","format":"standard","meta":{"footnotes":""},"categories":[5],"tags":[23,28,29,32,33,22,30,31,35,39,38,36,37,34,40,20,26,27,24,25,21],"class_list":{"0":"post-36387","1":"post","2":"type-post","3":"status-publish","4":"format-standard","5":"has-post-thumbnail","7":"category-aktualitates","8":"tag-aktualitates","9":"tag-breaking-news","10":"tag-breakingnews","11":"tag-featured-news","12":"tag-featurednews","13":"tag-headlines","14":"tag-latest-news","15":"tag-latestnews","16":"tag-latvia","17":"tag-latvian","18":"tag-latviesu","19":"tag-latviesu-valoda","20":"tag-latviesuvaloda","21":"tag-latvija","22":"tag-lv","23":"tag-news","24":"tag-popularakas-zinas","25":"tag-popularakaszinas","26":"tag-top-stories","27":"tag-topstories","28":"tag-zinas"},"share_on_mastodon":{"url":"https:\/\/pubeurope.com\/@lv\/115469864420241745","error":""},"_links":{"self":[{"href":"https:\/\/www.europesays.com\/lv\/wp-json\/wp\/v2\/posts\/36387","targetHints":{"allow":["GET"]}}],"collection":[{"href":"https:\/\/www.europesays.com\/lv\/wp-json\/wp\/v2\/posts"}],"about":[{"href":"https:\/\/www.europesays.com\/lv\/wp-json\/wp\/v2\/types\/post"}],"author":[{"embeddable":true,"href":"https:\/\/www.europesays.com\/lv\/wp-json\/wp\/v2\/users\/2"}],"replies":[{"embeddable":true,"href":"https:\/\/www.europesays.com\/lv\/wp-json\/wp\/v2\/comments?post=36387"}],"version-history":[{"count":0,"href":"https:\/\/www.europesays.com\/lv\/wp-json\/wp\/v2\/posts\/36387\/revisions"}],"wp:featuredmedia":[{"embeddable":true,"href":"https:\/\/www.europesays.com\/lv\/wp-json\/wp\/v2\/media\/36388"}],"wp:attachment":[{"href":"https:\/\/www.europesays.com\/lv\/wp-json\/wp\/v2\/media?parent=36387"}],"wp:term":[{"taxonomy":"category","embeddable":true,"href":"https:\/\/www.europesays.com\/lv\/wp-json\/wp\/v2\/categories?post=36387"},{"taxonomy":"post_tag","embeddable":true,"href":"https:\/\/www.europesays.com\/lv\/wp-json\/wp\/v2\/tags?post=36387"}],"curies":[{"name":"wp","href":"https:\/\/api.w.org\/{rel}","templated":true}]}}