{"id":36393,"date":"2025-10-31T17:07:08","date_gmt":"2025-10-31T17:07:08","guid":{"rendered":"https:\/\/www.europesays.com\/lv\/36393\/"},"modified":"2025-10-31T17:07:08","modified_gmt":"2025-10-31T17:07:08","slug":"ukraina-devusi-triecienus-160-krievijas-naftas-industrijas-objektiem-diena","status":"publish","type":"post","link":"https:\/\/www.europesays.com\/lv\/36393\/","title":{"rendered":"Ukraina devusi triecienus 160 Krievijas naftas industrijas objektiem \/ Diena"},"content":{"rendered":"<p>Tikai septembr\u012b un oktobr\u012b Ukrainas armija devusi triecienus 20 Krievijas naftas ieguves un p\u0101rstr\u0101des objektiem, kop\u012bg\u0101 preses konferenc\u0113 ar prezidentu Volodimiru Zelenski nor\u0101d\u012bja Ma\u013cuks.<\/p>\n<p>&#13;<br \/>\n&#13;<\/p>\n<p>Vi\u0146\u0161 preciz\u0113ja, ka t\u0101s ir se\u0161as naftas p\u0101rstr\u0101des r\u016bpn\u012bcas, divi naftas termin\u0101\u013ci, tr\u012bs naftas b\u0101zes un devi\u0146as naftas p\u0101rs\u016bkn\u0113\u0161anas stacijas.<\/p>\n<p>&#13;<br \/>\n&#13;<\/p>\n<p>T\u0101 rezult\u0101t\u0101 37% Krievijas naftas p\u0101rstr\u0101des jaudu atrodas d\u012bkst\u0101v\u0113, un tas izrais\u012bjis 20% lielu defic\u012btu Krievijas iek\u0161\u0113j\u0101 tirg\u016b.<\/p>\n<p>&#13;<br \/>\n&#13;<\/p>\n<blockquote><p>&#13;<\/p>\n<p>&#8220;Naftas ieguve, naftas p\u0101rstr\u0101de &#8211; tas ir 90% Krievijas aizsardz\u012bbas bud\u017eeta,&#8221; uzsv\u0113ra SBU vad\u012bt\u0101js.<\/p>\n<p>&#13;\n<\/p><\/blockquote>\n<p>&#13;<br \/>\n&#13;<\/p>\n<p>Vi\u0146\u0161 ar\u012b pazi\u0146oja, ka kop\u0161 gada s\u0101kuma ukrai\u0146i ir izn\u012bcin\u0101ju\u0161i 48% krievu zen\u012btartil\u0113rijas sist\u0113mu &#8220;Pancir&#8221;, kas ir visefekt\u012bv\u0101kais ierocis pret t\u0101las darb\u012bbas lidrobotiem.<\/p>\n<p>&#13;<br \/>\n&#13;<\/p>\n<p>Ma\u013cuks piebilda, ka Krievija ra\u017eo 30 kompleksus &#8220;Pancir&#8221; gad\u0101 un ka izn\u012bcin\u0101to kompleksu skaits iev\u0113rojami p\u0101rsniedz sara\u017eoto.<\/p>\n<p>&#13;<br \/>\n&#13;<\/p>\n<p>SBU \u0161efs ar\u012b pav\u0113st\u012bja, ka ukrai\u0146u slepenie dienesti Krievijas teritorij\u0101 izn\u012bcin\u0101ju\u0161i vienu no ra\u0137et\u0113m &#8220;Ore\u0161\u0146ik&#8221;. Tas noticis v\u0113l 2023. gada vasar\u0101, kad par \u0161\u012b iero\u010da past\u0101v\u0113\u0161anu v\u0113l nebija publiski pazi\u0146ots.<\/p>\n<p>&#13;<br \/>\n&#13;<\/p>\n<p>Ra\u0137ete izn\u012bcin\u0101ta Kapustinjaras poligon\u0101 Astraha\u0146as apgabal\u0101.<\/p>\n<p>&#13;<br \/>\n&#13;<\/p>\n<p>T\u0101 bijusi viena no trim Krievijas r\u012bc\u012bb\u0101 tolaik eso\u0161aj\u0101m ra\u0137et\u0113m &#8220;Ore\u0161\u0146ik&#8221;, un Zelenskis nor\u0101d\u012bja, ka Krievija gad\u0101 sp\u0113j sara\u017eot se\u0161as \u0161\u0101das ra\u0137etes.<\/p>\n<p>&#13;<\/p>\n","protected":false},"excerpt":{"rendered":"Tikai septembr\u012b un oktobr\u012b Ukrainas armija devusi triecienus 20 Krievijas naftas ieguves un p\u0101rstr\u0101des objektiem, kop\u012bg\u0101 preses konferenc\u0113&hellip;\n","protected":false},"author":2,"featured_media":5501,"comment_status":"","ping_status":"","sticky":false,"template":"","format":"standard","meta":{"footnotes":""},"categories":[14],"tags":[23,57,28,29,32,33,22,30,31,35,39,38,36,37,34,40,20,26,27,24,25,54,55,56,21,58],"class_list":{"0":"post-36393","1":"post","2":"type-post","3":"status-publish","4":"format-standard","5":"has-post-thumbnail","7":"category-zinas-no-arvalstim","8":"tag-aktualitates","9":"tag-arvalstim","10":"tag-breaking-news","11":"tag-breakingnews","12":"tag-featured-news","13":"tag-featurednews","14":"tag-headlines","15":"tag-latest-news","16":"tag-latestnews","17":"tag-latvia","18":"tag-latvian","19":"tag-latviesu","20":"tag-latviesu-valoda","21":"tag-latviesuvaloda","22":"tag-latvija","23":"tag-lv","24":"tag-news","25":"tag-popularakas-zinas","26":"tag-popularakaszinas","27":"tag-top-stories","28":"tag-topstories","29":"tag-world","30":"tag-world-news","31":"tag-worldnews","32":"tag-zinas","33":"tag-zinas-no-arvalstim"},"share_on_mastodon":{"url":"https:\/\/pubeurope.com\/@lv\/115469880060761888","error":""},"_links":{"self":[{"href":"https:\/\/www.europesays.com\/lv\/wp-json\/wp\/v2\/posts\/36393","targetHints":{"allow":["GET"]}}],"collection":[{"href":"https:\/\/www.europesays.com\/lv\/wp-json\/wp\/v2\/posts"}],"about":[{"href":"https:\/\/www.europesays.com\/lv\/wp-json\/wp\/v2\/types\/post"}],"author":[{"embeddable":true,"href":"https:\/\/www.europesays.com\/lv\/wp-json\/wp\/v2\/users\/2"}],"replies":[{"embeddable":true,"href":"https:\/\/www.europesays.com\/lv\/wp-json\/wp\/v2\/comments?post=36393"}],"version-history":[{"count":0,"href":"https:\/\/www.europesays.com\/lv\/wp-json\/wp\/v2\/posts\/36393\/revisions"}],"wp:featuredmedia":[{"embeddable":true,"href":"https:\/\/www.europesays.com\/lv\/wp-json\/wp\/v2\/media\/5501"}],"wp:attachment":[{"href":"https:\/\/www.europesays.com\/lv\/wp-json\/wp\/v2\/media?parent=36393"}],"wp:term":[{"taxonomy":"category","embeddable":true,"href":"https:\/\/www.europesays.com\/lv\/wp-json\/wp\/v2\/categories?post=36393"},{"taxonomy":"post_tag","embeddable":true,"href":"https:\/\/www.europesays.com\/lv\/wp-json\/wp\/v2\/tags?post=36393"}],"curies":[{"name":"wp","href":"https:\/\/api.w.org\/{rel}","templated":true}]}}