{"id":36406,"date":"2025-10-31T17:33:06","date_gmt":"2025-10-31T17:33:06","guid":{"rendered":"https:\/\/www.europesays.com\/lv\/36406\/"},"modified":"2025-10-31T17:33:06","modified_gmt":"2025-10-31T17:33:06","slug":"svinot-latvijas-radio-simtgadi-ierakstitas-simts-jaunas-vakara-pasacinas-raksts","status":"publish","type":"post","link":"https:\/\/www.europesays.com\/lv\/36406\/","title":{"rendered":"Svinot Latvijas Radio simtgadi, ierakst\u012btas simts jaunas vakara pasaci\u0146as \/ Raksts"},"content":{"rendered":"<p>Sagaidot Latvijas Radio simtgadi, klaus\u012bt\u0101ju iem\u012b\u013cot\u0101 Radiote\u0101tra veidot\u0101ji atkl\u0101j \u2013\u00a0gatavojoties simtajai jubilejai, ierakst\u012btas simts jaunas <a href=\"https:\/\/lr1.lsm.lv\/lv\/lr1\/raidijumi\/labu-nakti\/\" target=\"_blank\" rel=\"nofollow noopener\">vakara pasaci\u0146as<\/a>. Gadu gait\u0101 vakara pasaci\u0146a k\u013cuvusi par vienu no le\u0123end\u0101r\u0101kaj\u0101m Latvijas Radio p\u0101rraid\u0113m.<\/p>\n<p style=\"margin-left:0cm; margin-right:0cm\">Latvijas Radio Radiote\u0101tra vad\u012bt\u0101ja\u00a0M\u0101ra Egl\u012bte st\u0101sta:<\/p>\n<blockquote>\n<p style=\"margin-left:0cm; margin-right:0cm\">&#8220;Uz jubileju m\u0113s vienoj\u0101mies, ka radio darbinieki, ar\u012b biju\u0161ie, vecie, jaunie, b\u016bt\u012bb\u0101 da\u017e\u0101di \u2013\u00a0ne tikai tie, kas iet pie mikrofona, bet ar\u012b tehniskie \u013caudis mums ir ielas\u012bju\u0161i. (..)<\/p>\n<\/blockquote>\n<p style=\"margin-left:0cm; margin-right:0cm\">Galvenais atrast to pareizo st\u012bgu, kas katram der.&#8221;<\/p>\n<p style=\"margin-left:0cm; margin-right:0cm\">Latvijas Radio Radiote\u0101tra redaktore\u00a0Nora Micpapa papildina: &#8220;M\u0113s visi svin\u0113sim Latvijas Radio simt gadu jubileju, bet sv\u0113tki ir ne tikai \u0161aj\u0101 konkr\u0113taj\u0101 datum\u0101.\u00a0Ar\u012b visa gatavo\u0161an\u0101s sv\u0113tkiem ir \u013coti svar\u012bga, un mums \u0161oreiz gatavo\u0161an\u0101s ir bijusi ilga un\u00a0\u013coti pat\u012bkama ar pasaku ierun\u0101\u0161anu. Paldies visiem m\u016bsu kol\u0113\u0123iem!&#8221;<\/p>\n<p style=\"margin-left:0cm; margin-right:0cm\">Latvijas Radio Multimediju da\u013cas vad\u012bt\u0101ja\u00a0Jurita Kr\u016bma atkl\u0101j: &#8220;Mana pirm\u0101 saikne ar radio bija, kad es uzvar\u0113ju Latvijas Radio &#8220;Facebook&#8221; r\u012bkotaj\u0101 konkurs\u0101, kur vi\u0146i izsludin\u0101ja, ka mekl\u0113 pasaku ierun\u0101t\u0101ju, un t\u0101 bija mana pirm\u0101 saskarsme ar radio. Tagad, kop\u0161 str\u0101d\u0101ju \u0161eit, bija t\u0101da atgrie\u0161an\u0101s mirkl\u012b, kad es toreiz ierun\u0101ju \u2013\u00a0t\u0101 bija T\u016bves Jansones &#8220;Pasaka par p\u0113d\u0113jo p\u016b\u0137i pasaul\u0113&#8221;. (..)<\/p>\n<blockquote>\n<p style=\"margin-left:0cm; margin-right:0cm\">Latvijas Radio klaus\u012bt\u0101ji var\u0113s baud\u012bt Imanta Ziedo\u0146a pasaku, kur\u0101 &#8220;Dzen un piedzen&#8221;; \u0161o pasaku man Radiote\u0101tris \u013c\u0101va izv\u0113l\u0113ties pa\u0161ai. Un Ziedo\u0146a darin\u0101jumu izv\u0113l\u0113jos t\u0101d\u0113\u013c, ka man Ziedonis pa\u0161ai \u0101rk\u0101rt\u012bgi simpatiz\u0113.&#8221;<\/p>\n<\/blockquote>\n<p style=\"margin-left:0cm; margin-right:0cm\">Latvijas Radio darbinieku ielas\u012bt\u0101s pasakas \u0113ter\u0101 skan jau kop\u0161 vasaras.<\/p>\n<p style=\"margin-left:0cm; margin-right:0cm\">&#8220;M\u0113s s\u0101k\u0101m raid\u012bt m\u016bsu cilv\u0113ku, radio cilv\u0113ku, ierun\u0101t\u0101s pasakas jau j\u016blij\u0101, s\u0101k\u0101m ar Arno Jundzes pasak\u0101m &#8220;Virtuves pasaci\u0146as&#8221; un l\u012bdz pat m\u016bsu jubilejai, k\u0101 ar\u012b\u00a0v\u0113l p\u0113c jubilejas\u00a0pasakas skan\u0113s\u00a0tikai Latvijas Radio darbinieku bals\u012bs,&#8221; atkl\u0101j Nora Micpapa.<\/p>\n<p style=\"margin-left:0cm; margin-right:0cm\">Latvijas Radio Ska\u0146u ierakstu da\u013cas vad\u012bt\u0101js\u00a0M\u0101ris Brie\u017ekalns st\u0101sta: &#8220;Tas ir \u013coti v\u0113rt\u012bgi, ka ne tikai aktieri, kas lasa ar izteiksmi, bet ka to lasa cilv\u0113ki, kas atgrie\u017eas sav\u0101 b\u0113rn\u012bb\u0101, lasot pasaku. Tu vari caur pasakas las\u012b\u0161anu atgriezties taj\u0101 vienk\u0101r\u0161\u012bb\u0101, taj\u0101 dv\u0113seles t\u012br\u012bb\u0101, tas ir \u013coti v\u0113rt\u012bgi, it sevi\u0161\u0137i, kad lasa da\u017e\u0101di cilv\u0113ki. T\u0101 man\u00a0visp\u0101r\u00a0\u0161\u0137iet viena no v\u0113rt\u012bg\u0101kaj\u0101m programm\u0101m, kas ir.\u00a0<\/p>\n<blockquote>\n<p style=\"margin-left:0cm; margin-right:0cm\">Radio visp\u0101r ir super medijs, kas\u00a0atver cilv\u0113kam to fant\u0101ziju pasauli, cits l\u012bmenis s\u0101k str\u0101d\u0101t, kas ir t\u0101 fant\u0101zija, un pasaci\u0146a ir viena no t\u0101m, kas tevi motiv\u0113 dom\u0101t.&#8221;<\/p>\n<\/blockquote>\n<p style=\"margin-left:0cm; margin-right:0cm\">R\u012bt, 1. novembra vakar\u0101, Latvijas Radio 1 \u0113ter\u0101 klaus\u012bt\u0101jus gaida p\u0101rsteigums, nor\u0101da Nora Micpapa: &#8220;Run\u0101jot tie\u0161i par sv\u0113tku dienu, 1. novembr\u012b\u00a0mums b\u016bs \u012bpa\u0161s pasaku teic\u0113js \u2013 tas b\u016bs m\u016bsu valsts prezidents Edgars Rink\u0113vi\u010ds. Liels paldies vi\u0146am par atsauc\u012bbu, t\u0101 mums tie\u0161\u0101m ir skaista d\u0101vana \u2013 gan Latvijas Radio, gan Radiote\u0101trim.&#8221;<\/p>\n<p>                    Valodas k\u013c\u016bda rakst\u0101?<\/p>\n<p class=\"d-none d-md-block\">Iez\u012bm\u0113jiet tekstu un spiediet Ctrl+Enter, lai nos\u016bt\u012btu labojamo teksta fragmentu redaktoram! Par faktu k\u013c\u016bd\u0101m l\u016bdzam zi\u0146ot e-past\u0101 <a href=\"https:\/\/www.lsm.lv\/cdn-cgi\/l\/email-protection\" class=\"__cf_email__\" data-cfemail=\"9ceef9f8fdf7fff5f6fddcf0eff1b2f0ea\" rel=\"nofollow noopener\" target=\"_blank\">[email\u00a0protected]<\/a>.<\/p>\n<p class=\"d-md-none\">Iez\u012bm\u0113jiet tekstu un spiediet uz Zi\u0146ot par k\u013c\u016bdu pogas, lai nos\u016bt\u012btu labojamo teksta fragmentu redaktoram!<\/p>\n<p>\n                    Zi\u0146ot par k\u013c\u016bdu\n                <\/p>\n","protected":false},"excerpt":{"rendered":"Sagaidot Latvijas Radio simtgadi, klaus\u012bt\u0101ju iem\u012b\u013cot\u0101 Radiote\u0101tra veidot\u0101ji atkl\u0101j \u2013\u00a0gatavojoties simtajai jubilejai, ierakst\u012btas simts jaunas vakara pasaci\u0146as. Gadu&hellip;\n","protected":false},"author":2,"featured_media":36407,"comment_status":"","ping_status":"","sticky":false,"template":"","format":"standard","meta":{"footnotes":""},"categories":[5],"tags":[23,28,29,32,33,22,30,31,35,39,38,36,37,34,40,20,26,27,24,25,21],"class_list":{"0":"post-36406","1":"post","2":"type-post","3":"status-publish","4":"format-standard","5":"has-post-thumbnail","7":"category-aktualitates","8":"tag-aktualitates","9":"tag-breaking-news","10":"tag-breakingnews","11":"tag-featured-news","12":"tag-featurednews","13":"tag-headlines","14":"tag-latest-news","15":"tag-latestnews","16":"tag-latvia","17":"tag-latvian","18":"tag-latviesu","19":"tag-latviesu-valoda","20":"tag-latviesuvaloda","21":"tag-latvija","22":"tag-lv","23":"tag-news","24":"tag-popularakas-zinas","25":"tag-popularakaszinas","26":"tag-top-stories","27":"tag-topstories","28":"tag-zinas"},"share_on_mastodon":{"url":"https:\/\/pubeurope.com\/@lv\/115469982319892094","error":""},"_links":{"self":[{"href":"https:\/\/www.europesays.com\/lv\/wp-json\/wp\/v2\/posts\/36406","targetHints":{"allow":["GET"]}}],"collection":[{"href":"https:\/\/www.europesays.com\/lv\/wp-json\/wp\/v2\/posts"}],"about":[{"href":"https:\/\/www.europesays.com\/lv\/wp-json\/wp\/v2\/types\/post"}],"author":[{"embeddable":true,"href":"https:\/\/www.europesays.com\/lv\/wp-json\/wp\/v2\/users\/2"}],"replies":[{"embeddable":true,"href":"https:\/\/www.europesays.com\/lv\/wp-json\/wp\/v2\/comments?post=36406"}],"version-history":[{"count":0,"href":"https:\/\/www.europesays.com\/lv\/wp-json\/wp\/v2\/posts\/36406\/revisions"}],"wp:featuredmedia":[{"embeddable":true,"href":"https:\/\/www.europesays.com\/lv\/wp-json\/wp\/v2\/media\/36407"}],"wp:attachment":[{"href":"https:\/\/www.europesays.com\/lv\/wp-json\/wp\/v2\/media?parent=36406"}],"wp:term":[{"taxonomy":"category","embeddable":true,"href":"https:\/\/www.europesays.com\/lv\/wp-json\/wp\/v2\/categories?post=36406"},{"taxonomy":"post_tag","embeddable":true,"href":"https:\/\/www.europesays.com\/lv\/wp-json\/wp\/v2\/tags?post=36406"}],"curies":[{"name":"wp","href":"https:\/\/api.w.org\/{rel}","templated":true}]}}