{"id":36408,"date":"2025-10-31T17:38:12","date_gmt":"2025-10-31T17:38:12","guid":{"rendered":"https:\/\/www.europesays.com\/lv\/36408\/"},"modified":"2025-10-31T17:38:12","modified_gmt":"2025-10-31T17:38:12","slug":"silina-norada-ka-koalicijas-partneriem-zzs-bus-jaatbild-par-sabiedribas-pievilsanu-jauns-lv","status":"publish","type":"post","link":"https:\/\/www.europesays.com\/lv\/36408\/","title":{"rendered":"Sili\u0146a nor\u0101da, ka koal\u012bcijas partneriem ZZS b\u016bs j\u0101atbild par sabiedr\u012bbas pievil\u0161anu &#8211; Jauns.lv"},"content":{"rendered":"<ol>\n<li><a href=\"https:\/\/news.google.com\/rss\/articles\/CBMiuwFBVV95cUxOcGpCMmgzMzJyUEhpQm8wTDV1czdfLVdfLTdNaFVNenJQR0sySTI4aWJONF9zODhUdXpuZDhOQU5vWWg1dU5sbERTSGxzcXdFWk5BdzJPRnZkQ1pOOHdmTmZadXlrMGs3bEFwdUU5N21HdmJMRy1VMzREVWJWZi1TZ3VmM1plQm96ajlMcVVFenpoZFRzaFA2SnNkN0czb0dVRHV1ZlVQVi1iRFpSNGRpajBoVzhvaXRyQlJ3?oc=5\" target=\"_blank\" rel=\"nofollow noopener\">Sili\u0146a nor\u0101da, ka koal\u012bcijas partneriem ZZS b\u016bs j\u0101atbild par sabiedr\u012bbas pievil\u0161anu<\/a>&nbsp;&nbsp;Jauns.lv<\/li>\n<li><a href=\"https:\/\/news.google.com\/rss\/articles\/CBMi5AFBVV95cUxNYjZ1MmpLWkpsWTZKNW84Um1pNld2eVlMQ2hyM0w5OEF1VTZVTm1FMHFKMUJrRjRUTTFyZTVmaVJrY0NVdDdYQVYyRVhaWU9ZSTEyWXNFX1ptajFwTkRCUEtOdnEzWlg3aEtkYklxcENCM1dYSWpqV0REZUIxMUlTb1V0Tkhya0s2WGpIcmxsS0w1UDg5ZFpmbV9lcE5SQzl5Zm1RaXhMTmlTQXBhZldVRmRqUkJOMXhKSkQwejl6cDNXVy15c0E2NDNld0YtbEIxdGlVdXVmOEo5Yk02bUNaeUtXaDg?oc=5\" target=\"_blank\" rel=\"nofollow noopener\">Vai koal\u012bcij\u0101 viss k\u0101rt\u012bb\u0101? P\u0113c l\u0113muma par Stambulas konvenciju partneru redz\u0113jums at\u0161\u0137iras<\/a>&nbsp;&nbsp;LSM<\/li>\n<li><a href=\"https:\/\/news.google.com\/rss\/articles\/CBMiwgFBVV95cUxPRVM2WXJ6VzBWcU5aVWp5SF9DeWE3b3JIb0FyTTdCNWxad0VHOUEyUVNDSktsUlIwQ1hpOTZaRVRXaXlRcmZLOFEwU2R0OVhrWmZ6ZTZpTFBxakdOYVZ6N0lBZHM2WjZMQ0lQSjVXZHdvQUFuR3pidTc3Z0tWX0xWTHpKM0lkQzJWZTZXUG5rcVQ2ZzN6eEtWZEt5UzBhU0pHVFhwdm1HNmdVcjlkNUxLUVNGQmQzQl9VUkU5NUZEaHlQdw?oc=5\" target=\"_blank\" rel=\"nofollow noopener\">ZZS b\u016bs j\u0101atbild par koal\u012bcijas partneru un sabiedr\u012bbas pievil\u0161anu, uzsver Sili\u0146a<\/a>&nbsp;&nbsp;Delfi<\/li>\n<li><a href=\"https:\/\/news.google.com\/rss\/articles\/CBMihAFBVV95cUxNS0FiQ3N4ekEzb1FJZUZQZ0s0Zjg2X1M4MUwyX1hwQ3VuSXRUdk9VN3Q2TFJBUDRHM2I4TGxDX2p2RGhUZHZuclBLWU82ZFkxSW0yZWJrR042OHZUX2ZpVTFZTkttc21Dd1F5MXNvUFR2cDRUU0tEVnFBbnhJYVA1ZnFxUWo?oc=5\" target=\"_blank\" rel=\"nofollow noopener\">Premjere: ZZS r\u012bc\u012bba ir k\u0101 laul\u012bb\u0101 veikti s\u0101nso\u013ci<\/a>&nbsp;&nbsp;Apollo.lv<\/li>\n<li><a href=\"https:\/\/news.google.com\/rss\/articles\/CBMiwAFBVV95cUxPdDk4MWlOTHRtLVNGOVB2OHZVdlhVbm1pU2wtNGFHOFBTRjlGNlNZbGlZNnF3RnZPMWRsRzd3N3pNREJPV3hVZGZINFFTTEcwZk5jcDdLRm10Z1ZXdGdFVld6RklNTUlGZ3FtQW56VDFxRGQyV2dZaXpPeGtyZEFWcVZxM0NZZ2h5Nnd1cktlaExFOVFEVE9Za0pEUHVOR3d3alpFUmhxdGhwZUFjM2RJYngzUS1NcF9UYVhlb1J5azM?oc=5\" target=\"_blank\" rel=\"nofollow noopener\">Brigmanis: ZZS patlaban netais\u0101s ar nevienu citu politisko sp\u0113ku veidot jaunu koal\u012bciju<\/a>&nbsp;&nbsp;Jauns.lv<\/li>\n<\/ol>\n","protected":false},"excerpt":{"rendered":"Sili\u0146a nor\u0101da, ka koal\u012bcijas partneriem ZZS b\u016bs j\u0101atbild par sabiedr\u012bbas pievil\u0161anu&nbsp;&nbsp;Jauns.lv Vai koal\u012bcij\u0101 viss k\u0101rt\u012bb\u0101? P\u0113c l\u0113muma par&hellip;\n","protected":false},"author":2,"featured_media":36409,"comment_status":"","ping_status":"","sticky":false,"template":"","format":"standard","meta":{"footnotes":""},"categories":[12],"tags":[23,28,29,32,33,22,30,31,35,39,38,36,37,34,40,20,26,27,24,25,21],"class_list":{"0":"post-36408","1":"post","2":"type-post","3":"status-publish","4":"format-standard","5":"has-post-thumbnail","7":"category-latvija","8":"tag-aktualitates","9":"tag-breaking-news","10":"tag-breakingnews","11":"tag-featured-news","12":"tag-featurednews","13":"tag-headlines","14":"tag-latest-news","15":"tag-latestnews","16":"tag-latvia","17":"tag-latvian","18":"tag-latviesu","19":"tag-latviesu-valoda","20":"tag-latviesuvaloda","21":"tag-latvija","22":"tag-lv","23":"tag-news","24":"tag-popularakas-zinas","25":"tag-popularakaszinas","26":"tag-top-stories","27":"tag-topstories","28":"tag-zinas"},"share_on_mastodon":{"url":"https:\/\/pubeurope.com\/@lv\/115470002087154855","error":""},"_links":{"self":[{"href":"https:\/\/www.europesays.com\/lv\/wp-json\/wp\/v2\/posts\/36408","targetHints":{"allow":["GET"]}}],"collection":[{"href":"https:\/\/www.europesays.com\/lv\/wp-json\/wp\/v2\/posts"}],"about":[{"href":"https:\/\/www.europesays.com\/lv\/wp-json\/wp\/v2\/types\/post"}],"author":[{"embeddable":true,"href":"https:\/\/www.europesays.com\/lv\/wp-json\/wp\/v2\/users\/2"}],"replies":[{"embeddable":true,"href":"https:\/\/www.europesays.com\/lv\/wp-json\/wp\/v2\/comments?post=36408"}],"version-history":[{"count":0,"href":"https:\/\/www.europesays.com\/lv\/wp-json\/wp\/v2\/posts\/36408\/revisions"}],"wp:featuredmedia":[{"embeddable":true,"href":"https:\/\/www.europesays.com\/lv\/wp-json\/wp\/v2\/media\/36409"}],"wp:attachment":[{"href":"https:\/\/www.europesays.com\/lv\/wp-json\/wp\/v2\/media?parent=36408"}],"wp:term":[{"taxonomy":"category","embeddable":true,"href":"https:\/\/www.europesays.com\/lv\/wp-json\/wp\/v2\/categories?post=36408"},{"taxonomy":"post_tag","embeddable":true,"href":"https:\/\/www.europesays.com\/lv\/wp-json\/wp\/v2\/tags?post=36408"}],"curies":[{"name":"wp","href":"https:\/\/api.w.org\/{rel}","templated":true}]}}