{"id":36414,"date":"2025-10-31T17:47:16","date_gmt":"2025-10-31T17:47:16","guid":{"rendered":"https:\/\/www.europesays.com\/lv\/36414\/"},"modified":"2025-10-31T17:47:16","modified_gmt":"2025-10-31T17:47:16","slug":"diskvalificeti-149-futbola-tiesnesi-likmju-izdarisanas-skandals-turcija-uznem-apgriezienus","status":"publish","type":"post","link":"https:\/\/www.europesays.com\/lv\/36414\/","title":{"rendered":"Diskvalific\u0113ti 149 futbola tiesne\u0161i \u2013 likmju izdar\u012b\u0161anas skand\u0101ls Turcij\u0101 uz\u0146em apgriezienus"},"content":{"rendered":"<p>Turcijas futbola feder\u0101ciju (TFF) satricin\u0101jis milz\u012bgs skand\u0101ls \u2013 piektdien feder\u0101cijas Disciplin\u0101r\u0101 padome pazi\u0146oja, ka uz laiku diskvalific\u0113jusi 149 tiesne\u0161us, kuri iesaist\u012bti sporta likmju izdar\u012b\u0161anas liet\u0101. Soda termi\u0146i sv\u0101rst\u0101s no asto\u0146iem l\u012bdz 12 m\u0113ne\u0161iem, un izmekl\u0113\u0161ana joproj\u0101m turpin\u0101s attiec\u012bb\u0101 uz v\u0113l trim amatperson\u0101m, raksta starptautiskie mediji.<\/p>\n<p>\u0160\u012b ned\u0113\u013ca Turcijas futbol\u0101 s\u0101k\u0101s ar skandaloz\u0101m zi\u0146\u0101m \u2013 TFF pazi\u0146oja, ka no 571 akt\u012bvajiem tiesne\u0161iem 371 izveidoti konti likmju izdar\u012b\u0161anas vietn\u0113s, <a rel=\"noopener follow nofollow\" target=\"_blank\" href=\"https:\/\/www.delfi.lv\/sports\/16978250\/futbols\/120093002\/krize-turcijas-futbola-152-tiesnesi-iesaistiti-likmju-izdarisanas-skandala\" data-rel-date-range=\"[]\">bet 152 no vi\u0146iem regul\u0101ri veic likmes.<\/a><\/p>\n<p>Feder\u0101cijas prezidents Ibrahims Had\u017eiosmanoglu preses konferenc\u0113 pauda sa\u0161utumu par notiku\u0161o, nod\u0113v\u0113jot to par &#8220;neticamu apkaunojumu&#8221;.<\/p>\n<p>&#8220;Turcijas futbola reput\u0101cija balst\u0101s uz darba sv\u0113tumu laukum\u0101 un taisn\u012bguma neaizskaram\u012bbu,&#8221; sac\u012bja Had\u017eiosmanoglu. &#8220;Ikviens, kas \u0161\u012bs v\u0113rt\u012bbas nodod, ne tikai p\u0101rk\u0101pj noteikumus \u2013 vi\u0146\u0161 nodod uztic\u012bbu.&#8221;<\/p>\n<p>Vi\u0146\u0161 piebilda, ka 10 tiesne\u0161i veiku\u0161i vair\u0101k nek\u0101 10 000 likmju katrs, bet viens no vi\u0146iem \u2014 18 277 likmes. Pa\u0161laik gan nav apstiprin\u0101ts, vai k\u0101ds no sod\u012btajiem tiesne\u0161iem veicis likmes uz sp\u0113l\u0113m, kuras pats ties\u0101jis, vai m\u0113\u0123in\u0101jis ietekm\u0113t rezult\u0101tus.<\/p>\n<p>TFF vad\u012bt\u0101js sav\u0101 pazi\u0146ojum\u0101 pauda, ka tiesne\u0161u r\u012bc\u012bba ir &#8220;sirdsapzi\u0146u ievainojo\u0161a un taisn\u012bgumu saind\u0113jo\u0161a&#8221;.<\/p>\n<p>&#8220;Futbola sv\u0113t\u0101 robe\u017ea nav sp\u0113\u013cu laukums kaut k\u0101dai personiskai pe\u013c\u0146ai. Ties\u0101\u0161ana ir goda profesija. Un tas, kur\u0161 \u0161o godu aptraipa, neatkar\u012bgi no v\u0101rda vai statusa, vairs nekad nepiedal\u012bsies Turcijas futbol\u0101,&#8221; uzsv\u0113ra Had\u017eiosmanoglu.<\/p>\n<p>TFF prezidents ar\u012b pazi\u0146oja, ka feder\u0101cija piln\u012bb\u0101 sadarbojas ar Stambulas galven\u0101s prokurat\u016bras biroju, kas kop\u0161 apr\u012b\u013ca izmekl\u0113 iesp\u0113jamu ma\u010du sarun\u0101\u0161anu un saist\u012btos finan\u0161u dar\u012bjumus.<\/p>\n<p>Neskatoties uz skand\u0101lu, Turcijas Superl\u012bgas \u010dempion\u0101ts turpin\u0101s bez p\u0101rtraukuma, ta\u010du feder\u0101cija aicin\u0101jusi sabiedr\u012bbu un klubus atbalst\u012bt tos tiesne\u0161us, kuri &#8220;goda un darba&#8221; ietvaros joproj\u0101m uztur sp\u0113les taisn\u012bgumu.<\/p>\n<p>T\u0101 ir viena no liel\u0101kaj\u0101m disciplin\u0101raj\u0101m liet\u0101m Eiropas futbol\u0101 p\u0113d\u0113jo gadu laik\u0101. Turcijas mediji zi\u0146o, ka sabiedr\u012bbas reakcija ir asu nosod\u012bjumu pilna \u2013 gan pret feder\u0101ciju, kas p\u0101r\u0101k ilgi klus\u0113jusi, gan pret tiesne\u0161iem, kuru r\u012bc\u012bba ap\u0113no uztic\u012bbu visam futbola meh\u0101nismam.<\/p>\n<p>Had\u017eiosmanoglu nor\u0101d\u012bja, ka feder\u0101cija ievies\u012bs jaunus \u0113tikas noteikumus, tostarp regul\u0101ras finan\u0161u p\u0101rbaudes un piln\u012bgu caursp\u012bd\u012bbu tiesne\u0161u darb\u012bb\u0101.<\/p>\n<p>&#8220;Mums ir j\u0101att\u012bra futbola pamati. Katrs, kas kalpo sp\u0113lei, kalpo ar\u012b sabiedr\u012bbas uztic\u012bbai,&#8221; vi\u0146\u0161 piebilda.<\/p>\n<p class=\"m-0\">Seko &#8220;Delfi&#8221; ar\u012b  <a target=\"_blank\" href=\"https:\/\/www.instagram.com\/delfi.lv\/\" rel=\"nofollow noopener\">Instagram<\/a>  un <a target=\"_blank\" href=\"https:\/\/www.youtube.com\/channel\/UCw5foWtcJvAbUm64rv7jwUQ\" rel=\"nofollow noopener\">YouTube<\/a>  profil\u0101 \u2013 pievienojies, lai uzzin\u0101tu svar\u012bg\u0101ko un interesant\u0101ko pirmais!<\/p>\n<p>Publik\u0101cijas saturs vai t\u0101s jebk\u0101da apjoma da\u013ca ir aizsarg\u0101ts autorties\u012bbu objekts Autorties\u012bbu likuma izpratn\u0113, un t\u0101 izmanto\u0161ana bez izdev\u0113ja at\u013caujas ir aizliegta. Vair\u0101k lasi  <a target=\"_blank\" href=\"https:\/\/www.delfi.lv\/noteikumi#autortiesibas\" rel=\"nofollow noopener\">\u0161eit<\/a><script async src=\"\/\/www.instagram.com\/embed.js\"><\/script><\/p>\n","protected":false},"excerpt":{"rendered":"Turcijas futbola feder\u0101ciju (TFF) satricin\u0101jis milz\u012bgs skand\u0101ls \u2013 piektdien feder\u0101cijas Disciplin\u0101r\u0101 padome pazi\u0146oja, ka uz laiku diskvalific\u0113jusi 149&hellip;\n","protected":false},"author":2,"featured_media":36415,"comment_status":"","ping_status":"","sticky":false,"template":"","format":"standard","meta":{"footnotes":""},"categories":[17],"tags":[676,35,39,38,36,37,34,40,67,2380],"class_list":{"0":"post-36414","1":"post","2":"type-post","3":"status-publish","4":"format-standard","5":"has-post-thumbnail","7":"category-sports","8":"tag-futbols","9":"tag-latvia","10":"tag-latvian","11":"tag-latviesu","12":"tag-latviesu-valoda","13":"tag-latviesuvaloda","14":"tag-latvija","15":"tag-lv","16":"tag-sports","17":"tag-turcija"},"share_on_mastodon":{"url":"https:\/\/pubeurope.com\/@lv\/115470037363332278","error":""},"_links":{"self":[{"href":"https:\/\/www.europesays.com\/lv\/wp-json\/wp\/v2\/posts\/36414","targetHints":{"allow":["GET"]}}],"collection":[{"href":"https:\/\/www.europesays.com\/lv\/wp-json\/wp\/v2\/posts"}],"about":[{"href":"https:\/\/www.europesays.com\/lv\/wp-json\/wp\/v2\/types\/post"}],"author":[{"embeddable":true,"href":"https:\/\/www.europesays.com\/lv\/wp-json\/wp\/v2\/users\/2"}],"replies":[{"embeddable":true,"href":"https:\/\/www.europesays.com\/lv\/wp-json\/wp\/v2\/comments?post=36414"}],"version-history":[{"count":0,"href":"https:\/\/www.europesays.com\/lv\/wp-json\/wp\/v2\/posts\/36414\/revisions"}],"wp:featuredmedia":[{"embeddable":true,"href":"https:\/\/www.europesays.com\/lv\/wp-json\/wp\/v2\/media\/36415"}],"wp:attachment":[{"href":"https:\/\/www.europesays.com\/lv\/wp-json\/wp\/v2\/media?parent=36414"}],"wp:term":[{"taxonomy":"category","embeddable":true,"href":"https:\/\/www.europesays.com\/lv\/wp-json\/wp\/v2\/categories?post=36414"},{"taxonomy":"post_tag","embeddable":true,"href":"https:\/\/www.europesays.com\/lv\/wp-json\/wp\/v2\/tags?post=36414"}],"curies":[{"name":"wp","href":"https:\/\/api.w.org\/{rel}","templated":true}]}}