{"id":36416,"date":"2025-10-31T17:57:11","date_gmt":"2025-10-31T17:57:11","guid":{"rendered":"https:\/\/www.europesays.com\/lv\/36416\/"},"modified":"2025-10-31T17:57:11","modified_gmt":"2025-10-31T17:57:11","slug":"patriotu-menesi-ievada-ar-lapu-gajienu-par-godu-neatkaribas-cinu-dalibniekiem","status":"publish","type":"post","link":"https:\/\/www.europesays.com\/lv\/36416\/","title":{"rendered":"Patriotu m\u0113nesi ievada ar l\u0101pu g\u0101jienu par godu neatkar\u012bbas c\u012b\u0146u dal\u012bbniekiem"},"content":{"rendered":"<p>\u0160odien ar 1919.gada Neatkar\u012bbas c\u012b\u0146u dal\u012bbnieku piemi\u0146as pas\u0101kumu Sudrabkalni\u0146\u0101 ievad\u012bts Patriotu m\u0113nesis. \u0160ogad jau ceturto reizi notiek l\u0101pu g\u0101jiens un svin\u012bg\u0101 ceremonija, kas velt\u012bta pils\u0113tas aizst\u0101vjiem jeb 6. R\u012bgas k\u0101jnieku pulka karav\u012briem.<\/p>\n<p>Dal\u012bbnieki l\u0101pu g\u0101jien\u0101 dev\u0101s no Autotanku pulka pieminek\u013ca Pulka un Slokas ielas krustojum\u0101. 2,5 kilometrus garais ce\u013c\u0161 uz Sudrabkalni\u0146u Slokas iel\u0101 pie Kurzemes prospekta simboliski ataino karav\u012bru ce\u013cu no kazarm\u0101m uz kaujas vietu 1919.gada novembr\u012b. L\u0101pu g\u0101jienu pavad\u012bja muzik\u0101ls priek\u0161nesums ar l\u012bdzdzied\u0101\u0161anu.<\/p>\n<p>Pie pieminek\u013ca pils\u0113tas aizst\u0101vjiem Sudrabkalni\u0146\u0101 notika svin\u012bg\u0101 piemi\u0146as ceremonija, kur\u0101 godin\u0101ja neatkar\u012bbas c\u012b\u0146u varo\u0146us. Pas\u0101kumu kuplin\u0101ja Nacion\u0101lo Bru\u0146oto sp\u0113ku or\u0137estra priek\u0161nesumi.<\/p>\n<p>Ikviens aicin\u0101ts Patriotu m\u0113nes\u012b pie ap\u0123\u0113rba piespraust sarkanbaltsarkanu lent\u012bti k\u0101 cie\u0146as un pieder\u012bbas simbolu.<\/p>\n","protected":false},"excerpt":{"rendered":"\u0160odien ar 1919.gada Neatkar\u012bbas c\u012b\u0146u dal\u012bbnieku piemi\u0146as pas\u0101kumu Sudrabkalni\u0146\u0101 ievad\u012bts Patriotu m\u0113nesis. \u0160ogad jau ceturto reizi notiek l\u0101pu&hellip;\n","protected":false},"author":2,"featured_media":36417,"comment_status":"","ping_status":"","sticky":false,"template":"","format":"standard","meta":{"footnotes":""},"categories":[5],"tags":[129,10669,23,28,29,32,33,22,30,31,35,39,38,36,37,34,40,20,26,27,10670,10671,24,25,21],"class_list":{"0":"post-36416","1":"post","2":"type-post","3":"status-publish","4":"format-standard","5":"has-post-thumbnail","7":"category-aktualitates","8":"tag-__typenameadvicekeyword","9":"tag-id1343","10":"tag-aktualitates","11":"tag-breaking-news","12":"tag-breakingnews","13":"tag-featured-news","14":"tag-featurednews","15":"tag-headlines","16":"tag-latest-news","17":"tag-latestnews","18":"tag-latvia","19":"tag-latvian","20":"tag-latviesu","21":"tag-latviesu-valoda","22":"tag-latviesuvaloda","23":"tag-latvija","24":"tag-lv","25":"tag-news","26":"tag-popularakas-zinas","27":"tag-popularakaszinas","28":"tag-slugpatriotisms","29":"tag-titlepatriotisms","30":"tag-top-stories","31":"tag-topstories","32":"tag-zinas"},"share_on_mastodon":{"url":"https:\/\/pubeurope.com\/@lv\/115470076725323189","error":""},"_links":{"self":[{"href":"https:\/\/www.europesays.com\/lv\/wp-json\/wp\/v2\/posts\/36416","targetHints":{"allow":["GET"]}}],"collection":[{"href":"https:\/\/www.europesays.com\/lv\/wp-json\/wp\/v2\/posts"}],"about":[{"href":"https:\/\/www.europesays.com\/lv\/wp-json\/wp\/v2\/types\/post"}],"author":[{"embeddable":true,"href":"https:\/\/www.europesays.com\/lv\/wp-json\/wp\/v2\/users\/2"}],"replies":[{"embeddable":true,"href":"https:\/\/www.europesays.com\/lv\/wp-json\/wp\/v2\/comments?post=36416"}],"version-history":[{"count":0,"href":"https:\/\/www.europesays.com\/lv\/wp-json\/wp\/v2\/posts\/36416\/revisions"}],"wp:featuredmedia":[{"embeddable":true,"href":"https:\/\/www.europesays.com\/lv\/wp-json\/wp\/v2\/media\/36417"}],"wp:attachment":[{"href":"https:\/\/www.europesays.com\/lv\/wp-json\/wp\/v2\/media?parent=36416"}],"wp:term":[{"taxonomy":"category","embeddable":true,"href":"https:\/\/www.europesays.com\/lv\/wp-json\/wp\/v2\/categories?post=36416"},{"taxonomy":"post_tag","embeddable":true,"href":"https:\/\/www.europesays.com\/lv\/wp-json\/wp\/v2\/tags?post=36416"}],"curies":[{"name":"wp","href":"https:\/\/api.w.org\/{rel}","templated":true}]}}