{"id":36426,"date":"2025-10-31T18:09:14","date_gmt":"2025-10-31T18:09:14","guid":{"rendered":"https:\/\/www.europesays.com\/lv\/36426\/"},"modified":"2025-10-31T18:09:14","modified_gmt":"2025-10-31T18:09:14","slug":"aicina-vairak-skaidrot-halovina-nozimi-un-svinet-ari-latviesu-tradicijas-raksts","status":"publish","type":"post","link":"https:\/\/www.europesays.com\/lv\/36426\/","title":{"rendered":"Aicina vair\u0101k skaidrot Halov\u012bna noz\u012bmi un svin\u0113t ar\u012b latvie\u0161u trad\u012bcijas \/ Raksts"},"content":{"rendered":"<p>\n                        \u0160odien, 19:03                    <\/p>\n<p>\n                            Autori:<br \/>\n                            Vidusdaugavas telev\u012bzija                        <\/p>\n<p>Piektdienas vakar\u0101, 31. oktobr\u012b, daudz\u0101m durv\u012bm klauv\u0113 Halov\u012bna svin\u0113t\u0101ji, prasot saldumus. No \u0101rzem\u0113m ien\u0101ku\u0161ie sv\u0113tki Latvij\u0101 ar katru gadu k\u013c\u016bst arvien popul\u0101r\u0101ki. To veicina ar\u012b skolas ar da\u017e\u0101diem pas\u0101kumiem. Tikm\u0113r folkloristi mudina b\u0113rnus izv\u0113l\u0113ties latvisk\u0101s trad\u012bcijas.<\/p>\n<p>J\u0113kabpils novada V\u012bp\u0113 Halov\u012bna ball\u012bti organiz\u0113ja S\u016bnu pamatskolas skol\u0113nu l\u012bdzp\u0101rvalde.<\/p>\n<blockquote>\n<p>B\u0113rni \u0123\u0113rb\u0101s mo\u0161\u0137u t\u0113rpos, bet reti kur\u0161 zin\u0101ja \u0161\u012bs trad\u012bcijas noz\u012bmi.<\/p>\n<\/blockquote>\n<p>&#8220;Parasti Halov\u012bnos t\u0101 visi dara, un lai b\u016btu Halov\u012bnu noska\u0146ojums,&#8221; teica\u00a0S\u016bnu pamatskolas 6. klases skolniece\u00a0Nellija.<\/p>\n<p>Tom\u0113r ir b\u0113rni, kuri zina \u2013 Halov\u012bns c\u0113lies no senajiem \u0137eltiem.<\/p>\n<p>&#8220;Priesteri esot \u0123\u0113rbu\u0161ies vis\u0101dos spoc\u012bgos ap\u0123\u0113rbos, lai aizbaid\u012btu visas raganas, kas ir atn\u0101ku\u0161as \u0161aj\u0101 laik\u0101,&#8221; st\u0101st\u012bja S\u016bnu pamatskolas 9. klases skolniece\u00a0T\u012bna.<\/p>\n<p><img decoding=\"async\" src=\"https:\/\/www.europesays.com\/lv\/wp-content\/uploads\/2025\/10\/rwwh.jpg\" alt=\"\"\/><\/p>\n<p>Foto: Sandra Paeg\u013ckalne \/ Vidusdaugavas telev\u012bzija<\/p>\n<p><img decoding=\"async\" src=\"https:\/\/www.europesays.com\/lv\/wp-content\/uploads\/2025\/10\/rwwe.jpg\" alt=\"\"\/><\/p>\n<p>Foto: Sandra Paeg\u013ckalne \/ Vidusdaugavas telev\u012bzija<\/p>\n<p><img decoding=\"async\" src=\"https:\/\/www.europesays.com\/lv\/wp-content\/uploads\/2025\/10\/rwwf.jpg\" alt=\"\"\/><\/p>\n<p>Foto: Sandra Paeg\u013ckalne \/ Vidusdaugavas telev\u012bzija<\/p>\n<p><img decoding=\"async\" src=\"https:\/\/www.europesays.com\/lv\/wp-content\/uploads\/2025\/10\/rwwg.jpg\" alt=\"\"\/><\/p>\n<p>Foto: Sandra Paeg\u013ckalne \/ Vidusdaugavas telev\u012bzija<\/p>\n<p><img decoding=\"async\" src=\"https:\/\/www.europesays.com\/lv\/wp-content\/uploads\/2025\/10\/rwwi.jpg\" alt=\"\"\/><\/p>\n<p>Foto: Sandra Paeg\u013ckalne \/ Vidusdaugavas telev\u012bzija<\/p>\n<p><img decoding=\"async\" src=\"https:\/\/www.europesays.com\/lv\/wp-content\/uploads\/2025\/10\/rwwj.jpg\" alt=\"\"\/><\/p>\n<p>Foto: Sandra Paeg\u013ckalne \/ Vidusdaugavas telev\u012bzija<\/p>\n<p><img decoding=\"async\" src=\"https:\/\/www.europesays.com\/lv\/wp-content\/uploads\/2025\/10\/rwwk.jpg\" alt=\"\"\/><\/p>\n<p>Foto: Sandra Paeg\u013ckalne \/ Vidusdaugavas telev\u012bzija<\/p>\n<p><img decoding=\"async\" src=\"https:\/\/www.europesays.com\/lv\/wp-content\/uploads\/2025\/10\/rwwl.jpg\" alt=\"\"\/><\/p>\n<p>Foto: Sandra Paeg\u013ckalne \/ Vidusdaugavas telev\u012bzija<\/p>\n<\/p>\n<p>Amerik\u0101 \u0161\u012b trad\u012bcija p\u0101rv\u0113rt\u0101s par komerci\u0101lu izklaides pas\u0101kumu, kas piesaista b\u0113rnus \u2013 pat tos, kuri darbojas folklor\u0101.<\/p>\n<blockquote>\n<p>Zasas vidusskolas folkloras kop\u0101 b\u0113rniem m\u0101ca par ve\u013cu laiku un latvie\u0161u masku g\u0101jieniem.<\/p>\n<\/blockquote>\n<p>&#8220;St\u0101stu par to, kurus sv\u0113tkus mums vajadz\u0113tu svin\u0113t, \u2013 gan par M\u0101rti\u0146dienas trad\u012bcij\u0101m, gan par to, k\u0101d\u0101s mask\u0101s n\u0101k, k\u0101 g\u0101jienos var iet, bet gr\u016bti iedibin\u0101t t\u0101s seno laiku trad\u012bcijas, jo ir ar\u012b komerci\u0101las lietas,&#8221; kl\u0101st\u012bja\u00a0Zasas vidusskolas folkloras kopas &#8220;Zasa&#8221; vad\u012bt\u0101ja\u00a0A\u012bda Bikauniece.<\/p>\n<p>&#8220;Vair\u0101k jau man pat\u012bk Halov\u012bns ar\u012b. T\u0101p\u0113c, ka tur iet, klauv\u0113 pie durv\u012bm, un var dab\u016bt kon\u010das,&#8221; teica\u00a0Ralfs no folkloras kopas &#8220;Zasa&#8221;.<\/p>\n<blockquote>\n<p>Savuk\u0101rt krist\u012bg\u0101 pasaule \u0161\u0101dus sv\u0113tkus neatbalsta,<\/p>\n<\/blockquote>\n<p>jo tie saist\u0101s ar elkdiev\u012bbu, bied\u0113\u0161anu un \u013cauniem t\u0113liem.<\/p>\n<p>&#8220;To m\u0113dz saist\u012bt ar okultiem sp\u0113kiem, un t\u0101 saist\u012bba ir iek\u0161 t\u0101s p\u0101r\u0123\u0113rb\u0161an\u0101s. To, ko tu t\u0113lo, par to tu no vienas puses it k\u0101 izliecies, bet no otras puses tu savienojies kaut k\u0101d\u0101 veid\u0101. Un ja to dara \u013coti regul\u0101ri, tas ir kaut kas, kas tiek iepild\u012bts gan taj\u0101 cilv\u0113k\u0101, gan apk\u0101rt\u0113j\u0101 sabiedr\u012bb\u0101,&#8221; skaidroja Latvijas evan\u0123\u0113liski luterisk\u0101s bazn\u012bcas\u00a0S\u0113lpils iecirk\u0146a vik\u0101rs\u00a0\u0112valds B\u0113rzi\u0146\u0161.<\/p>\n<p>Turpret\u012b folkloras p\u0113tnieki nor\u0101d\u012bja, ka Halov\u012bnam ir l\u012bdz\u012bbas ar latvie\u0161u masko\u0161anos. Abos gad\u012bjumos maskas bija aizsargs laik\u0101, kad cilv\u0113kiem pietuvin\u0101s garu pasaule.<\/p>\n<p>&#8220;Visas t\u0101s b\u016btnes, kas tur dz\u012bvo, kas tur mitin\u0101s, var izn\u0101kt \u0161aj\u0101 cilv\u0113ku pasaul\u0113. Cilv\u0113ki s\u0101ka mask\u0113ties, lai apmulsin\u0101tu \u0161\u012bs b\u016btnes un t\u0101s nenodar\u012btu kait\u0113jumu cilv\u0113kam,&#8221; pauda Latvijas Universit\u0101tes docents, folkloras p\u0113tnieks\u00a0Ingus Barovskis.<\/p>\n<p>Folkloristi uzsv\u0113ra \u2013 skol\u0101s vair\u0101k vajadz\u0113tu b\u0113rniem skaidrot, kas paties\u012bb\u0101 ir pretrun\u012bgi v\u0113rt\u0113tais Halov\u012bns, pied\u0101v\u0101jot ar\u012b alternat\u012bvas \u2013 nesvin\u0113t visp\u0101r vai izv\u0113l\u0113ties latvie\u0161u trad\u012bcijas.\u00a0<br \/>\u00a0<\/p>\n<p>\u00a0<\/p>\n<p>\u00a0<\/p>\n<p>\u00a0<\/p>\n<p>                    Valodas k\u013c\u016bda rakst\u0101?<\/p>\n<p class=\"d-none d-md-block\">Iez\u012bm\u0113jiet tekstu un spiediet Ctrl+Enter, lai nos\u016bt\u012btu labojamo teksta fragmentu redaktoram! Par faktu k\u013c\u016bd\u0101m l\u016bdzam zi\u0146ot e-past\u0101 <a href=\"https:\/\/www.lsm.lv\/cdn-cgi\/l\/email-protection\" class=\"__cf_email__\" data-cfemail=\"cebcabaaafa5ada7a4af8ea2bda3e0a2b8\" rel=\"nofollow noopener\" target=\"_blank\">[email\u00a0protected]<\/a>.<\/p>\n<p class=\"d-md-none\">Iez\u012bm\u0113jiet tekstu un spiediet uz Zi\u0146ot par k\u013c\u016bdu pogas, lai nos\u016bt\u012btu labojamo teksta fragmentu redaktoram!<\/p>\n<p>\n                    Zi\u0146ot par k\u013c\u016bdu\n                <\/p>\n","protected":false},"excerpt":{"rendered":"\u0160odien, 19:03 Autori: Vidusdaugavas telev\u012bzija Piektdienas vakar\u0101, 31. oktobr\u012b, daudz\u0101m durv\u012bm klauv\u0113 Halov\u012bna svin\u0113t\u0101ji, prasot saldumus. No \u0101rzem\u0113m&hellip;\n","protected":false},"author":2,"featured_media":36427,"comment_status":"","ping_status":"","sticky":false,"template":"","format":"standard","meta":{"footnotes":""},"categories":[5],"tags":[23,28,29,32,33,22,30,31,35,39,38,36,37,34,40,20,26,27,24,25,21],"class_list":{"0":"post-36426","1":"post","2":"type-post","3":"status-publish","4":"format-standard","5":"has-post-thumbnail","7":"category-aktualitates","8":"tag-aktualitates","9":"tag-breaking-news","10":"tag-breakingnews","11":"tag-featured-news","12":"tag-featurednews","13":"tag-headlines","14":"tag-latest-news","15":"tag-latestnews","16":"tag-latvia","17":"tag-latvian","18":"tag-latviesu","19":"tag-latviesu-valoda","20":"tag-latviesuvaloda","21":"tag-latvija","22":"tag-lv","23":"tag-news","24":"tag-popularakas-zinas","25":"tag-popularakaszinas","26":"tag-top-stories","27":"tag-topstories","28":"tag-zinas"},"share_on_mastodon":{"url":"https:\/\/pubeurope.com\/@lv\/115470124093918897","error":""},"_links":{"self":[{"href":"https:\/\/www.europesays.com\/lv\/wp-json\/wp\/v2\/posts\/36426","targetHints":{"allow":["GET"]}}],"collection":[{"href":"https:\/\/www.europesays.com\/lv\/wp-json\/wp\/v2\/posts"}],"about":[{"href":"https:\/\/www.europesays.com\/lv\/wp-json\/wp\/v2\/types\/post"}],"author":[{"embeddable":true,"href":"https:\/\/www.europesays.com\/lv\/wp-json\/wp\/v2\/users\/2"}],"replies":[{"embeddable":true,"href":"https:\/\/www.europesays.com\/lv\/wp-json\/wp\/v2\/comments?post=36426"}],"version-history":[{"count":0,"href":"https:\/\/www.europesays.com\/lv\/wp-json\/wp\/v2\/posts\/36426\/revisions"}],"wp:featuredmedia":[{"embeddable":true,"href":"https:\/\/www.europesays.com\/lv\/wp-json\/wp\/v2\/media\/36427"}],"wp:attachment":[{"href":"https:\/\/www.europesays.com\/lv\/wp-json\/wp\/v2\/media?parent=36426"}],"wp:term":[{"taxonomy":"category","embeddable":true,"href":"https:\/\/www.europesays.com\/lv\/wp-json\/wp\/v2\/categories?post=36426"},{"taxonomy":"post_tag","embeddable":true,"href":"https:\/\/www.europesays.com\/lv\/wp-json\/wp\/v2\/tags?post=36426"}],"curies":[{"name":"wp","href":"https:\/\/api.w.org\/{rel}","templated":true}]}}