{"id":36434,"date":"2025-10-31T18:30:07","date_gmt":"2025-10-31T18:30:07","guid":{"rendered":"https:\/\/www.europesays.com\/lv\/36434\/"},"modified":"2025-10-31T18:30:07","modified_gmt":"2025-10-31T18:30:07","slug":"kad-mini-dators-partop-par-skalruni-ar-amd-ryzen-jaudu-lente-lv","status":"publish","type":"post","link":"https:\/\/www.europesays.com\/lv\/36434\/","title":{"rendered":"Kad mini-dators p\u0101rtop par ska\u013cruni ar AMD Ryzen jaudu\u00a0\u2014\u00a0Lente.lv"},"content":{"rendered":"<p>Neierastais GTBOX T1: Mini-dators k\u0101 ska\u013crunis ar AMD Ryzen 7<\/p>\n<p>Komp\u0101nija GTBOX ir laidusi klaj\u0101 patie\u0161\u0101m intri\u0123\u0113jo\u0161u ier\u012bci \u2013 mini-datoru T1, kas vizu\u0101li atg\u0101dina stil\u012bgu portat\u012bvo ska\u013cruni. Ta\u010du zem \u0161\u012b neparast\u0101 dizaina sl\u0113pjas ne tikai stereo ska\u013cru\u0146i, bet ar\u012b iespaid\u012bgs AMD Ryzen 7 8745HS procesors. \u0160\u0101ds jaud\u012bgs komponentu salikums \u0161aj\u0101 ier\u012b\u010du klas\u0113 ir gana reti sastopams, padarot GTBOX T1 par interesantu izv\u0113li tiem, kas mekl\u0113 gan funkcionalit\u0101ti, gan ori\u0123in\u0101lu dizainu.<\/p>\n<p>Tehniskais sp\u0113ks aiz ska\u013cru\u0146a fas\u0101des<\/p>\n<p>GTBOX T1 apr\u012bkots ar AMD Ryzen 7 8745HS, kas pied\u0101v\u0101 asto\u0146us Zen 4 arhitekt\u016bras kodolus un integr\u0113to Radeon 780M grafiku uz RDNA 3 b\u0101zes. \u0160\u0101ds \u010dips parasti sastopams jaud\u012bgos kl\u0113pjdatoros, t\u0101d\u0113\u013c t\u0101 kl\u0101tb\u016btne mini-dator\u0101 sola gan iev\u0113rojamu veiktsp\u0113ju, gan atbalstu m\u016bsdien\u012bg\u0101kajiem savienojumiem. Ra\u017eot\u0101js pat nor\u0101da uz iesp\u0113ju palaist sp\u0113les Full HD iz\u0161\u0137irtsp\u0113j\u0101. Ier\u012bce atbalsta att\u0113la izvadi uz trim monitoriem vienlaic\u012bgi, kas ir patiesi iespaid\u012bgi kompaktam datoram. Standarta komplekt\u0101cij\u0101 ir 32 GB DDR5 operat\u012bv\u0101s atmi\u0146as un 1 TB PCIe 4.0 NVMe SSD disks. Tom\u0113r \u0161eit ir svar\u012bgs br\u012bdin\u0101jums: ra\u017eot\u0101js uzsver, ka ier\u012bces korpusa atv\u0113r\u0161ana ir aizliegta un var rad\u012bt \u00abneatgrie\u017eamu integrit\u0101tes zudumu\u00bb. Tas noz\u012bm\u0113, ka nek\u0101das komponen\u0161u moderniz\u0101cijas vai nomai\u0146as neb\u016bs iesp\u0113jamas \u2013 pirc\u0113js sa\u0146ems fiks\u0113tu konfigur\u0101ciju. Uz\u0146\u0113mums gan demonstr\u0113jis iek\u0161\u0113jo strukt\u016bru, par\u0101dot ventilatoru, atmi\u0146as modu\u013cus un datu nes\u0113ju.<\/p>\n<p>Ska\u0146a un p\u0101rdomas par troksni<\/p>\n<p>Galven\u0101 GTBOX T1 unikalit\u0101te ir t\u0101 ieb\u016bv\u0113tie stereo ska\u013cru\u0146i, katrs ar 5 W jaudu. Ra\u017eot\u0101js tos pozicion\u0113 k\u0101 ide\u0101lu risin\u0101jumu videozvaniem, \u010datiem un konferenc\u0113m, papildinot to ar ieb\u016bv\u0113tu mikrofonu, kas \u013cauj sazin\u0101ties bez papildu austi\u0146\u0101m. Ier\u012bci rot\u0101 ar\u012b LED apgaismojums ar vair\u0101kiem darb\u012bbas re\u017e\u012bmiem. Tom\u0113r rodas lo\u0123isks jaut\u0101jums: k\u0101 ar dzes\u0113\u0161anu un trok\u0161\u0146a l\u012bmeni? GTBOX T1 izmanto vienu ventilatoru, un par trok\u0161\u0146a sl\u0101p\u0113\u0161anu netiek sniegta nek\u0101da inform\u0101cija. Kas b\u016bs dzirdam\u0101ks video sarunas laik\u0101 \u2013 ska\u013cru\u0146i vai dzes\u0113t\u0101js? Lai gan tie\u0161a atbilde netiek sniegta, ra\u017eot\u0101js nor\u0101da, ka ier\u012bce galvenok\u0101rt paredz\u0113ta biroja uzdevumiem, kur slodze parasti nav maksim\u0101l\u0101. T\u0101d\u0113j\u0101di trok\u0161\u0146a l\u012bmenis netiek uzskat\u012bts par kritisku. T\u0101tad, lai baud\u012btu podk\u0101stus, audiogr\u0101matas vai sarun\u0101tos Zoom, ska\u0146as pietiks.<\/p>\n<p>Cena un ni\u0161a tirg\u016b<\/p>\n<p>Mini-datora GTBOX T1 cena ir noteikta 549,99 ASV dol\u0101ri par vienu konfigur\u0101ciju ar 32 GB RAM un 1 TB SSD. \u0160is modelis ir lielisks piem\u0113rs tam, k\u0101 ra\u017eot\u0101ji cen\u0161as apvienot mini-datoru kompaktumu ar multimediju funkcionalit\u0101ti. Lai gan ieb\u016bv\u0113tie ska\u013cru\u0146i \u0161aj\u0101 gad\u012bjum\u0101 dr\u012bz\u0101k ir dizaina elements nek\u0101 re\u0101ls funkcion\u0101ls ieguvums, tie pie\u0161\u0137ir ier\u012bcei savu unikalit\u0101ti. \u0160is risin\u0101jums ir dom\u0101ts tiem, kuri v\u0113las ieg\u016bt kompakti izm\u0113\u0123in\u0101tu un darbam gatavu datoru ar jaud\u012bgu Ryzen procesoru, nev\u0113loties veikt nek\u0101dus uzst\u0101d\u012bjumus vai moderniz\u0101cijas. GTBOX T1 ir ni\u0161as produkts, kas var\u0113tu ieinteres\u0113t lietot\u0101jus, kuri nov\u0113rt\u0113 ori\u0123in\u0101lus dizaina risin\u0101jumus un nev\u0113las kompromisus veiktsp\u0113jas jaut\u0101jumos.<\/p>\n","protected":false},"excerpt":{"rendered":"Neierastais GTBOX T1: Mini-dators k\u0101 ska\u013crunis ar AMD Ryzen 7 Komp\u0101nija GTBOX ir laidusi klaj\u0101 patie\u0161\u0101m intri\u0123\u0113jo\u0161u ier\u012bci&hellip;\n","protected":false},"author":2,"featured_media":36435,"comment_status":"","ping_status":"","sticky":false,"template":"","format":"standard","meta":{"footnotes":""},"categories":[16],"tags":[10677,77,76,10675,10678,10679,35,39,38,36,37,34,40,10676],"class_list":{"0":"post-36434","1":"post","2":"type-post","3":"status-publish","4":"format-standard","5":"has-post-thumbnail","7":"category-bizness","8":"tag-amd-ryzen-7-8745hs","9":"tag-bizness","10":"tag-business","11":"tag-gtbox-t1","12":"tag-iebuveti-skalruni","13":"tag-kompakti-datori","14":"tag-latvia","15":"tag-latvian","16":"tag-latviesu","17":"tag-latviesu-valoda","18":"tag-latviesuvaloda","19":"tag-latvija","20":"tag-lv","21":"tag-mini-dators"},"share_on_mastodon":{"url":"https:\/\/pubeurope.com\/@lv\/115470206475387253","error":""},"_links":{"self":[{"href":"https:\/\/www.europesays.com\/lv\/wp-json\/wp\/v2\/posts\/36434","targetHints":{"allow":["GET"]}}],"collection":[{"href":"https:\/\/www.europesays.com\/lv\/wp-json\/wp\/v2\/posts"}],"about":[{"href":"https:\/\/www.europesays.com\/lv\/wp-json\/wp\/v2\/types\/post"}],"author":[{"embeddable":true,"href":"https:\/\/www.europesays.com\/lv\/wp-json\/wp\/v2\/users\/2"}],"replies":[{"embeddable":true,"href":"https:\/\/www.europesays.com\/lv\/wp-json\/wp\/v2\/comments?post=36434"}],"version-history":[{"count":0,"href":"https:\/\/www.europesays.com\/lv\/wp-json\/wp\/v2\/posts\/36434\/revisions"}],"wp:featuredmedia":[{"embeddable":true,"href":"https:\/\/www.europesays.com\/lv\/wp-json\/wp\/v2\/media\/36435"}],"wp:attachment":[{"href":"https:\/\/www.europesays.com\/lv\/wp-json\/wp\/v2\/media?parent=36434"}],"wp:term":[{"taxonomy":"category","embeddable":true,"href":"https:\/\/www.europesays.com\/lv\/wp-json\/wp\/v2\/categories?post=36434"},{"taxonomy":"post_tag","embeddable":true,"href":"https:\/\/www.europesays.com\/lv\/wp-json\/wp\/v2\/tags?post=36434"}],"curies":[{"name":"wp","href":"https:\/\/api.w.org\/{rel}","templated":true}]}}