{"id":36436,"date":"2025-10-31T18:33:07","date_gmt":"2025-10-31T18:33:07","guid":{"rendered":"https:\/\/www.europesays.com\/lv\/36436\/"},"modified":"2025-10-31T18:33:07","modified_gmt":"2025-10-31T18:33:07","slug":"niderlandes-velesanas-visvairak-balsu-sanem-liberala-partija-d66-raksts","status":"publish","type":"post","link":"https:\/\/www.europesays.com\/lv\/36436\/","title":{"rendered":"N\u012bderlandes v\u0113l\u0113\u0161an\u0101s visvair\u0101k balsu sa\u0146em liber\u0101l\u0101 partija D66 \/ Raksts"},"content":{"rendered":"<p>Liber\u0101l\u0101 partija &#8220;Demokr\u0101ti 66&#8221; (D66) ir ieguvusi visvair\u0101k balsu \u0161oned\u0113\u013c notiku\u0161aj\u0101s parlamenta \u0101rk\u0101rtas v\u0113l\u0113\u0161an\u0101s N\u012bderland\u0113, liecina zi\u0146u a\u0123ent\u016bras ANP apl\u0113ses. Balsu skait\u012b\u0161ana v\u0113l turpin\u0101s, ta\u010du ANP apgalvo, ka gal\u0113ji lab\u0113j\u0101 politi\u0137a G\u0113rta Vildersa vad\u012bt\u0101 Br\u012bv\u012bbas partija (PVV) vairs nevar apsteigt D66.<\/p>\n<p>Tas noz\u012bm\u0113, ka D66 partijas l\u012bderim Robam Jetenam b\u016bs iesp\u0113ja veidot n\u0101kamo vald\u012bbu. Jetens piektdien pazi\u0146oja, ka ir gatavs uz\u0146emties \u0161o uzdevumu, lai m\u0113\u0123in\u0101tu izveidot stabilu koal\u012bcijas vald\u012bbu.<\/p>\n<p>&#8220;Manupr\u0101t, m\u0113s esam par\u0101d\u012bju\u0161i p\u0101r\u0113jai Eiropai un pasaulei, ka ir iesp\u0113jams uzvar\u0113t populistisk\u0101s kust\u012bbas, ja priek\u0161v\u0113l\u0113\u0161anu kampa\u0146\u0101 izmanto pozit\u012bvus v\u0113st\u012bjumus. Es esmu \u013coti lepns par \u0161o v\u0113sturisko rezult\u0101tu, ko sasniedza D66,&#8221; Jetens sac\u012bja zi\u0146u a\u0123ent\u016brai AFP.<\/p>\n<p>                    Valodas k\u013c\u016bda rakst\u0101?<\/p>\n<p class=\"d-none d-md-block\">Iez\u012bm\u0113jiet tekstu un spiediet Ctrl+Enter, lai nos\u016bt\u012btu labojamo teksta fragmentu redaktoram! Par faktu k\u013c\u016bd\u0101m l\u016bdzam zi\u0146ot e-past\u0101 <a href=\"https:\/\/www.lsm.lv\/cdn-cgi\/l\/email-protection\" class=\"__cf_email__\" data-cfemail=\"bac8dfdedbd1d9d3d0dbfad6c9d794d6cc\" rel=\"nofollow noopener\" target=\"_blank\">[email\u00a0protected]<\/a>.<\/p>\n<p class=\"d-md-none\">Iez\u012bm\u0113jiet tekstu un spiediet uz Zi\u0146ot par k\u013c\u016bdu pogas, lai nos\u016bt\u012btu labojamo teksta fragmentu redaktoram!<\/p>\n<p>\n                    Zi\u0146ot par k\u013c\u016bdu\n                <\/p>\n","protected":false},"excerpt":{"rendered":"Liber\u0101l\u0101 partija &#8220;Demokr\u0101ti 66&#8221; (D66) ir ieguvusi visvair\u0101k balsu \u0161oned\u0113\u013c notiku\u0161aj\u0101s parlamenta \u0101rk\u0101rtas v\u0113l\u0113\u0161an\u0101s N\u012bderland\u0113, liecina zi\u0146u a\u0123ent\u016bras&hellip;\n","protected":false},"author":2,"featured_media":34674,"comment_status":"","ping_status":"","sticky":false,"template":"","format":"standard","meta":{"footnotes":""},"categories":[5],"tags":[23,28,29,32,33,22,30,31,35,39,38,36,37,34,40,20,26,27,24,25,21],"class_list":{"0":"post-36436","1":"post","2":"type-post","3":"status-publish","4":"format-standard","5":"has-post-thumbnail","7":"category-aktualitates","8":"tag-aktualitates","9":"tag-breaking-news","10":"tag-breakingnews","11":"tag-featured-news","12":"tag-featurednews","13":"tag-headlines","14":"tag-latest-news","15":"tag-latestnews","16":"tag-latvia","17":"tag-latvian","18":"tag-latviesu","19":"tag-latviesu-valoda","20":"tag-latviesuvaloda","21":"tag-latvija","22":"tag-lv","23":"tag-news","24":"tag-popularakas-zinas","25":"tag-popularakaszinas","26":"tag-top-stories","27":"tag-topstories","28":"tag-zinas"},"share_on_mastodon":{"url":"https:\/\/pubeurope.com\/@lv\/115470218232467228","error":""},"_links":{"self":[{"href":"https:\/\/www.europesays.com\/lv\/wp-json\/wp\/v2\/posts\/36436","targetHints":{"allow":["GET"]}}],"collection":[{"href":"https:\/\/www.europesays.com\/lv\/wp-json\/wp\/v2\/posts"}],"about":[{"href":"https:\/\/www.europesays.com\/lv\/wp-json\/wp\/v2\/types\/post"}],"author":[{"embeddable":true,"href":"https:\/\/www.europesays.com\/lv\/wp-json\/wp\/v2\/users\/2"}],"replies":[{"embeddable":true,"href":"https:\/\/www.europesays.com\/lv\/wp-json\/wp\/v2\/comments?post=36436"}],"version-history":[{"count":0,"href":"https:\/\/www.europesays.com\/lv\/wp-json\/wp\/v2\/posts\/36436\/revisions"}],"wp:featuredmedia":[{"embeddable":true,"href":"https:\/\/www.europesays.com\/lv\/wp-json\/wp\/v2\/media\/34674"}],"wp:attachment":[{"href":"https:\/\/www.europesays.com\/lv\/wp-json\/wp\/v2\/media?parent=36436"}],"wp:term":[{"taxonomy":"category","embeddable":true,"href":"https:\/\/www.europesays.com\/lv\/wp-json\/wp\/v2\/categories?post=36436"},{"taxonomy":"post_tag","embeddable":true,"href":"https:\/\/www.europesays.com\/lv\/wp-json\/wp\/v2\/tags?post=36436"}],"curies":[{"name":"wp","href":"https:\/\/api.w.org\/{rel}","templated":true}]}}