{"id":36493,"date":"2025-10-31T20:10:07","date_gmt":"2025-10-31T20:10:07","guid":{"rendered":"https:\/\/www.europesays.com\/lv\/36493\/"},"modified":"2025-10-31T20:10:07","modified_gmt":"2025-10-31T20:10:07","slug":"rolanda-ce-kantriprojekts-medibu-lauki-laiz-klaja-jaunu-dziesmu-velos-rudens-vakaros-lente-lv","status":"publish","type":"post","link":"https:\/\/www.europesays.com\/lv\/36493\/","title":{"rendered":"Rolanda \u010ce kantr\u012bprojekts &#8220;Med\u012bbu lauki&#8221; lai\u017e klaj\u0101 jaunu dziesmu &#8220;V\u0113los rudens vakaros&#8221;\u00a0\u2014\u00a0Lente.lv"},"content":{"rendered":"<p>Jaunums no &#8220;Med\u012bbu laukiem&#8221;: Rolands \u010ce iepriecina ar jaunu dziesmu<\/p>\n<p>M\u016bzikas pasaule sagaida jaunu, emocion\u0101lu ska\u0146darbu no Rolanda \u010ce kantr\u012bm\u016bzikas blakusprojekta &#8220;Med\u012bbu lauki&#8221;. Jaun\u0101kais singls ar nosaukumu &#8220;V\u0113los rudens vakaros&#8221; ir izdots \u0161odien, 31. oktobr\u012b, un jau ir pieejams klaus\u012bt\u0101jiem vis\u0101s popul\u0101r\u0101kaj\u0101s straum\u0113\u0161anas platform\u0101s. \u0160\u012b dziesma sol\u0101s iekarot klaus\u012bt\u0101ju sirdis ar savu dzidro noska\u0146u un dzi\u013caj\u0101m p\u0101rdom\u0101m, kas rakstur\u012bgas rudens periodam.<\/p>\n<p>Ieskats dziesmas tap\u0161an\u0101 un noska\u0146\u0101s<\/p>\n<p>Rolands \u010ce, kas pla\u0161\u0101k paz\u012bstams k\u0101 reperis, ar savu projektu &#8220;Med\u012bbu lauki&#8221; pier\u0101da savu daudzpus\u012bbu un sp\u0113ju eksperiment\u0113t ar \u017eanriem. &#8220;V\u0113los rudens vakaros&#8221; ir apliecin\u0101jums tam, ka kantr\u012bm\u016bzika var b\u016bt ne tikai par laukiem un dabu, bet ar\u012b par cilv\u0113ka iek\u0161\u0113jo pasauli, par v\u0113lm\u0113m un ilgo\u0161anos. \u0160\u012b dziesma ir k\u0101 siltu segu ieskauts vakars, kas piepild\u012bts ar klus\u0101m p\u0101rdom\u0101m un mier\u012bgu atp\u016btu. T\u0101 aicina iesl\u012bgt rudens melanholij\u0101, baudot katru mirkli un \u013caujoties emociju pl\u016bdumam.<\/p>\n<p>Ko sagaid\u012bt no jaun\u0101 singla<\/p>\n<p>Dziesmas nosaukums &#8220;V\u0113los rudens vakaros&#8221; jau vien glezno spilgtu ainu pr\u0101t\u0101 \u2013 silti dz\u0113rieni, m\u0101j\u012bgs kam\u012bns un klusa m\u016bzika fon\u0101. Ta\u010du Rolanda \u010ce interpret\u0101cij\u0101 \u0161is rudens vakars var\u0113tu b\u016bt piepild\u012bts ar\u012b ar k\u0101du \u012bpa\u0161u ilgo\u0161anos vai dzi\u013cu atzi\u0146u. K\u0101 uzsver pats m\u0101kslinieks, katra dziesma ir k\u0101 atspulgs vi\u0146a dv\u0113selei, un \u0161oreiz klaus\u012bt\u0101jiem tiek pied\u0101v\u0101ts ieskats vi\u0146a v\u0113l\u0113\u0161an\u0101s un saj\u016bt\u0101s rudens dr\u0113gnum\u0101. Lai gan detailles par dziesmas tap\u0161anas procesu netiek atkl\u0101tas, ir skaidrs, ka t\u0101 ir rad\u012bta ar r\u016bp\u012bgu pieeju un v\u0113lmi nodot klaus\u012bt\u0101jiem dzi\u013ci person\u012bgu v\u0113st\u012bjumu.<\/p>\n<p>Rolanda \u010ce rado\u0161\u0101 att\u012bst\u012bba<\/p>\n<p>Projekts &#8220;Med\u012bbu lauki&#8221; ir b\u016btisks pagrieziens Rolanda \u010ce rado\u0161aj\u0101 karjer\u0101. Tas \u013cauj vi\u0146am izpausties cit\u0101 gaism\u0101, par\u0101dot savu jut\u012bg\u0101ko un romantisk\u0101ko pusi. Kam\u0113r repa m\u016bzika bie\u017ei vien ir dinamiska un ener\u0123iska, kantr\u012b stils pied\u0101v\u0101 mier\u012bg\u0101ku, melodisk\u0101ku un st\u0101stniecisku pieeju. &#8220;V\u0113los rudens vakaros&#8221; ir k\u0101 apliecin\u0101jums tam, ka m\u0101kslinieks turpina mekl\u0113t un atrast jaunus veidus, k\u0101 komunic\u0113t ar savu auditoriju, pied\u0101v\u0101jot saturiski bag\u0101t\u012bgu un emocion\u0101li pies\u0101tin\u0101tu m\u016bziku. \u0160\u012b dziesma ir k\u0101 ce\u013cojums, kas aicina klaus\u012bt\u0101ju atst\u0101t ikdienas steigu aiz durv\u012bm un \u013cauties skaistiem rudens vakariem kop\u0101 ar &#8220;Med\u012bbu laukiem&#8221;.<\/p>\n","protected":false},"excerpt":{"rendered":"Jaunums no &#8220;Med\u012bbu laukiem&#8221;: Rolands \u010ce iepriecina ar jaunu dziesmu M\u016bzikas pasaule sagaida jaunu, emocion\u0101lu ska\u0146darbu no Rolanda&hellip;\n","protected":false},"author":2,"featured_media":36494,"comment_status":"","ping_status":"","sticky":false,"template":"","format":"standard","meta":{"footnotes":""},"categories":[19],"tags":[89,90,2043,10706,35,39,38,36,37,34,40,10705,10556,10707],"class_list":{"0":"post-36493","1":"post","2":"type-post","3":"status-publish","4":"format-standard","5":"has-post-thumbnail","7":"category-izklaide","8":"tag-entertainment","9":"tag-izklaide","10":"tag-jauna-dziesma","11":"tag-kantrimuzika","12":"tag-latvia","13":"tag-latvian","14":"tag-latviesu","15":"tag-latviesu-valoda","16":"tag-latviesuvaloda","17":"tag-latvija","18":"tag-lv","19":"tag-medibu-lauki","20":"tag-rolands-ce","21":"tag-velos-rudens-vakaros"},"share_on_mastodon":{"url":"https:\/\/pubeurope.com\/@lv\/115470599783200770","error":""},"_links":{"self":[{"href":"https:\/\/www.europesays.com\/lv\/wp-json\/wp\/v2\/posts\/36493","targetHints":{"allow":["GET"]}}],"collection":[{"href":"https:\/\/www.europesays.com\/lv\/wp-json\/wp\/v2\/posts"}],"about":[{"href":"https:\/\/www.europesays.com\/lv\/wp-json\/wp\/v2\/types\/post"}],"author":[{"embeddable":true,"href":"https:\/\/www.europesays.com\/lv\/wp-json\/wp\/v2\/users\/2"}],"replies":[{"embeddable":true,"href":"https:\/\/www.europesays.com\/lv\/wp-json\/wp\/v2\/comments?post=36493"}],"version-history":[{"count":0,"href":"https:\/\/www.europesays.com\/lv\/wp-json\/wp\/v2\/posts\/36493\/revisions"}],"wp:featuredmedia":[{"embeddable":true,"href":"https:\/\/www.europesays.com\/lv\/wp-json\/wp\/v2\/media\/36494"}],"wp:attachment":[{"href":"https:\/\/www.europesays.com\/lv\/wp-json\/wp\/v2\/media?parent=36493"}],"wp:term":[{"taxonomy":"category","embeddable":true,"href":"https:\/\/www.europesays.com\/lv\/wp-json\/wp\/v2\/categories?post=36493"},{"taxonomy":"post_tag","embeddable":true,"href":"https:\/\/www.europesays.com\/lv\/wp-json\/wp\/v2\/tags?post=36493"}],"curies":[{"name":"wp","href":"https:\/\/api.w.org\/{rel}","templated":true}]}}