{"id":36500,"date":"2025-10-31T20:23:11","date_gmt":"2025-10-31T20:23:11","guid":{"rendered":"https:\/\/www.europesays.com\/lv\/36500\/"},"modified":"2025-10-31T20:23:11","modified_gmt":"2025-10-31T20:23:11","slug":"prospeed-komanda-iegadajas-bijusa-wrc-pilota-lapi-skoda-fabia-rs-rally2","status":"publish","type":"post","link":"https:\/\/www.europesays.com\/lv\/36500\/","title":{"rendered":"Prospeed komanda ieg\u0101d\u0101jas biju\u0161\u0101 WRC pilota Lapi &#8216;\u0160koda Fabia RS Rally2&#8217;"},"content":{"rendered":"<p>Foto: Prospeed<\/p>\n<p>Piektdien \u0161\u012b gada Somijas rallija \u010dempions Esapeka Lapi pazi\u0146oja, ka vi\u0146a \u0161\u012b gada &#8221;\u0160koda Fabia RS Rally2&#8221; automa\u0161\u012bna, ar kuru tika izc\u012bn\u012btas piecas uzvaras Somijas \u010dempion\u0101t\u0101, esot p\u0101rdota, un automa\u0161\u012bna aizce\u013cojusi uz Latviju. <\/p>\n<p>&#8221;Automa\u0161\u012bna vakar dev\u0101s uz Latviju, t\u0101tad \u0161\u012b gada automa\u0161\u012bna ir p\u0101rdota. Jauna automa\u0161\u012bna ar visiem jaun\u0101kajiem uzlabojumiem ierad\u012bsies janv\u0101r\u012b,&#8221; teica Esapeka Lapi.<br \/>&#13;\n<\/p>\n<p><img loading=\"lazy\" decoding=\"async\" height=\"280\" width=\"420\" src=\"https:\/\/www.europesays.com\/lv\/wp-content\/uploads\/2025\/10\/484280556_1175271193964650_2282871208124776527_n.jpg\"\/><\/p>\n<p>Foto: www.facebook.com\/EsapekkaLappiOfficial<\/p>\n<p>K\u0101 noskaidroja port\u0101ls Go4speed, tad divu WRC posma uzvar\u0113t\u0101ja Lapi automa\u0161\u012bnu ieg\u0101d\u0101jusies Aivja Egles Prospeed komanda. Aivis Egle port\u0101lam apliecin\u0101ja, ka automa\u0161\u012bna esot vi\u0146a komand\u0101. &#8221;J\u0101, esam ieg\u0101d\u0101ju\u0161ies Lapi &#8221;\u0160koda Fabia RS Rally2&#8221; automa\u0161\u012bnu, ta\u010du pagaid\u0101m vair\u0101k neko nem\u0101c\u0113\u0161u teikt. \u0160obr\u012bd tev nevaru pateikt, kur\u0161 ar to brauks, kad ar \u0161o auto tiks braukts. Varb\u016bt beig\u0101s visp\u0101r \u0161is auto dosies kaut kur t\u0101l\u0101k.&#8221;<\/p>\n<p>T\u0101pat port\u0101ls noskaidroja, ka viens no pirmajiem, kur\u0161 \u0161o automa\u0161\u012bnu sagaid\u012bja Prospeed b\u0101z\u0113, bija Elviss Hermanis.<br \/>&#13;\n<\/p>\n<p><img loading=\"lazy\" decoding=\"async\" src=\"https:\/\/www.europesays.com\/lv\/wp-content\/uploads\/2025\/10\/Skoda1.jpg\" width=\"267\" height=\"400\"\/><\/p>\n<p>Foto: Elviss Hermanis<\/p>\n<p>&#8221;J\u0101, Lapi \u0160koda ir ieradusies Prospeed b\u0101z\u0113 Tukum\u0101. \u0160odien tur biju un apl\u016bkoju \u0161o auto. J\u0101saka, ka auto ir \u013coti svaigs un praktiski jauns. Vai es brauk\u0161u ar to, v\u0113l nevaru tev apstiprin\u0101t. Redz\u0113sim. Katr\u0101 zi\u0146\u0101 \u0161odien ies\u0113dos taj\u0101 un, j\u0101, pavisam cita ma\u0161\u012bna nek\u0101 iepriek\u0161\u0113j\u0101s paaudzes \u0160koda. Ja ar t\u0101du auto b\u016bs j\u0101brauc ar pilnu jaudu, nedaudz p\u0101r\u0146em finansi\u0101las bailes.&#8221;<\/p>\n<p><img loading=\"lazy\" decoding=\"async\" src=\"https:\/\/www.europesays.com\/lv\/wp-content\/uploads\/2025\/10\/Skoda2.jpg\" width=\"268\" height=\"400\"\/><\/p>\n<p>&#8221;J\u0101saka, ka ar\u012b ar iepriek\u0161\u0113j\u0101s paaudzes \u0160koda automa\u0161\u012bnu ir \u013coti laba un labi klausa. V\u0113l j\u0101sp\u0113j izmantot t\u0101s ma\u0161\u012bnas pilns potenci\u0101ls (smaida). Bet dom\u0101sim, vai man k\u0101 hobija brauc\u0113jam ir j\u0101p\u0101rk\u0101pj \u0161\u0101d\u0101 sp\u0113krat\u0101,&#8221; port\u0101lam Go4speed atkl\u0101ja Elviss Hermanis.<\/p>\n","protected":false},"excerpt":{"rendered":"Foto: Prospeed Piektdien \u0161\u012b gada Somijas rallija \u010dempions Esapeka Lapi pazi\u0146oja, ka vi\u0146a \u0161\u012b gada &#8221;\u0160koda Fabia RS&hellip;\n","protected":false},"author":2,"featured_media":36501,"comment_status":"","ping_status":"","sticky":false,"template":"","format":"standard","meta":{"footnotes":""},"categories":[17],"tags":[35,39,38,36,37,34,40,67],"class_list":{"0":"post-36500","1":"post","2":"type-post","3":"status-publish","4":"format-standard","5":"has-post-thumbnail","7":"category-sports","8":"tag-latvia","9":"tag-latvian","10":"tag-latviesu","11":"tag-latviesu-valoda","12":"tag-latviesuvaloda","13":"tag-latvija","14":"tag-lv","15":"tag-sports"},"share_on_mastodon":{"url":"https:\/\/pubeurope.com\/@lv\/115470650873138830","error":""},"_links":{"self":[{"href":"https:\/\/www.europesays.com\/lv\/wp-json\/wp\/v2\/posts\/36500","targetHints":{"allow":["GET"]}}],"collection":[{"href":"https:\/\/www.europesays.com\/lv\/wp-json\/wp\/v2\/posts"}],"about":[{"href":"https:\/\/www.europesays.com\/lv\/wp-json\/wp\/v2\/types\/post"}],"author":[{"embeddable":true,"href":"https:\/\/www.europesays.com\/lv\/wp-json\/wp\/v2\/users\/2"}],"replies":[{"embeddable":true,"href":"https:\/\/www.europesays.com\/lv\/wp-json\/wp\/v2\/comments?post=36500"}],"version-history":[{"count":0,"href":"https:\/\/www.europesays.com\/lv\/wp-json\/wp\/v2\/posts\/36500\/revisions"}],"wp:featuredmedia":[{"embeddable":true,"href":"https:\/\/www.europesays.com\/lv\/wp-json\/wp\/v2\/media\/36501"}],"wp:attachment":[{"href":"https:\/\/www.europesays.com\/lv\/wp-json\/wp\/v2\/media?parent=36500"}],"wp:term":[{"taxonomy":"category","embeddable":true,"href":"https:\/\/www.europesays.com\/lv\/wp-json\/wp\/v2\/categories?post=36500"},{"taxonomy":"post_tag","embeddable":true,"href":"https:\/\/www.europesays.com\/lv\/wp-json\/wp\/v2\/tags?post=36500"}],"curies":[{"name":"wp","href":"https:\/\/api.w.org\/{rel}","templated":true}]}}