{"id":36521,"date":"2025-10-31T20:41:08","date_gmt":"2025-10-31T20:41:08","guid":{"rendered":"https:\/\/www.europesays.com\/lv\/36521\/"},"modified":"2025-10-31T20:41:08","modified_gmt":"2025-10-31T20:41:08","slug":"latvijas-jauniesi-turcija-izcina-cetras-zelta-medalas-dambrete","status":"publish","type":"post","link":"https:\/\/www.europesays.com\/lv\/36521\/","title":{"rendered":"Latvijas jaunie\u0161i Turcij\u0101 izc\u012bna \u010detras zelta meda\u013cas dambret\u0113"},"content":{"rendered":"<p>U-13 vecuma grup\u0101 z\u0113niem Toms Bartu\u0161auskis ar 11 punktiem izc\u012bn\u012bja ceturto vietu. Toms Andersons, Arvo Krebe un Aleksandrs Petrovs izc\u012bn\u012bja pa 10 punktiem un ie\u0146\u0113ma attiec\u012bgi dev\u012bto, desmito un 11. vietu.<\/p>\n<p>U-10 vecuma grup\u0101 z\u0113niem Latvijas dambretists Ernests Andersons ar 12 punktiem izc\u012bn\u012bja tre\u0161o vietu, desmitaj\u0101 viet\u0101 ar 10 punktiem ierindoj\u0101s D\u0101vis Brolis, bet Ernests Lukstaraups un Osvalds Vizulis ar devi\u0146iem punktiem izc\u012bn\u012bja attiec\u012bgi 14. un 17. vietu.<\/p>\n<p>U-10 vecuma grup\u0101 meiten\u0113m visas \u010detras Latvijas dambretistes izc\u012bn\u012bja pa desmit punktiem, un papildu r\u0101d\u012bt\u0101ji noteica, ka Velta Urmane, Anna Biruma, Estere Kal\u0113ja un Jasm\u012bna Lamberte ie\u0146\u0113ma attiec\u012bgi astoto, dev\u012bto, desmito un 11. vietu.<\/p>\n<p>U-8 vecuma grup\u0101 meiten\u0113m tre\u0161o vietu un bronzas meda\u013cu ar ieg\u016btajiem 13 punktiem izc\u012bn\u012bja Nikola Bi\u010dkovi\u010da. Marl\u0113na Gud\u0113vica Liepi\u0146a ar 10 punktiem ie\u0146\u0113ma sept\u012bto vietu un Milana O\u013cei\u0146ika ar devi\u0146iem punktiem &#8211; dev\u012bto vietu.<\/p>\n<p>U-8 vecuma grup\u0101 z\u0113niem ar devi\u0146iem punktiem 13. viet\u0101 ierindoj\u0101s Latvijas dambretists Henriks \u0160auva, 17. viet\u0101 &#8211; Haralds Vizulis un 18. viet\u0101 &#8211; Juris Bebri\u0161s.<\/p>\n<p>Piektdien notiek sacens\u012bbas \u0101traj\u0101 dambret\u0113, bet pasaules jaunie\u0161u \u010dempion\u0101ts 1. novembr\u012b tiks nosl\u0113gts ar \u0101trsp\u0113les turn\u012briem.<\/p>\n<p>Pirms gada Polijas pils\u0113t\u0101 \u0160klarska Poremb\u0101 par \u010dempionu sacens\u012bb\u0101s ar klasisko laika kontroli uzvaru U-8 vecuma grup\u0101 svin\u0113ja Pauls Pa\u0146ko.<\/p>\n","protected":false},"excerpt":{"rendered":"U-13 vecuma grup\u0101 z\u0113niem Toms Bartu\u0161auskis ar 11 punktiem izc\u012bn\u012bja ceturto vietu. Toms Andersons, Arvo Krebe un Aleksandrs&hellip;\n","protected":false},"author":2,"featured_media":36522,"comment_status":"","ping_status":"","sticky":false,"template":"","format":"standard","meta":{"footnotes":""},"categories":[17],"tags":[10713,35,39,38,36,37,34,10714,40,67,2380],"class_list":{"0":"post-36521","1":"post","2":"type-post","3":"status-publish","4":"format-standard","5":"has-post-thumbnail","7":"category-sports","8":"tag-dambrete","9":"tag-latvia","10":"tag-latvian","11":"tag-latviesu","12":"tag-latviesu-valoda","13":"tag-latviesuvaloda","14":"tag-latvija","15":"tag-latvijas-dambretes-federacija","16":"tag-lv","17":"tag-sports","18":"tag-turcija"},"share_on_mastodon":{"url":"https:\/\/pubeurope.com\/@lv\/115470721644195331","error":""},"_links":{"self":[{"href":"https:\/\/www.europesays.com\/lv\/wp-json\/wp\/v2\/posts\/36521","targetHints":{"allow":["GET"]}}],"collection":[{"href":"https:\/\/www.europesays.com\/lv\/wp-json\/wp\/v2\/posts"}],"about":[{"href":"https:\/\/www.europesays.com\/lv\/wp-json\/wp\/v2\/types\/post"}],"author":[{"embeddable":true,"href":"https:\/\/www.europesays.com\/lv\/wp-json\/wp\/v2\/users\/2"}],"replies":[{"embeddable":true,"href":"https:\/\/www.europesays.com\/lv\/wp-json\/wp\/v2\/comments?post=36521"}],"version-history":[{"count":0,"href":"https:\/\/www.europesays.com\/lv\/wp-json\/wp\/v2\/posts\/36521\/revisions"}],"wp:featuredmedia":[{"embeddable":true,"href":"https:\/\/www.europesays.com\/lv\/wp-json\/wp\/v2\/media\/36522"}],"wp:attachment":[{"href":"https:\/\/www.europesays.com\/lv\/wp-json\/wp\/v2\/media?parent=36521"}],"wp:term":[{"taxonomy":"category","embeddable":true,"href":"https:\/\/www.europesays.com\/lv\/wp-json\/wp\/v2\/categories?post=36521"},{"taxonomy":"post_tag","embeddable":true,"href":"https:\/\/www.europesays.com\/lv\/wp-json\/wp\/v2\/tags?post=36521"}],"curies":[{"name":"wp","href":"https:\/\/api.w.org\/{rel}","templated":true}]}}