{"id":36525,"date":"2025-10-31T20:43:08","date_gmt":"2025-10-31T20:43:08","guid":{"rendered":"https:\/\/www.europesays.com\/lv\/36525\/"},"modified":"2025-10-31T20:43:08","modified_gmt":"2025-10-31T20:43:08","slug":"trampa-un-putina-attiecibas-ir-saspringtas","status":"publish","type":"post","link":"https:\/\/www.europesays.com\/lv\/36525\/","title":{"rendered":"Trampa un Putina attiec\u012bbas ir saspringtas"},"content":{"rendered":"<p>Budape\u0161tas samita izg\u0101\u0161an\u0101s bija Putina un Trampa savstarp\u0113j\u0101s vil\u0161an\u0101s rezult\u0101ts, zi\u0146o &#8220;Finansial Times&#8221;, atsaucoties uz avotiem.<\/p>\n<p>Amerik\u0101\u0146u amatpersonas p\u0101rsteidza Krievijas \u0101rlietu ministra Sergeja Lavrova nepiek\u0101p\u012bba. Septembr\u012b, tiekoties ar amerik\u0101\u0146u kol\u0113\u0123i Marko Rubio \u0145ujork\u0101, vi\u0146\u0161 teica, ka Ukraina atrodas nacistu var\u0101. Ar\u012b p\u0113c oktrobra telefonsarunas, kas noveda pie Budape\u0161tas samita izjuk\u0161anas, Lavrovs atk\u0101rtoja tos pa\u0161us apgalvojumus.<\/p>\n<p>&#8220;Lavrovs ir ac\u012bmredzami noguris un, \u0161\u0137iet, uzskata, ka vi\u0146am ir svar\u012bg\u0101kas lietas nek\u0101 tik\u0161an\u0101s vai sadarb\u012bba ar Amerikas Savienotaj\u0101m Valst\u012bm neatkar\u012bgi no t\u0101, ko v\u0113las prezidents Putins,&#8221; raksta &#8220;Financial Times&#8221;, atsaucoties uz avotu.<\/p>\n<p>Trampu \u012bpa\u0161i kaitina Putina m\u0113\u0123in\u0101jumi liel\u012bties ar it k\u0101 g\u016btajiem pan\u0101kumiem front\u0113, v\u0113sta avoti.<\/p>\n<p>Savuk\u0101rt Krievijas diktators ar\u012b paudis vil\u0161anos Tramp\u0101, atkl\u0101ja biju\u0161ais Nacion\u0101l\u0101s izl\u016bko\u0161anas darbinieks P\u012bters \u0160r\u0113ders.<\/p>\n<p>&#8220;Vi\u0146\u0161 (Putins) nevar pan\u0101kt, lai Tramps izprastu situ\u0101ciju no vi\u0146a perspekt\u012bvas vai main\u012btu savu politiku,&#8221; sac\u012bja biju\u0161ais izl\u016bks.<\/p>\n<p>Maskava skaidri nor\u0101da, ka A\u013caskas samits bija br\u012bdis, kad s\u0101k\u0101s Trampa un Putina savstarp\u0113j\u0101 vil\u0161an\u0101s. P\u0113c Lavrova teikt\u0101, Tramps atbalst\u012bja Putina ideju par visaptvero\u0161u miera l\u012bgumu, bet p\u0113c tam atgriez\u0101s pie pras\u012bbas p\u0113c t\u016bl\u012bt\u0113ja pamiera front\u0113.<\/p>\n","protected":false},"excerpt":{"rendered":"Budape\u0161tas samita izg\u0101\u0161an\u0101s bija Putina un Trampa savstarp\u0113j\u0101s vil\u0161an\u0101s rezult\u0101ts, zi\u0146o &#8220;Finansial Times&#8221;, atsaucoties uz avotiem. Amerik\u0101\u0146u amatpersonas&hellip;\n","protected":false},"author":2,"featured_media":36526,"comment_status":"","ping_status":"","sticky":false,"template":"","format":"standard","meta":{"footnotes":""},"categories":[14],"tags":[23,57,28,29,542,32,33,22,74,30,31,35,39,38,36,37,34,40,20,26,27,24,25,235,54,55,56,21,58],"class_list":{"0":"post-36525","1":"post","2":"type-post","3":"status-publish","4":"format-standard","5":"has-post-thumbnail","7":"category-zinas-no-arvalstim","8":"tag-aktualitates","9":"tag-arvalstim","10":"tag-breaking-news","11":"tag-breakingnews","12":"tag-donalds-tramps","13":"tag-featured-news","14":"tag-featurednews","15":"tag-headlines","16":"tag-krievijas-iebrukums-ukraina","17":"tag-latest-news","18":"tag-latestnews","19":"tag-latvia","20":"tag-latvian","21":"tag-latviesu","22":"tag-latviesu-valoda","23":"tag-latviesuvaloda","24":"tag-latvija","25":"tag-lv","26":"tag-news","27":"tag-popularakas-zinas","28":"tag-popularakaszinas","29":"tag-top-stories","30":"tag-topstories","31":"tag-vladimirs-putins","32":"tag-world","33":"tag-world-news","34":"tag-worldnews","35":"tag-zinas","36":"tag-zinas-no-arvalstim"},"share_on_mastodon":{"url":"https:\/\/pubeurope.com\/@lv\/115470729574283421","error":""},"_links":{"self":[{"href":"https:\/\/www.europesays.com\/lv\/wp-json\/wp\/v2\/posts\/36525","targetHints":{"allow":["GET"]}}],"collection":[{"href":"https:\/\/www.europesays.com\/lv\/wp-json\/wp\/v2\/posts"}],"about":[{"href":"https:\/\/www.europesays.com\/lv\/wp-json\/wp\/v2\/types\/post"}],"author":[{"embeddable":true,"href":"https:\/\/www.europesays.com\/lv\/wp-json\/wp\/v2\/users\/2"}],"replies":[{"embeddable":true,"href":"https:\/\/www.europesays.com\/lv\/wp-json\/wp\/v2\/comments?post=36525"}],"version-history":[{"count":0,"href":"https:\/\/www.europesays.com\/lv\/wp-json\/wp\/v2\/posts\/36525\/revisions"}],"wp:featuredmedia":[{"embeddable":true,"href":"https:\/\/www.europesays.com\/lv\/wp-json\/wp\/v2\/media\/36526"}],"wp:attachment":[{"href":"https:\/\/www.europesays.com\/lv\/wp-json\/wp\/v2\/media?parent=36525"}],"wp:term":[{"taxonomy":"category","embeddable":true,"href":"https:\/\/www.europesays.com\/lv\/wp-json\/wp\/v2\/categories?post=36525"},{"taxonomy":"post_tag","embeddable":true,"href":"https:\/\/www.europesays.com\/lv\/wp-json\/wp\/v2\/tags?post=36525"}],"curies":[{"name":"wp","href":"https:\/\/api.w.org\/{rel}","templated":true}]}}