{"id":36527,"date":"2025-10-31T20:44:13","date_gmt":"2025-10-31T20:44:13","guid":{"rendered":"https:\/\/www.europesays.com\/lv\/36527\/"},"modified":"2025-10-31T20:44:13","modified_gmt":"2025-10-31T20:44:13","slug":"pardevejai-pie-kakla-pielika-nazi-aiztur-ruditu-rigas-veikalu-laupitaju-apollo-lv","status":"publish","type":"post","link":"https:\/\/www.europesays.com\/lv\/36527\/","title":{"rendered":"P\u0101rdev\u0113jai pie kakla pielika nazi: aiztur r\u016bd\u012btu R\u012bgas veikalu laup\u012bt\u0101ju &#8211; Apollo.lv"},"content":{"rendered":"<ol>\n<li><a href=\"https:\/\/news.google.com\/rss\/articles\/CBMiowFBVV95cUxQRUVWb1BITDNCYU9ubThONU5wOGh5YnFLU2NRb08xZDJWOHpuOThfbVhCUkQ1b3pSeVI4Zll5TnZpTm15YTFZYUZ2MkxaTUx1ZDA5RDFVb0FxbkRwalFUSENoSmdncHo5Zk1NMGZPeG1OT05yN21KU2JDR2wxNXFfV1JMUTRTa1VQaFhPcTBCLWVSdVlPNlFjeXhpQlFaaThTT0s0?oc=5\" target=\"_blank\" rel=\"nofollow noopener\">P\u0101rdev\u0113jai pie kakla pielika nazi: aiztur r\u016bd\u012btu R\u012bgas veikalu laup\u012bt\u0101ju<\/a>&nbsp;&nbsp;Apollo.lv<\/li>\n<li><a href=\"https:\/\/news.google.com\/rss\/articles\/CBMingFBVV95cUxNUVpWZlFoQ01kWng5V3NaUG1ybzc2UDN2T0Z1M21YZTlUR2h1RUxhLUdfU0VIN3FMZDFyYmNBRHdlX3ZSWWthQ2FKSDEyQ3IyaEN2UWtiRTBlUUViTkVqem1ZNXBybEZacjVQSDBHWUlSVEl3RkM4SW1RYWI4dXBDNVBXeVVISndwOFdmeFBfZ3FJV2Q0WGxubGhUejY3QQ?oc=5\" target=\"_blank\" rel=\"nofollow noopener\">Policija par div\u0101m laup\u012b\u0161an\u0101m R\u012bg\u0101 aiztur recid\u012bvistu<\/a>&nbsp;&nbsp;Delfi<\/li>\n<li><a href=\"https:\/\/news.google.com\/rss\/articles\/CBMitgFBVV95cUxNQm1SWGt0NndMT0RYcTIyQ3VNTWxpYnhWdnJESGxLMlhobzBQQ1VaLTRKQTRMMGE2bWY1MGlJWEhYRUVvVmhLVGdGSkVwUEctQUFvb0pJRmRlN1I1ZmUxdF9yb2FKVlZoNkdteGFlTURHSkNrUDdOZmV0WXBwXzlDODY2bkpObUtQdWpsLTNPUlpYdXkycnNIRUJSOWFFZktnWW91V2YwWlNzQ0NEMlJPelJlZ2FJdw?oc=5\" target=\"_blank\" rel=\"nofollow noopener\">Policija aiztur v\u012brieti, kur\u0161 veikalos ar nazi draud\u0113jis p\u0101rdev\u0113j\u0101m un nolaup\u012bjis naudu<\/a>&nbsp;&nbsp;TVNET<\/li>\n<li><a href=\"https:\/\/news.google.com\/rss\/articles\/CBMizgFBVV95cUxPZzZHVW5UaHRFQXR6VVVzSXEzdWRfR0tRMER3cHQ0SlpJTG9sb05kOFdpTmQ5OHp1Yk1xeXItZkp6czFueWV2YzhyQUZmZFppNFROR2U4a1FtQ0hKMTlPdDAweVQyY21TYVhvM19LcXVXSTFRdUtRRXBTcVhxcFdSa2pJT2VjWlFrWFh0MEViSkhUQ0pKLUZmYlBWcjZiOUI5OE11SDFrMlQ3d1BxY3ktdXVjTm1HQ085R3dieWhOZ0VXOXJERzNrdWpwMF9RUQ?oc=5\" target=\"_blank\" rel=\"nofollow noopener\">Pielika p\u0101rdev\u0113j\u0101m nazi pie kakla un draud\u0113ja nogalin\u0101t: R\u012bg\u0101 brut\u0101li aplaup\u012bti divi veikali<\/a>&nbsp;&nbsp;Inbox.lv<\/li>\n<li><a href=\"https:\/\/news.google.com\/rss\/articles\/CBMirgFBVV95cUxNbHB4UEZjcnY5dl9LS0EzM3JqZWdodk5uVDJrWTZjYXZrNmZnOUZDYVRqdzkxRXFwelJ2SWkyaldVaGw1cTk0azlMZWFEcFUyVlZvRkxVVExWUm1jTnVQNEt2bjNBRXdTOHBaZW04UTR1dXZvY25mY0RiX2VBVjhTakdjNGFFYmd2dFc2MUY0TXdORmd0VVFRQ3lqQXFZeU1GUEVhOV9XT25tUHRFQ2c?oc=5\" target=\"_blank\" rel=\"nofollow noopener\">R\u012bg\u0101 aiztur agr\u0101k sod\u012btu v\u012brieti par veikalu aplaup\u012b\u0161anu ar nazi<\/a>&nbsp;&nbsp;Lente.lv<\/li>\n<\/ol>\n","protected":false},"excerpt":{"rendered":"P\u0101rdev\u0113jai pie kakla pielika nazi: aiztur r\u016bd\u012btu R\u012bgas veikalu laup\u012bt\u0101ju&nbsp;&nbsp;Apollo.lv Policija par div\u0101m laup\u012b\u0161an\u0101m R\u012bg\u0101 aiztur recid\u012bvistu&nbsp;&nbsp;Delfi Policija&hellip;\n","protected":false},"author":2,"featured_media":4358,"comment_status":"","ping_status":"","sticky":false,"template":"","format":"standard","meta":{"footnotes":""},"categories":[12],"tags":[23,65,28,29,1900,1901,32,33,1898,22,760,1899,90,1897,30,31,35,39,38,36,37,34,40,20,26,27,1896,67,1895,24,25,285,21],"class_list":{"0":"post-36527","1":"post","2":"type-post","3":"status-publish","4":"format-standard","5":"has-post-thumbnail","7":"category-latvija","8":"tag-aktualitates","9":"tag-auto","10":"tag-breaking-news","11":"tag-breakingnews","12":"tag-brivbridis","13":"tag-daba-un-dzivnieki","14":"tag-featured-news","15":"tag-featurednews","16":"tag-galerijas","17":"tag-headlines","18":"tag-horoskopi","19":"tag-itech","20":"tag-izklaide","21":"tag-kriminalzinas","22":"tag-latest-news","23":"tag-latestnews","24":"tag-latvia","25":"tag-latvian","26":"tag-latviesu","27":"tag-latviesu-valoda","28":"tag-latviesuvaloda","29":"tag-latvija","30":"tag-lv","31":"tag-news","32":"tag-popularakas-zinas","33":"tag-popularakaszinas","34":"tag-sieviete","35":"tag-sports","36":"tag-tava-balss","37":"tag-top-stories","38":"tag-topstories","39":"tag-zala-dzive","40":"tag-zinas"},"share_on_mastodon":{"url":"https:\/\/pubeurope.com\/@lv\/115470733743011553","error":""},"_links":{"self":[{"href":"https:\/\/www.europesays.com\/lv\/wp-json\/wp\/v2\/posts\/36527","targetHints":{"allow":["GET"]}}],"collection":[{"href":"https:\/\/www.europesays.com\/lv\/wp-json\/wp\/v2\/posts"}],"about":[{"href":"https:\/\/www.europesays.com\/lv\/wp-json\/wp\/v2\/types\/post"}],"author":[{"embeddable":true,"href":"https:\/\/www.europesays.com\/lv\/wp-json\/wp\/v2\/users\/2"}],"replies":[{"embeddable":true,"href":"https:\/\/www.europesays.com\/lv\/wp-json\/wp\/v2\/comments?post=36527"}],"version-history":[{"count":0,"href":"https:\/\/www.europesays.com\/lv\/wp-json\/wp\/v2\/posts\/36527\/revisions"}],"wp:featuredmedia":[{"embeddable":true,"href":"https:\/\/www.europesays.com\/lv\/wp-json\/wp\/v2\/media\/4358"}],"wp:attachment":[{"href":"https:\/\/www.europesays.com\/lv\/wp-json\/wp\/v2\/media?parent=36527"}],"wp:term":[{"taxonomy":"category","embeddable":true,"href":"https:\/\/www.europesays.com\/lv\/wp-json\/wp\/v2\/categories?post=36527"},{"taxonomy":"post_tag","embeddable":true,"href":"https:\/\/www.europesays.com\/lv\/wp-json\/wp\/v2\/tags?post=36527"}],"curies":[{"name":"wp","href":"https:\/\/api.w.org\/{rel}","templated":true}]}}