{"id":36533,"date":"2025-10-31T20:51:15","date_gmt":"2025-10-31T20:51:15","guid":{"rendered":"https:\/\/www.europesays.com\/lv\/36533\/"},"modified":"2025-10-31T20:51:15","modified_gmt":"2025-10-31T20:51:15","slug":"piektdien-nav-saules-bet-gaidams-lietus-un-migla-lente-lv","status":"publish","type":"post","link":"https:\/\/www.europesays.com\/lv\/36533\/","title":{"rendered":"piektdien nav saules, bet gaid\u0101ms lietus un migla\u00a0\u2014\u00a0Lente.lv"},"content":{"rendered":"<p>Dienas p\u0101rskats: Ciklona vald\u012b\u0161ana Latvij\u0101 ienes r\u016bgtu rudens noska\u0146u<\/p>\n<p>\u0160odien, piektdien, 31. oktobr\u012b, Latvijas debesis ir bieza m\u0101ko\u0146u sega, kas liecina par ciklona centra atra\u0161anos virs valsts. Sinopti\u0137i prognoz\u0113, ka dienas laik\u0101 palaikam l\u012bs, \u012bpa\u0161i intens\u012bvi nokri\u0161\u0146i gaid\u0101mi nakts stund\u0101s. \u0160\u012b dr\u016bm\u0101 debesu aina rada r\u016bgtu rudens noska\u0146u, kas piespie\u017e p\u0101rdom\u0101t ikdienas pl\u0101nus.<\/p>\n<p>Laikapst\u0101k\u013cu dinamika: M\u0101ko\u0146i, lietus un migla<\/p>\n<p>Latvijas Vides, \u0123eolo\u0123ijas un meteorolo\u0123ijas centrs (LV\u0122MC) inform\u0113, ka ciklona centram \u0161\u0137\u0113rsojot Latvijas teritoriju, p\u016bt\u012bs l\u0113ns l\u012bdz m\u0113rens main\u012bga virziena v\u0113j\u0161. Nakts un dienas pirmaj\u0101 pus\u0113 j\u016bras tuvum\u0101 gaid\u0101mas zieme\u013crietumu v\u0113ja br\u0101zmas, kas var sasniegt l\u012bdz pat 20 m\/s. \u0160\u0101ds v\u0113j\u0161 liek kokiem \u0161alkt un rada saj\u016btu par gaid\u0101m\u0101m p\u0101rmai\u0146\u0101m. Turkl\u0101t, gan nakt\u012b, gan dien\u0101 atsevi\u0161\u0137os rajonos veidosies migla, kas b\u016btiski pasliktin\u0101s redzam\u012bbu. \u0160\u012b miglain\u0101 aura pie\u0161\u0137ir ainavai mistisku, bet ar\u012b nedaudz baisumu, jo nav iesp\u0113jams saredz\u0113t, kas sl\u0113pjas priek\u0161pl\u0101n\u0101.<\/p>\n<p>Gaisa temperat\u016bra diennakts laik\u0101 sv\u0101rst\u012bsies ap +6 l\u012bdz +11 gr\u0101diem p\u0113c Celsija skalas. Dien\u0101 termometra stabi\u0146\u0161 daudzviet pak\u0101psies l\u012bdz +8..+11 gr\u0101diem, R\u012bg\u0101 sasniedzot pat +10..+11 gr\u0101dus. Tom\u0113r \u0161\u012b sal\u012bdzino\u0161i maig\u0101 temperat\u016bra neatsver dr\u016bmo noska\u0146u, ko rada past\u0101v\u012bgais apm\u0101ku\u0161os debess jumts.<\/p>\n<p>Ned\u0113\u013cas nogale un n\u0101kam\u0101 ned\u0113\u013ca: L\u0113n\u0101m uzlabosies<\/p>\n<p>Laikapst\u0101k\u013cu prognozes liecina, ka sestdien, 1. novembr\u012b, neliels lietus gaid\u0101ms vairs tikai viet\u0101m Latvij\u0101, galvenok\u0101rt valsts rietumu da\u013c\u0101. Da\u017eviet pat uzsp\u012bd\u0113s saule. \u0160\u012b ir k\u0101 gaismas stars tum\u0161\u0101 tunel\u012b, dodot cer\u012bbu uz lab\u0101kiem laikiem. Tom\u0113r nakt\u012b un priek\u0161pusdien\u0101 v\u0113l saglab\u0101sies migla, un v\u0113j\u0161 b\u016bs l\u0113ns.<\/p>\n<p>Sv\u0113tdien, 2. novembr\u012b, nokri\u0161\u0146i k\u013c\u016bs pla\u0161\u0101ki, radot saj\u016btu, ka rudens v\u0113l nav gatavs atk\u0101pties. N\u0101kam\u0101s ned\u0113\u013cas s\u0101kum\u0101 Latvijas teritorij\u0101 s\u0101ks nostiprin\u0101ties anticiklona ietekme, kas nodro\u0161in\u0101s sal\u012bdzino\u0161i saus\u0101kus laikapst\u0101k\u013cus. Pirmdien, 3. novembr\u012b, v\u0113l b\u016bs lietain\u0101ks laiks, bet turpm\u0101kaj\u0101s dien\u0101s nokri\u0161\u0146i mit\u0113sies un b\u016bs sal\u012bdzino\u0161i saus\u0101ks. Nakt\u012bs termometra stabi\u0146\u0161 nenosl\u012bd\u0113s zem +4 gr\u0101du atz\u012bmes, savuk\u0101rt dien\u0101s gaisa temperat\u016bra nep\u0101rsniegs +10..+12 gr\u0101dus. \u0160\u012b prognoze sniedz mierin\u0101jumu, nor\u0101dot uz pak\u0101penisku atgrie\u0161anos pie stabil\u0101kiem un pat\u012bkam\u0101kiem laikapst\u0101k\u013ciem.<\/p>\n<p>Laikapst\u0101k\u013cu tendences: Rudens noska\u0146as un ziema tuvum\u0101<\/p>\n<p>Lai gan \u0161obr\u012bd virs Latvijas valda ciklona dikt\u0113tie dr\u016bmie laikapst\u0101k\u013ci, rudens tuvojas nosl\u0113gumam. Oktobris Latvij\u0101 kopum\u0101 prognoz\u0113ts nedaudz silt\u0101ks un mitr\u0101ks par normu. \u0160\u012b sezona ir k\u0101 atg\u0101din\u0101jums par dabas neparedzam\u012bbu un t\u0101s sp\u0113ku, kas m\u016bs vienm\u0113r sp\u0113j p\u0101rsteigt. Turpm\u0101k\u0101s prognozes par novembra un ziemas laikapst\u0101k\u013ciem tiks preciz\u0113tas, ta\u010du ir skaidrs, ka rudens v\u0113l nav teicis savu p\u0113d\u0113jo v\u0101rdu.<\/p>\n","protected":false},"excerpt":{"rendered":"Dienas p\u0101rskats: Ciklona vald\u012b\u0161ana Latvij\u0101 ienes r\u016bgtu rudens noska\u0146u \u0160odien, piektdien, 31. oktobr\u012b, Latvijas debesis ir bieza m\u0101ko\u0146u&hellip;\n","protected":false},"author":2,"featured_media":36534,"comment_status":"","ping_status":"","sticky":false,"template":"","format":"standard","meta":{"footnotes":""},"categories":[5],"tags":[23,28,29,5103,32,33,22,152,1052,30,31,35,39,38,36,37,34,40,10715,20,1599,26,27,24,25,21],"class_list":{"0":"post-36533","1":"post","2":"type-post","3":"status-publish","4":"format-standard","5":"has-post-thumbnail","7":"category-aktualitates","8":"tag-aktualitates","9":"tag-breaking-news","10":"tag-breakingnews","11":"tag-ciklons","12":"tag-featured-news","13":"tag-featurednews","14":"tag-headlines","15":"tag-laika-prognoze","16":"tag-laikapstakli-latvija","17":"tag-latest-news","18":"tag-latestnews","19":"tag-latvia","20":"tag-latvian","21":"tag-latviesu","22":"tag-latviesu-valoda","23":"tag-latviesuvaloda","24":"tag-latvija","25":"tag-lv","26":"tag-migla","27":"tag-news","28":"tag-nokrisni","29":"tag-popularakas-zinas","30":"tag-popularakaszinas","31":"tag-top-stories","32":"tag-topstories","33":"tag-zinas"},"share_on_mastodon":{"url":"https:\/\/pubeurope.com\/@lv\/115470760897712662","error":""},"_links":{"self":[{"href":"https:\/\/www.europesays.com\/lv\/wp-json\/wp\/v2\/posts\/36533","targetHints":{"allow":["GET"]}}],"collection":[{"href":"https:\/\/www.europesays.com\/lv\/wp-json\/wp\/v2\/posts"}],"about":[{"href":"https:\/\/www.europesays.com\/lv\/wp-json\/wp\/v2\/types\/post"}],"author":[{"embeddable":true,"href":"https:\/\/www.europesays.com\/lv\/wp-json\/wp\/v2\/users\/2"}],"replies":[{"embeddable":true,"href":"https:\/\/www.europesays.com\/lv\/wp-json\/wp\/v2\/comments?post=36533"}],"version-history":[{"count":0,"href":"https:\/\/www.europesays.com\/lv\/wp-json\/wp\/v2\/posts\/36533\/revisions"}],"wp:featuredmedia":[{"embeddable":true,"href":"https:\/\/www.europesays.com\/lv\/wp-json\/wp\/v2\/media\/36534"}],"wp:attachment":[{"href":"https:\/\/www.europesays.com\/lv\/wp-json\/wp\/v2\/media?parent=36533"}],"wp:term":[{"taxonomy":"category","embeddable":true,"href":"https:\/\/www.europesays.com\/lv\/wp-json\/wp\/v2\/categories?post=36533"},{"taxonomy":"post_tag","embeddable":true,"href":"https:\/\/www.europesays.com\/lv\/wp-json\/wp\/v2\/tags?post=36533"}],"curies":[{"name":"wp","href":"https:\/\/api.w.org\/{rel}","templated":true}]}}