{"id":36577,"date":"2025-10-31T23:01:08","date_gmt":"2025-10-31T23:01:08","guid":{"rendered":"https:\/\/www.europesays.com\/lv\/36577\/"},"modified":"2025-10-31T23:01:08","modified_gmt":"2025-10-31T23:01:08","slug":"tramps-un-putins-ir-vilusies-viens-otra-un-nespej-parvaret-savas-domstarpibas","status":"publish","type":"post","link":"https:\/\/www.europesays.com\/lv\/36577\/","title":{"rendered":"Tramps un Putins ir v\u012blu\u0161ies viens otr\u0101 un nesp\u0113j p\u0101rvar\u0113t savas domstarp\u012bbas"},"content":{"rendered":"<p>T\u0101, piem\u0113ram, amerik\u0101\u0146u amatpersonas p\u0101rsteidza Krievijas \u0101rlietu ministra Sergeja Lavrova nelok\u0101m\u012bba. Septembr\u012b, tiekoties ar savu amerik\u0101\u0146u kol\u0113\u0123i Marko Rubio \u0145ujork\u0101, Lavrovs pazi\u0146oja, ka \u201cUkraina atrodas nacistu rok\u0101s\u201d. Savuk\u0101rt telefonsarun\u0101 oktobr\u012b, p\u0113c kuras ar\u012b tika nolemts neturpin\u0101t darbu pie Budape\u0161tas samita gatavo\u0161anas, Lavrovs \u0161os apgalvojumus atk\u0101rtoja.<\/p>\n<p>\u201cLavrovs ir ac\u012bmredzami noguris un \u0161\u0137iet, ka vi\u0146am ir svar\u012bg\u0101kas lietas nek\u0101 tikties vai mijiedarboties ar ASV, neatkar\u012bgi no t\u0101, ko v\u0113las Putins,\u201d sac\u012bja k\u0101ds inform\u0113ts avots \u201cFinancial Times\u201d.<\/p>\n<p>Turkl\u0101t ar\u012b Trampu \u013coti kaitina Putina m\u0113\u0123in\u0101jumi liel\u012bties ar ap\u0161aub\u0101miem pan\u0101kumiem front\u0113.<\/p>\n<p>Ar\u012b Putins paudis vil\u0161anos Tramp\u0101, atkl\u0101jis biju\u0161ais Nacion\u0101l\u0101s izl\u016bko\u0161anas padomes darbinieks P\u012bters \u0160r\u0113ders, kur\u0161 atbild\u0113ja par Krievijas virzienu.<\/p>\n<p>\u201cVi\u0146\u0161 [Putins] nevar piespiest Trampu saprast situ\u0101ciju no sava skatu punkta vai piespiest main\u012bt savu politiku,\u201d sac\u012bja biju\u0161ais izl\u016bks.<\/p>\n<p>Maskav\u0101 liek noprast, ka abpus\u0113j\u0101s vil\u0161an\u0101s punkts bija samits A\u013cask\u0101. P\u0113c Lavrova teikt\u0101, toreiz Tramps esot atbalst\u012bjis Putina ideju nosl\u0113gt visaptvero\u0161u miera vieno\u0161anos, ta\u010du p\u0113c tam esot atgriezies pie idejas nekav\u0113joties p\u0101rtraukt uguni vis\u0101 front\u0113.<\/p>\n","protected":false},"excerpt":{"rendered":"T\u0101, piem\u0113ram, amerik\u0101\u0146u amatpersonas p\u0101rsteidza Krievijas \u0101rlietu ministra Sergeja Lavrova nelok\u0101m\u012bba. Septembr\u012b, tiekoties ar savu amerik\u0101\u0146u kol\u0113\u0123i Marko&hellip;\n","protected":false},"author":2,"featured_media":36578,"comment_status":"","ping_status":"","sticky":false,"template":"","format":"standard","meta":{"footnotes":""},"categories":[14],"tags":[23,57,28,29,542,32,33,22,30,31,35,39,38,36,37,34,40,20,26,27,24,25,235,54,55,56,21,58],"class_list":{"0":"post-36577","1":"post","2":"type-post","3":"status-publish","4":"format-standard","5":"has-post-thumbnail","7":"category-zinas-no-arvalstim","8":"tag-aktualitates","9":"tag-arvalstim","10":"tag-breaking-news","11":"tag-breakingnews","12":"tag-donalds-tramps","13":"tag-featured-news","14":"tag-featurednews","15":"tag-headlines","16":"tag-latest-news","17":"tag-latestnews","18":"tag-latvia","19":"tag-latvian","20":"tag-latviesu","21":"tag-latviesu-valoda","22":"tag-latviesuvaloda","23":"tag-latvija","24":"tag-lv","25":"tag-news","26":"tag-popularakas-zinas","27":"tag-popularakaszinas","28":"tag-top-stories","29":"tag-topstories","30":"tag-vladimirs-putins","31":"tag-world","32":"tag-world-news","33":"tag-worldnews","34":"tag-zinas","35":"tag-zinas-no-arvalstim"},"share_on_mastodon":{"url":"https:\/\/pubeurope.com\/@lv\/115471272039151573","error":""},"_links":{"self":[{"href":"https:\/\/www.europesays.com\/lv\/wp-json\/wp\/v2\/posts\/36577","targetHints":{"allow":["GET"]}}],"collection":[{"href":"https:\/\/www.europesays.com\/lv\/wp-json\/wp\/v2\/posts"}],"about":[{"href":"https:\/\/www.europesays.com\/lv\/wp-json\/wp\/v2\/types\/post"}],"author":[{"embeddable":true,"href":"https:\/\/www.europesays.com\/lv\/wp-json\/wp\/v2\/users\/2"}],"replies":[{"embeddable":true,"href":"https:\/\/www.europesays.com\/lv\/wp-json\/wp\/v2\/comments?post=36577"}],"version-history":[{"count":0,"href":"https:\/\/www.europesays.com\/lv\/wp-json\/wp\/v2\/posts\/36577\/revisions"}],"wp:featuredmedia":[{"embeddable":true,"href":"https:\/\/www.europesays.com\/lv\/wp-json\/wp\/v2\/media\/36578"}],"wp:attachment":[{"href":"https:\/\/www.europesays.com\/lv\/wp-json\/wp\/v2\/media?parent=36577"}],"wp:term":[{"taxonomy":"category","embeddable":true,"href":"https:\/\/www.europesays.com\/lv\/wp-json\/wp\/v2\/categories?post=36577"},{"taxonomy":"post_tag","embeddable":true,"href":"https:\/\/www.europesays.com\/lv\/wp-json\/wp\/v2\/tags?post=36577"}],"curies":[{"name":"wp","href":"https:\/\/api.w.org\/{rel}","templated":true}]}}