{"id":36579,"date":"2025-10-31T23:03:14","date_gmt":"2025-10-31T23:03:14","guid":{"rendered":"https:\/\/www.europesays.com\/lv\/36579\/"},"modified":"2025-10-31T23:03:14","modified_gmt":"2025-10-31T23:03:14","slug":"fronte-mes-to-daram-ar-tadiem-ka-jus","status":"publish","type":"post","link":"https:\/\/www.europesays.com\/lv\/36579\/","title":{"rendered":"front\u0113 m\u0113s to dar\u0101m ar t\u0101diem k\u0101 j\u016bs!"},"content":{"rendered":"<p>\u201cKlausies mani, tur ar drosmi rozet\u0113 esi uzl\u0101d\u0113jies vai k\u0101d\u0113\u013c, bet \u0161\u0101di tu run\u0101si ar saviem radiem. Tu, d\u0101rgais, nol\u0113mi, ja jau es esmu deput\u0101ts, tad uz paka\u013ck\u0101j\u0101m l\u0113k\u0101\u0161u un paciet\u012b\u0161u lopisku attieksmi pret sevi? Tu vienu lietu esi aizmirsis vai ar\u012b nezin\u0101ji \u2013 es par deput\u0101tu k\u013cuvu nevis no augst\u0101kaj\u0101m partijas skol\u0101m, bet tie\u0161i no frontes, kur par t\u0101diem v\u0101rdiem \u201cnonull\u0113\u201d, un es neciet\u012b\u0161u t\u0101du attieksmi pret sevi,\u201d pazi\u0146oja Pa\u0161\u010denko. \u201cT\u0101p\u0113c vari ar mani vairs nesazin\u0101ties, tu mani neinteres\u0113, k\u0101 ar\u012b tavs viedoklis no vis\u0101m pus\u0113m, kad iem\u0101c\u012bsies element\u0101ru \u0113tiku, parun\u0101sim. Bet tagad vari uz\u0146emt ekr\u0101n\u0161\u0101vi\u0146u un s\u016bdz\u0113ties par mani jebkur\u0101 pasaules instanc\u0113, Neslimo!\u201d<\/p>\n","protected":false},"excerpt":{"rendered":"\u201cKlausies mani, tur ar drosmi rozet\u0113 esi uzl\u0101d\u0113jies vai k\u0101d\u0113\u013c, bet \u0161\u0101di tu run\u0101si ar saviem radiem. Tu,&hellip;\n","protected":false},"author":2,"featured_media":36580,"comment_status":"","ping_status":"","sticky":false,"template":"","format":"standard","meta":{"footnotes":""},"categories":[5],"tags":[23,28,29,32,33,22,30,31,35,39,38,36,37,34,40,20,26,27,24,25,21],"class_list":{"0":"post-36579","1":"post","2":"type-post","3":"status-publish","4":"format-standard","5":"has-post-thumbnail","7":"category-aktualitates","8":"tag-aktualitates","9":"tag-breaking-news","10":"tag-breakingnews","11":"tag-featured-news","12":"tag-featurednews","13":"tag-headlines","14":"tag-latest-news","15":"tag-latestnews","16":"tag-latvia","17":"tag-latvian","18":"tag-latviesu","19":"tag-latviesu-valoda","20":"tag-latviesuvaloda","21":"tag-latvija","22":"tag-lv","23":"tag-news","24":"tag-popularakas-zinas","25":"tag-popularakaszinas","26":"tag-top-stories","27":"tag-topstories","28":"tag-zinas"},"share_on_mastodon":{"url":"https:\/\/pubeurope.com\/@lv\/115471279917238261","error":""},"_links":{"self":[{"href":"https:\/\/www.europesays.com\/lv\/wp-json\/wp\/v2\/posts\/36579","targetHints":{"allow":["GET"]}}],"collection":[{"href":"https:\/\/www.europesays.com\/lv\/wp-json\/wp\/v2\/posts"}],"about":[{"href":"https:\/\/www.europesays.com\/lv\/wp-json\/wp\/v2\/types\/post"}],"author":[{"embeddable":true,"href":"https:\/\/www.europesays.com\/lv\/wp-json\/wp\/v2\/users\/2"}],"replies":[{"embeddable":true,"href":"https:\/\/www.europesays.com\/lv\/wp-json\/wp\/v2\/comments?post=36579"}],"version-history":[{"count":0,"href":"https:\/\/www.europesays.com\/lv\/wp-json\/wp\/v2\/posts\/36579\/revisions"}],"wp:featuredmedia":[{"embeddable":true,"href":"https:\/\/www.europesays.com\/lv\/wp-json\/wp\/v2\/media\/36580"}],"wp:attachment":[{"href":"https:\/\/www.europesays.com\/lv\/wp-json\/wp\/v2\/media?parent=36579"}],"wp:term":[{"taxonomy":"category","embeddable":true,"href":"https:\/\/www.europesays.com\/lv\/wp-json\/wp\/v2\/categories?post=36579"},{"taxonomy":"post_tag","embeddable":true,"href":"https:\/\/www.europesays.com\/lv\/wp-json\/wp\/v2\/tags?post=36579"}],"curies":[{"name":"wp","href":"https:\/\/api.w.org\/{rel}","templated":true}]}}