{"id":36595,"date":"2025-10-31T23:34:07","date_gmt":"2025-10-31T23:34:07","guid":{"rendered":"https:\/\/www.europesays.com\/lv\/36595\/"},"modified":"2025-10-31T23:34:07","modified_gmt":"2025-10-31T23:34:07","slug":"iepazisties-ar-slavenajiem-latviesiem-kuri-svin-dzimsanas-dienu-patriotu-menesi-lente-lv","status":"publish","type":"post","link":"https:\/\/www.europesays.com\/lv\/36595\/","title":{"rendered":"Iepaz\u012bsties ar slavenajiem latvie\u0161iem, kuri svin dzim\u0161anas dienu patriotu m\u0113nes\u012b\u00a0\u2014\u00a0Lente.lv"},"content":{"rendered":"<p>Novembra jubil\u0101ri un vi\u0146u sasniegumi<\/p>\n<p>Novembris, patriotu m\u0113nesis, bag\u0101ts ne vien ar valstiskiem sv\u0113tkiem, bet ar\u012b ar spilgtiem jubil\u0101riem Latvijas kult\u016bras, sporta un sabiedriskaj\u0101 dz\u012bv\u0113. \u0160is ir \u012bpa\u0161s laiks, kad atskat\u012bties uz talantiem, kuri savu dzim\u0161anas dienu atz\u012bm\u0113 &#8220;patriotu m\u0113nes\u012b&#8221;, sniedzot savu ieguld\u012bjumu Latvijas un pasaules att\u012bst\u012bb\u0101.<\/p>\n<p>Izcil\u012bbas, kas ienesu\u0161as gaismu<\/p>\n<p>Latvijas izklaides un kult\u016bras dz\u012bv\u0113 novembris ir \u012bpa\u0161i pies\u0101tin\u0101ts ar jubil\u0101riem. Piem\u0113ram, aktieri, kuri m\u016bs priec\u0113 ar saviem talantiem, bie\u017ei vien savu dzim\u0161anas dienu svin \u0161aj\u0101 m\u0113nes\u012b. Atcer\u0113simies, ka Latvijas Telev\u012bzija savu darb\u012bbu s\u0101ka tie\u0161i 6. novembr\u012b, un \u0161is datums saist\u0101s ar\u012b ar izcilu aktrisi Zani Daudzi\u0146u. T\u0101pat novembr\u012b savu jubileju svin aktieris Voldem\u0101rs \u0160ori\u0146\u0161, bet aktieris Vilis Daudzi\u0146\u0161 ir viens no tiem, kas savu dzim\u0161anas dienu atz\u012bm\u0113 7. novembr\u012b.<\/p>\n<p>Sporta pasaules spilgtie br\u012b\u017ei<\/p>\n<p>Ar\u012b sporta dz\u012bv\u0113 novembris nav iz\u0146\u0113mums godin\u0101majos jubil\u0101ros. Piem\u0113ram, 1988. gada Seulas olimpisko sp\u0113\u013cu \u010dempions kanoe air\u0113\u0161an\u0101 Ivans Klementjevs ir novembra jubil\u0101rs. Savuk\u0101rt \u0161ahiste un bijus\u012b ekonomikas un finan\u0161u ministre Dana Reizniece-Ozola savu dzim\u0161anas dienu atz\u012bm\u0113 6. novembr\u012b. Kaspars Gork\u0161s, biju\u0161ais futbolists un Latvijas Futbola feder\u0101cijas prezidents, ar\u012b ir novembra jubil\u0101rs.<\/p>\n<p>Zin\u0101tnes un kult\u016bras mantojums<\/p>\n<p>Novembr\u012b dzimu\u0161i ar\u012b cilv\u0113ki, kuri devu\u0161i iev\u0113rojamu ieguld\u012bjumu zin\u0101tn\u0113 un kult\u016br\u0101. Piem\u0113ram, 6. novembr\u012b dzimis D\u017eeimss Neismits, basketbola izgudrot\u0101js, un \u0100dolfs Sakss, saksofona rad\u012bt\u0101js. Savuk\u0101rt 7. novembr\u012b pasaul\u0113 dzimusi Marija Kir\u012b, slaven\u0101 \u0137\u012bmi\u0137e un fizi\u0137e, kas ieguvusi Nobela pr\u0113miju.<\/p>\n","protected":false},"excerpt":{"rendered":"Novembra jubil\u0101ri un vi\u0146u sasniegumi Novembris, patriotu m\u0113nesis, bag\u0101ts ne vien ar valstiskiem sv\u0113tkiem, bet ar\u012b ar spilgtiem&hellip;\n","protected":false},"author":2,"featured_media":36596,"comment_status":"","ping_status":"","sticky":false,"template":"","format":"standard","meta":{"footnotes":""},"categories":[19],"tags":[89,90,35,39,38,36,37,34,10733,40,10731,10734,10732,10735],"class_list":{"0":"post-36595","1":"post","2":"type-post","3":"status-publish","4":"format-standard","5":"has-post-thumbnail","7":"category-izklaide","8":"tag-entertainment","9":"tag-izklaide","10":"tag-latvia","11":"tag-latvian","12":"tag-latviesu","13":"tag-latviesu-valoda","14":"tag-latviesuvaloda","15":"tag-latvija","16":"tag-latvijas-dzimsanas-dienas","17":"tag-lv","18":"tag-novembra-jubilari","19":"tag-novembra-notikumi","20":"tag-slaveni-latviesi","21":"tag-slavenibu-jubilejas"},"share_on_mastodon":{"url":"https:\/\/pubeurope.com\/@lv\/115471401933916782","error":""},"_links":{"self":[{"href":"https:\/\/www.europesays.com\/lv\/wp-json\/wp\/v2\/posts\/36595","targetHints":{"allow":["GET"]}}],"collection":[{"href":"https:\/\/www.europesays.com\/lv\/wp-json\/wp\/v2\/posts"}],"about":[{"href":"https:\/\/www.europesays.com\/lv\/wp-json\/wp\/v2\/types\/post"}],"author":[{"embeddable":true,"href":"https:\/\/www.europesays.com\/lv\/wp-json\/wp\/v2\/users\/2"}],"replies":[{"embeddable":true,"href":"https:\/\/www.europesays.com\/lv\/wp-json\/wp\/v2\/comments?post=36595"}],"version-history":[{"count":0,"href":"https:\/\/www.europesays.com\/lv\/wp-json\/wp\/v2\/posts\/36595\/revisions"}],"wp:featuredmedia":[{"embeddable":true,"href":"https:\/\/www.europesays.com\/lv\/wp-json\/wp\/v2\/media\/36596"}],"wp:attachment":[{"href":"https:\/\/www.europesays.com\/lv\/wp-json\/wp\/v2\/media?parent=36595"}],"wp:term":[{"taxonomy":"category","embeddable":true,"href":"https:\/\/www.europesays.com\/lv\/wp-json\/wp\/v2\/categories?post=36595"},{"taxonomy":"post_tag","embeddable":true,"href":"https:\/\/www.europesays.com\/lv\/wp-json\/wp\/v2\/tags?post=36595"}],"curies":[{"name":"wp","href":"https:\/\/api.w.org\/{rel}","templated":true}]}}