{"id":36601,"date":"2025-10-31T23:40:09","date_gmt":"2025-10-31T23:40:09","guid":{"rendered":"https:\/\/www.europesays.com\/lv\/36601\/"},"modified":"2025-10-31T23:40:09","modified_gmt":"2025-10-31T23:40:09","slug":"koris-kamer-ceturto-reizi-triumfe-eiropas-grand-prix-lente-lv-2","status":"publish","type":"post","link":"https:\/\/www.europesays.com\/lv\/36601\/","title":{"rendered":"koris &#8220;Kam\u0113r&#8230;&#8221; ceturto reizi triumf\u0113 Eiropas Grand Prix\u00a0\u2014\u00a0Lente.lv"},"content":{"rendered":"<p>Svin\u012bg\u0101 uzvara: Koris &#8220;Kam\u0113r&#8230;&#8221; ceturto reizi triumf\u0113 Eiropas Grand Prix<\/p>\n<p>Latvijas jaunie\u0161u koris &#8220;Kam\u0113r&#8230;&#8221;, diri\u0123enta Jur\u0123a C\u0101bu\u013ca vad\u012bb\u0101, ir sasniedzis jaunu, spo\u017eu virsotni sav\u0101 izcilaj\u0101 v\u0113stur\u0113, ceturto reizi izc\u012bnot presti\u017eo Eiropas koru &#8220;Grand Prix&#8221; trofeju. \u0160is iespaid\u012bgais pan\u0101kums svin\u0113ts Sp\u0101nijas pils\u0113t\u0101 Tolos\u0101, apliecinot kora nemain\u012bgi augsto m\u0101ksliniecisko l\u012bmeni un dzi\u013co emocion\u0101lo piesk\u0101rienu, kas sp\u0113j aizraut gan \u017e\u016briju, gan klaus\u012bt\u0101jus.<\/p>\n<p>V\u0113sturiska pan\u0101kumu virkne un unik\u0101lais rekords<\/p>\n<p>\u0160\u012b ir jau ceturt\u0101 reize, kad koris &#8220;Kam\u0113r&#8230;&#8221; ieguvis Eiropas &#8220;Grand Prix&#8221; trofeju, nostiprinot savu unik\u0101lo vietu pasaules korm\u016bzikas elit\u0113. Pirmo reizi \u0161o atzin\u012bbu koris sa\u0146\u0113ma 2004. gad\u0101 diri\u0123enta M\u0101ra Sirm\u0101 vad\u012bb\u0101, kam sekoja uzvaras 2013. gad\u0101 J\u0101\u0146a Liepi\u0146a un 2019. gad\u0101 Aivja Gretera vad\u012bb\u0101. Tagad, 2025. gad\u0101, Jur\u0123a C\u0101bu\u013ca vad\u012bb\u0101, koris &#8220;Kam\u0113r&#8230;&#8221; ir ne tikai nostiprin\u0101jis savu rekordu, bet ar\u012b k\u013cuvis par pasaul\u0113 vien\u012bgo kolekt\u012bvu, kas \u0161o augsto apbalvojumu ieguvis \u010detras reizes. \u0160\u0101ds sasniegums ir bezprecedenta un liecina par kolekt\u012bva sp\u0113ju nep\u0101rtraukti uztur\u0113t un att\u012bst\u012bt m\u0101ksliniecisko meistar\u012bbu gadu desmitiem \u2013 reta par\u0101d\u012bba pat starptautisk\u0101 m\u0113rog\u0101.<\/p>\n<p>Gadu desmitu darbs, cent\u012bba un dzi\u013ci ieskatu sniedzo\u0161s sniegums<\/p>\n<p>Pan\u0101kumu pamat\u0101 ir gadu desmitiem kopt\u0101 kvalit\u0101te un nelok\u0101m\u0101 cent\u012bba, ko koris &#8220;Kam\u0113r&#8230;&#8221; demonstr\u0113 kop\u0161 t\u0101 dibin\u0101\u0161anas 1990. gad\u0101. Kolekt\u012bvs ir k\u013cuvis par Latvijas kult\u016bras v\u0113stnieku, nesot m\u016bsu m\u016bzikas ska\u0146as un dv\u0113seli uz pasaules noz\u012bm\u012bg\u0101kajiem festiv\u0101liem un konkursiem. Ce\u013c\u0161 l\u012bdz \u0161ai ceturtajai &#8220;Grand Prix&#8221; trofejai ir bijis piepild\u012bts ar neskait\u0101m\u0101m m\u0113\u0123in\u0101jumu stund\u0101m, r\u016bp\u012bgu darbu pie pla\u0161\u0101 repertu\u0101ra un diri\u0123enta Jur\u0123a C\u0101bu\u013ca iedvesmojo\u0161o vad\u012bbu. Vi\u0146a v\u012bzija un prasme motiv\u0113t jaunos dzied\u0101t\u0101jus ir bijusi galvenais dzin\u0113jsp\u0113ks, kas \u013c\u0101vis korim ne tikai saglab\u0101t, bet ar\u012b audz\u0113t savu meistar\u012bbu. Pa\u0161i kora dal\u012bbnieki uzsver, ka katra uzst\u0101\u0161an\u0101s ir k\u0101 emocion\u0101ls ce\u013cojums, kur\u0101 tiek nodots st\u0101sts, dzi\u013cas emocijas un latvie\u0161u gar\u012bg\u0101 bag\u0101t\u012bba.<\/p>\n<p>Fin\u0101la konkurence un kora izpild\u012bt\u0101 programma<\/p>\n<p>Eiropas koru &#8220;Grand Prix&#8221; fin\u0101l\u0101, kas norisin\u0101j\u0101s Sp\u0101nijas pils\u0113t\u0101 Tolos\u0101, koris &#8220;Kam\u0113r&#8230;&#8221; sacent\u0101s ar izciliem koriem no da\u017e\u0101d\u0101m pasaules valst\u012bm, tostarp Latvijas kori &#8220;S\u014dla&#8221;, vienu kori no Indon\u0113zijas un diviem koriem no Filip\u012bn\u0101m. Kora sniegums fin\u0101l\u0101 bija iespaid\u012bgs, izpildot vair\u0101kus noz\u012bm\u012bgus ska\u0146darbus. Tika atska\u0146ota \u0100dolfa Skultes un Ziedo\u0146a Purva po\u0113ma &#8220;J\u016brai&#8221;, Henrija P\u0113rsela un Svena D\u0101vida Sandstr\u0113ma &#8220;Hear my prayer, O Lord&#8221; (Uzklausi manu l\u016bg\u0161anu, ak, Kungs), Ri\u010darda D\u0113ringa &#8220;Factum est silentium&#8221; (Iest\u0101j\u0101s klusums) no Atkl\u0101smes gr\u0101matas, \u0112rika E\u0161envalda &#8220;A Drop in the Ocean&#8221; (Piliens oke\u0101n\u0101) ar M\u0101tes Ter\u0113zes v\u0101rdiem un Tadejas Vulcas &#8220;Sine Sole Nihil Sum&#8221; (Bez saules es esmu nekas). \u0160\u012b daudzveid\u012bg\u0101 izv\u0113le liecina par kora sp\u0113ju izcili interpret\u0113t da\u017e\u0101dus m\u016bzikas \u017eanrus un laikmetus.<\/p>\n<p>Atbalsts un atgrie\u0161an\u0101s m\u0101j\u0101s<\/p>\n<p>Kora dal\u012bbu Eiropas &#8220;Grand Prix&#8221; fin\u0101l\u0101 un tam sekojo\u0161o turneju atbalst\u012bja R\u012bgas pa\u0161vald\u012bbas Izgl\u012bt\u012bbas, kult\u016bras un sporta departaments un R\u012bgas pa\u0161vald\u012bbas kult\u016bras iest\u0101\u017eu apvien\u012bbas Koncertorganiz\u0101cija &#8220;Ave Sol&#8221;, k\u0101 ar\u012b fonds &#8220;TAVS ATBALSTS&#8221;, Biznesa vad\u012bbas koled\u017ea un zv\u0113rin\u0101ts advok\u0101ts Sandis B\u0113rtaitis. P\u0113c uzvaras un koncertiem vis\u0101 Sp\u0101nij\u0101, koris &#8220;Kam\u0113r&#8230;&#8221; paredz\u0113ts ielidot R\u012bg\u0101 pirmdien, 27. oktobr\u012b, plkst. 19:50.<\/p>\n<p>Par Eiropas Grand Prix<\/p>\n<p>Eiropas &#8220;Grand Prix&#8221; kora dzied\u0101\u0161an\u0101 ir viens no presti\u017e\u0101kajiem un gaid\u012bt\u0101kajiem apbalvojumiem Eiropas korm\u016bzikas pasaul\u0113. Tas ir ikgad\u0113js konkurss, kur\u0101 piedal\u0101s se\u0161u Eiropas koru konkursu uzvar\u0113t\u0101ji, un taj\u0101 var piedal\u012bties kori no visas pasaules. Balvas pie\u0161\u0137ir\u0161ana ir apliecin\u0101jums ne tikai izcilam vok\u0101lajam sniegumam, bet ar\u012b m\u0101kslinieciskajai interpret\u0101cijai, programmas ori\u0123inalit\u0101tei un kop\u0113jam iespaidam.<\/p>\n<p>Koris &#8220;Kam\u0113r&#8230;&#8221; \u2013 le\u0123enda Latvijas kult\u016br\u0101<\/p>\n<p>Koris &#8220;Kam\u0113r&#8230;&#8221;, kas dibin\u0101ts 1990. gad\u0101, ir k\u013cuvis par nemain\u012bgu kvalit\u0101tes simbolu un Latvijas kult\u016bras v\u0113rt\u012bgu mantojumu. Vi\u0146a sasniegumi, tostarp \u010detras uzvaras Eiropas &#8220;Grand Prix&#8221; konkurs\u0101, daudz\u0101s starptautisk\u0101s godalgas un akt\u012bv\u0101 koncertdarb\u012bba vis\u0101 pasaul\u0113, apliecina t\u0101 unik\u0101lo vietu korm\u016bzikas v\u0113stur\u0113. Koris turpina iedvesmot un p\u0101rsteigt ar savu m\u0101ksliniecisko dzi\u013cumu un aizraut\u012bbu, apliecinot, ka ilggad\u012bgs darbs un nelok\u0101ma cent\u012bba patie\u0161\u0101m atmaks\u0101jas.<\/p>\n","protected":false},"excerpt":{"rendered":"Svin\u012bg\u0101 uzvara: Koris &#8220;Kam\u0113r&#8230;&#8221; ceturto reizi triumf\u0113 Eiropas Grand Prix Latvijas jaunie\u0161u koris &#8220;Kam\u0113r&#8230;&#8221;, diri\u0123enta Jur\u0123a C\u0101bu\u013ca vad\u012bb\u0101,&hellip;\n","protected":false},"author":2,"featured_media":36602,"comment_status":"","ping_status":"","sticky":false,"template":"","format":"standard","meta":{"footnotes":""},"categories":[19],"tags":[10048,89,90,9992,9567,115,35,39,38,36,37,34,10571,40],"class_list":{"0":"post-36601","1":"post","2":"type-post","3":"status-publish","4":"format-standard","5":"has-post-thumbnail","7":"category-izklaide","8":"tag-eiropas-grand-prix","9":"tag-entertainment","10":"tag-izklaide","11":"tag-jurgis-cabulis","12":"tag-koris-kamer","13":"tag-kormuzika","14":"tag-latvia","15":"tag-latvian","16":"tag-latviesu","17":"tag-latviesu-valoda","18":"tag-latviesuvaloda","19":"tag-latvija","20":"tag-latvijas-koris","21":"tag-lv"},"share_on_mastodon":{"url":"https:\/\/pubeurope.com\/@lv\/115471425540065681","error":""},"_links":{"self":[{"href":"https:\/\/www.europesays.com\/lv\/wp-json\/wp\/v2\/posts\/36601","targetHints":{"allow":["GET"]}}],"collection":[{"href":"https:\/\/www.europesays.com\/lv\/wp-json\/wp\/v2\/posts"}],"about":[{"href":"https:\/\/www.europesays.com\/lv\/wp-json\/wp\/v2\/types\/post"}],"author":[{"embeddable":true,"href":"https:\/\/www.europesays.com\/lv\/wp-json\/wp\/v2\/users\/2"}],"replies":[{"embeddable":true,"href":"https:\/\/www.europesays.com\/lv\/wp-json\/wp\/v2\/comments?post=36601"}],"version-history":[{"count":0,"href":"https:\/\/www.europesays.com\/lv\/wp-json\/wp\/v2\/posts\/36601\/revisions"}],"wp:featuredmedia":[{"embeddable":true,"href":"https:\/\/www.europesays.com\/lv\/wp-json\/wp\/v2\/media\/36602"}],"wp:attachment":[{"href":"https:\/\/www.europesays.com\/lv\/wp-json\/wp\/v2\/media?parent=36601"}],"wp:term":[{"taxonomy":"category","embeddable":true,"href":"https:\/\/www.europesays.com\/lv\/wp-json\/wp\/v2\/categories?post=36601"},{"taxonomy":"post_tag","embeddable":true,"href":"https:\/\/www.europesays.com\/lv\/wp-json\/wp\/v2\/tags?post=36601"}],"curies":[{"name":"wp","href":"https:\/\/api.w.org\/{rel}","templated":true}]}}