{"id":36619,"date":"2025-11-01T00:33:14","date_gmt":"2025-11-01T00:33:14","guid":{"rendered":"https:\/\/www.europesays.com\/lv\/36619\/"},"modified":"2025-11-01T00:33:14","modified_gmt":"2025-11-01T00:33:14","slug":"premjere-zzs-bus-jaatbild-par-koalicijas-partneru-un-sabiedribas-pievilsanu","status":"publish","type":"post","link":"https:\/\/www.europesays.com\/lv\/36619\/","title":{"rendered":"Premjere: ZZS b\u016bs j\u0101atbild par koal\u012bcijas partneru un sabiedr\u012bbas pievil\u0161anu"},"content":{"rendered":"<p>\u201cJ\u0101, es esmu v\u012blusies savos koal\u012bcijas partneros. J\u0101, vi\u0146i ir piev\u012blu\u0161i savu doto sol\u012bjumu gan man, gan koal\u012bcijas partneriem, gan sabiedr\u012bbai, un nu jau ar\u012b starptautiski, un vi\u0146iem par to b\u016bs j\u0101atbild,\u201d teica premjere.<\/p>\n<p>Vaic\u0101ta, k\u0101 vi\u0146iem par to b\u016bs j\u0101atbild, Sili\u0146a skaidroja, ka tuv\u0101kaj\u0101s dien\u0101s gaid\u0101mas iek\u0161\u0113j\u0101s konsult\u0101cijas \u201cJaunaj\u0101 vienot\u012bb\u0101\u201d (JV). \u201cUn es pado\u0161u zi\u0146u, k\u0101 vi\u0146i atbild\u0113s,\u201d teica Sili\u0146a.<\/p>\n<p>Premjere ZZS r\u012bc\u012bbu sal\u012bdzin\u0101ja ar laul\u012bb\u0101 veiktiem s\u0101nso\u013ciem. Vienreiz ziem\u0101 jau \u0161\u0101ds s\u0101nsolis esot bijis. \u201cUn jaut\u0101jums ir, cik ilgi sieva iztur\u0113s. Tas ir k\u0101 vardarb\u012bb\u0101 \u2013 jaut\u0101jums, cik ilgi vi\u0146a klus\u0113s? Neklus\u0113s,\u201d pauda Sili\u0146a.<\/p>\n<p>Savuk\u0101rt FICIL valdes priek\u0161s\u0113d\u0113t\u0101js Reinholds \u0160neiders \u017eurn\u0101listiem atzina, ka padome nav priec\u012bga par jaun\u0101kajiem notikumiem parlament\u0101. Vi\u0146\u0161 uzsv\u0113ra, ka par \u0161o jaut\u0101jumu visp\u0101r nebija j\u0101b\u016bt diskusij\u0101m \u2013 ir virkne citu jaut\u0101jumu, kas b\u016btu j\u0101risina akt\u012bv\u0101k. T\u0101pat \u0101rvalstu investoros ba\u017eas rada, k\u0101 \u0161is Saeimas l\u0113mums b\u016bs ietekm\u0113jis Latvijas reput\u0101ciju, vi\u0146\u0161 atzina.<\/p>\n<p>Jau zi\u0146ots, ka ceturtdien ar opoz\u012bcijas un ZZS bals\u012bm Saeim\u0101 tika pie\u0146emts likums par Latvijas izst\u0101\u0161anos no Eiropas Padomes konvencijas par vardarb\u012bbas pret sieviet\u0113m un vardarb\u012bbas \u0123imen\u0113 nov\u0113r\u0161anu un apkaro\u0161anu jeb t\u0101 saukt\u0101s Stambulas konvencijas.<\/p>\n<p class=\"tv3-fw-500\">Zi\u0146o par k\u013c\u016bdu rakst\u0101<\/p>\n<p class=\"d-md-block d-none\">Iez\u012bm\u0113 k\u013c\u016bdaino tekstu un spied Ctrl+Enter.<\/p>\n<p class=\"d-md-none d-block\">Iez\u012bm\u0113 k\u013c\u016bdaino tekstu un zi\u0146o par to!<\/p>\n","protected":false},"excerpt":{"rendered":"\u201cJ\u0101, es esmu v\u012blusies savos koal\u012bcijas partneros. J\u0101, vi\u0146i ir piev\u012blu\u0161i savu doto sol\u012bjumu gan man, gan koal\u012bcijas&hellip;\n","protected":false},"author":2,"featured_media":36620,"comment_status":"","ping_status":"","sticky":false,"template":"","format":"standard","meta":{"footnotes":""},"categories":[5],"tags":[23,28,29,10743,32,33,22,30,31,35,39,38,36,37,34,40,20,26,27,24,25,21],"class_list":{"0":"post-36619","1":"post","2":"type-post","3":"status-publish","4":"format-standard","5":"has-post-thumbnail","7":"category-aktualitates","8":"tag-aktualitates","9":"tag-breaking-news","10":"tag-breakingnews","11":"tag-evika-silinastambulas-konvencijazzs","12":"tag-featured-news","13":"tag-featurednews","14":"tag-headlines","15":"tag-latest-news","16":"tag-latestnews","17":"tag-latvia","18":"tag-latvian","19":"tag-latviesu","20":"tag-latviesu-valoda","21":"tag-latviesuvaloda","22":"tag-latvija","23":"tag-lv","24":"tag-news","25":"tag-popularakas-zinas","26":"tag-popularakaszinas","27":"tag-top-stories","28":"tag-topstories","29":"tag-zinas"},"share_on_mastodon":{"url":"https:\/\/pubeurope.com\/@lv\/115471633815544565","error":""},"_links":{"self":[{"href":"https:\/\/www.europesays.com\/lv\/wp-json\/wp\/v2\/posts\/36619","targetHints":{"allow":["GET"]}}],"collection":[{"href":"https:\/\/www.europesays.com\/lv\/wp-json\/wp\/v2\/posts"}],"about":[{"href":"https:\/\/www.europesays.com\/lv\/wp-json\/wp\/v2\/types\/post"}],"author":[{"embeddable":true,"href":"https:\/\/www.europesays.com\/lv\/wp-json\/wp\/v2\/users\/2"}],"replies":[{"embeddable":true,"href":"https:\/\/www.europesays.com\/lv\/wp-json\/wp\/v2\/comments?post=36619"}],"version-history":[{"count":0,"href":"https:\/\/www.europesays.com\/lv\/wp-json\/wp\/v2\/posts\/36619\/revisions"}],"wp:featuredmedia":[{"embeddable":true,"href":"https:\/\/www.europesays.com\/lv\/wp-json\/wp\/v2\/media\/36620"}],"wp:attachment":[{"href":"https:\/\/www.europesays.com\/lv\/wp-json\/wp\/v2\/media?parent=36619"}],"wp:term":[{"taxonomy":"category","embeddable":true,"href":"https:\/\/www.europesays.com\/lv\/wp-json\/wp\/v2\/categories?post=36619"},{"taxonomy":"post_tag","embeddable":true,"href":"https:\/\/www.europesays.com\/lv\/wp-json\/wp\/v2\/tags?post=36619"}],"curies":[{"name":"wp","href":"https:\/\/api.w.org\/{rel}","templated":true}]}}