{"id":36627,"date":"2025-11-01T01:05:16","date_gmt":"2025-11-01T01:05:16","guid":{"rendered":"https:\/\/www.europesays.com\/lv\/36627\/"},"modified":"2025-11-01T01:05:16","modified_gmt":"2025-11-01T01:05:16","slug":"latviesu-dueli-eiroliga-kurucs-gust-vairak-punktu-par-smitu-un-izcina-uzvaru","status":"publish","type":"post","link":"https:\/\/www.europesays.com\/lv\/36627\/","title":{"rendered":"Latvie\u0161u duel\u012b Eirol\u012bg\u0101 Kurucs g\u016bst vair\u0101k punktu par \u0160mitu un izc\u012bna uzvaru"},"content":{"rendered":"<p>Latvijas basketbolists Rodions Kurucs piektdien ULEB Eirol\u012bgas ma\u010d\u0101 izc\u0113l\u0101s ar 11 punktiem un pal\u012bdz\u0113ja Vitorijas &#8220;Baskonia&#8221; ar rezult\u0101tu 86:75 (22:11, 21:28, 22:19, 21:17) p\u0101rsp\u0113t Stambulas &#8220;Anadolu Efes&#8221;, kuras rind\u0101s 10 punktus guva Rolands \u0160mits.<\/p>\n<p>Tikm\u0113r \u0160mits starp viesiem laukum\u0101 bija 23 min\u016btes un 59 sekundes un, raidot groz\u0101 divus no trijiem divu punktu metieniem un divus no \u010detriem t\u0101lmetieniem, guva desmit punktus, k\u0101 ar\u012b izc\u012bn\u012bja \u010detras atl\u0113ku\u0161\u0101s bumbas, nopeln\u012bja piecas piez\u012bmes, izprovoc\u0113ja \u010detrus pretinieku sodus un iekr\u0101ja efektivit\u0101tes koeficientu desmit.<\/p>\n<p class=\"m-0\">Seko &#8220;Delfi&#8221; ar\u012b  <a target=\"_blank\" href=\"https:\/\/www.instagram.com\/delfi.lv\/\" rel=\"nofollow noopener\">Instagram<\/a>  un <a target=\"_blank\" href=\"https:\/\/www.youtube.com\/channel\/UCw5foWtcJvAbUm64rv7jwUQ\" rel=\"nofollow noopener\">YouTube<\/a>  profil\u0101 \u2013 pievienojies, lai uzzin\u0101tu svar\u012bg\u0101ko un interesant\u0101ko pirmais!<\/p>\n<p>Publik\u0101cijas saturs vai t\u0101s jebk\u0101da apjoma da\u013ca ir aizsarg\u0101ts autorties\u012bbu objekts Autorties\u012bbu likuma izpratn\u0113, un t\u0101 izmanto\u0161ana bez izdev\u0113ja at\u013caujas ir aizliegta. Vair\u0101k lasi  <a target=\"_blank\" href=\"https:\/\/www.delfi.lv\/noteikumi#autortiesibas\" rel=\"nofollow noopener\">\u0161eit<\/a><script async src=\"\/\/www.instagram.com\/embed.js\"><\/script><\/p>\n","protected":false},"excerpt":{"rendered":"Latvijas basketbolists Rodions Kurucs piektdien ULEB Eirol\u012bgas ma\u010d\u0101 izc\u0113l\u0101s ar 11 punktiem un pal\u012bdz\u0113ja Vitorijas &#8220;Baskonia&#8221; ar rezult\u0101tu&hellip;\n","protected":false},"author":2,"featured_media":36628,"comment_status":"","ping_status":"","sticky":false,"template":"","format":"standard","meta":{"footnotes":""},"categories":[17],"tags":[4340,1099,2692,35,39,38,36,37,34,40,5360,4341,4343,67],"class_list":{"0":"post-36627","1":"post","2":"type-post","3":"status-publish","4":"format-standard","5":"has-post-thumbnail","7":"category-sports","8":"tag-anadolu-efes","9":"tag-arturs-zagars","10":"tag-fenerbahce","11":"tag-latvia","12":"tag-latvian","13":"tag-latviesu","14":"tag-latviesu-valoda","15":"tag-latviesuvaloda","16":"tag-latvija","17":"tag-lv","18":"tag-rodions-kurucs","19":"tag-rolands-smits","20":"tag-seins-larkins","21":"tag-sports"},"share_on_mastodon":{"url":"https:\/\/pubeurope.com\/@lv\/115471759636583562","error":""},"_links":{"self":[{"href":"https:\/\/www.europesays.com\/lv\/wp-json\/wp\/v2\/posts\/36627","targetHints":{"allow":["GET"]}}],"collection":[{"href":"https:\/\/www.europesays.com\/lv\/wp-json\/wp\/v2\/posts"}],"about":[{"href":"https:\/\/www.europesays.com\/lv\/wp-json\/wp\/v2\/types\/post"}],"author":[{"embeddable":true,"href":"https:\/\/www.europesays.com\/lv\/wp-json\/wp\/v2\/users\/2"}],"replies":[{"embeddable":true,"href":"https:\/\/www.europesays.com\/lv\/wp-json\/wp\/v2\/comments?post=36627"}],"version-history":[{"count":0,"href":"https:\/\/www.europesays.com\/lv\/wp-json\/wp\/v2\/posts\/36627\/revisions"}],"wp:featuredmedia":[{"embeddable":true,"href":"https:\/\/www.europesays.com\/lv\/wp-json\/wp\/v2\/media\/36628"}],"wp:attachment":[{"href":"https:\/\/www.europesays.com\/lv\/wp-json\/wp\/v2\/media?parent=36627"}],"wp:term":[{"taxonomy":"category","embeddable":true,"href":"https:\/\/www.europesays.com\/lv\/wp-json\/wp\/v2\/categories?post=36627"},{"taxonomy":"post_tag","embeddable":true,"href":"https:\/\/www.europesays.com\/lv\/wp-json\/wp\/v2\/tags?post=36627"}],"curies":[{"name":"wp","href":"https:\/\/api.w.org\/{rel}","templated":true}]}}