{"id":36633,"date":"2025-11-01T02:04:07","date_gmt":"2025-11-01T02:04:07","guid":{"rendered":"https:\/\/www.europesays.com\/lv\/36633\/"},"modified":"2025-11-01T02:04:07","modified_gmt":"2025-11-01T02:04:07","slug":"liepajas-simfoniskais-orkestris-ar-martina-brauna-muziku-uzstasies-cesis-rezekne-jelgava-un-ventspili-lente-lv","status":"publish","type":"post","link":"https:\/\/www.europesays.com\/lv\/36633\/","title":{"rendered":"Liep\u0101jas Simfoniskais or\u0137estris ar M\u0101rti\u0146a Brauna m\u016bziku uzst\u0101sies C\u0113s\u012bs, R\u0113zekn\u0113, Jelgav\u0101 un Ventspil\u012b\u00a0\u2014\u00a0Lente.lv"},"content":{"rendered":"<p>Simfonisk\u0101 zelta ce\u013c\u0161: Liep\u0101jas or\u0137estris ar M\u0101rti\u0146a Brauna m\u016bziku iekaros Latviju<\/p>\n<p>P\u0113c triumf\u0101l\u0101s uz\u0146em\u0161anas Liep\u0101j\u0101, kur klaus\u012bt\u0101ji un kriti\u0137i saj\u016bsmin\u0101j\u0101s par unik\u0101lo koncertprogrammu \u201cM\u0101rti\u0146\u0161 Brauns. Dziesma par sp\u0113li\u201d, Liep\u0101jas Simfoniskais or\u0137estris ir gatavs dal\u012bties \u0161aj\u0101 muzik\u0101laj\u0101 d\u0101rgum\u0101 ar pla\u0161\u0101ku publiku vis\u0101 Latvij\u0101.<\/p>\n<p>Novembra m\u0113nes\u012b or\u0137estris dosies koncertt\u016br\u0113, iepriecinot melom\u0101nus C\u0113s\u012bs, R\u0113zekn\u0113, Jelgav\u0101 un Ventspil\u012b. \u0160\u012b ir unik\u0101la iesp\u0113ja baud\u012bt M\u0101rti\u0146a Brauna dzi\u013c\u0101s un iedvesmojo\u0161\u0101s melodijas Liep\u0101jas Simfonisk\u0101 or\u0137estra izcilaj\u0101 izpild\u012bjum\u0101, kas sol\u0101s rad\u012bt neaizmirstamus mirk\u013cus.<\/p>\n<p>Koncertprogramma, kas jau guvusi pla\u0161u atzin\u012bbu, pied\u0101v\u0101 ce\u013cojumu cauri M\u0101rti\u0146a Brauna dai\u013crades spilgt\u0101kajiem br\u012b\u017eiem, atkl\u0101jot gan paz\u012bstam\u0101k\u0101s dziesmas, gan ar\u012b kompoz\u012bcijas, kas atkl\u0101j jaunas muzik\u0101l\u0101s kr\u0101sas. Or\u0137estra sniegums sol\u0101s b\u016bt emocion\u0101ls un virtuozi izjusts, piepildot katru koncertz\u0101li ar Bruna m\u016bzikas dv\u0113seli.<\/p>\n<p>Ce\u013cojums cauri Latvijai ar Bruna m\u016bzikas ska\u0146\u0101m<\/p>\n<p>\u0160\u012b koncertt\u016bre ir ne tikai muzik\u0101ls notikums, bet ar\u012b kult\u016bras v\u0113stnesis, kas vieno pils\u0113tas un cilv\u0113kus ar kop\u012bgu m\u012blest\u012bbu pret kvalitat\u012bvu m\u016bziku. Liep\u0101jas Simfoniskais or\u0137estris, paz\u012bstams ar savu augsto profesion\u0101lo meistar\u012bbu un interpret\u0101cijas dzi\u013cumu, apliecin\u0101s sevi k\u0101 viens no Latvijas vado\u0161ajiem kolekt\u012bviem.<\/p>\n<p>Katrs koncerts sol\u0101s b\u016bt \u012bpa\u0161s piedz\u012bvojums, kur\u0101 skat\u012bt\u0101ji var\u0113s ne tikai baud\u012bt skaistu m\u016bziku, bet ar\u012b izjust t\u0101s emocion\u0101lo sp\u0113ku un dzi\u013cumu. \u0160\u012b programma ir k\u0101 v\u0113stule no sirds uz sirdi, kas atg\u0101dina par dz\u012bves skaistumu un m\u016bzikas sp\u0113ju vienot.<\/p>\n","protected":false},"excerpt":{"rendered":"Simfonisk\u0101 zelta ce\u013c\u0161: Liep\u0101jas or\u0137estris ar M\u0101rti\u0146a Brauna m\u016bziku iekaros Latviju P\u0113c triumf\u0101l\u0101s uz\u0146em\u0161anas Liep\u0101j\u0101, kur klaus\u012bt\u0101ji un&hellip;\n","protected":false},"author":2,"featured_media":36634,"comment_status":"","ping_status":"","sticky":false,"template":"","format":"standard","meta":{"footnotes":""},"categories":[19],"tags":[89,90,1316,35,39,38,36,37,34,160,1392,40,10748,103],"class_list":{"0":"post-36633","1":"post","2":"type-post","3":"status-publish","4":"format-standard","5":"has-post-thumbnail","7":"category-izklaide","8":"tag-entertainment","9":"tag-izklaide","10":"tag-koncertture","11":"tag-latvia","12":"tag-latvian","13":"tag-latviesu","14":"tag-latviesu-valoda","15":"tag-latviesuvaloda","16":"tag-latvija","17":"tag-latvijas-kultura","18":"tag-liepajas-simfoniskais-orkestris","19":"tag-lv","20":"tag-martins-brauns","21":"tag-muzika"},"share_on_mastodon":{"url":"https:\/\/pubeurope.com\/@lv\/115471991655588441","error":""},"_links":{"self":[{"href":"https:\/\/www.europesays.com\/lv\/wp-json\/wp\/v2\/posts\/36633","targetHints":{"allow":["GET"]}}],"collection":[{"href":"https:\/\/www.europesays.com\/lv\/wp-json\/wp\/v2\/posts"}],"about":[{"href":"https:\/\/www.europesays.com\/lv\/wp-json\/wp\/v2\/types\/post"}],"author":[{"embeddable":true,"href":"https:\/\/www.europesays.com\/lv\/wp-json\/wp\/v2\/users\/2"}],"replies":[{"embeddable":true,"href":"https:\/\/www.europesays.com\/lv\/wp-json\/wp\/v2\/comments?post=36633"}],"version-history":[{"count":0,"href":"https:\/\/www.europesays.com\/lv\/wp-json\/wp\/v2\/posts\/36633\/revisions"}],"wp:featuredmedia":[{"embeddable":true,"href":"https:\/\/www.europesays.com\/lv\/wp-json\/wp\/v2\/media\/36634"}],"wp:attachment":[{"href":"https:\/\/www.europesays.com\/lv\/wp-json\/wp\/v2\/media?parent=36633"}],"wp:term":[{"taxonomy":"category","embeddable":true,"href":"https:\/\/www.europesays.com\/lv\/wp-json\/wp\/v2\/categories?post=36633"},{"taxonomy":"post_tag","embeddable":true,"href":"https:\/\/www.europesays.com\/lv\/wp-json\/wp\/v2\/tags?post=36633"}],"curies":[{"name":"wp","href":"https:\/\/api.w.org\/{rel}","templated":true}]}}