{"id":36639,"date":"2025-11-01T02:14:08","date_gmt":"2025-11-01T02:14:08","guid":{"rendered":"https:\/\/www.europesays.com\/lv\/36639\/"},"modified":"2025-11-01T02:14:08","modified_gmt":"2025-11-01T02:14:08","slug":"pie-smiltenes-novada-pasvaldibas-ekas-gaida-halovina-karumi-jauns-lv","status":"publish","type":"post","link":"https:\/\/www.europesays.com\/lv\/36639\/","title":{"rendered":"Pie Smiltenes novada pa\u0161vald\u012bbas \u0113kas gaida &quot;Halov\u012bna k\u0101rumi&quot; &#8211; Jauns.lv"},"content":{"rendered":"<ol>\n<li><a href=\"https:\/\/news.google.com\/rss\/articles\/CBMinAFBVV95cUxOekp1Q1dDejZfcVBONUFQWmdpVzJfYTEzR0pGT1d3VEQyeFNHaUxOUkQ3X2FIMzhJYjNmMFFKV1NwN3ZibWw4OER2ZGZ5QTdMcTFKSF9aQzlZZ2w0aC1id1U0aVZmWG1uS2FHdFlvQnF5SnZXUTYyOVNxMWVFa203akU3RG0wb1JrcGg5S1ZZc01aRkVIUjB4NVNlMWk?oc=5\" target=\"_blank\" rel=\"nofollow noopener\">Pie Smiltenes novada pa\u0161vald\u012bbas \u0113kas gaida &#8220;Halov\u012bna k\u0101rumi&#8221;<\/a>&nbsp;&nbsp;Jauns.lv<\/li>\n<li><a href=\"https:\/\/news.google.com\/rss\/articles\/CBMizAFBVV95cUxPcU1KVHZPRlBTRHJQUklJOEpqVFhSdzlXZEhJcU95Q0ZYaGhYQzF0NnRjRGZCeWN6UldRcUxxYWJWY3ZLbUt6ejNsRkE4ZHVoOFRfMVMxQ3RmaWdtV0YyMzdTNXZINjY1TTJab0FVYkx2ZTVOejVsY1RLb095SWdyYXlOVlc1Um9fNEo0TGVXd0g5a1NwVFhDQi1qcTB5eHdwRV9OeUdvM2NrVFBOOWlCUjRxTk1HRGlvTVd2cjBFbmk0TjMxc1FTV0ZHcXE?oc=5\" target=\"_blank\" rel=\"nofollow noopener\">Aicina vair\u0101k skaidrot Halov\u012bna noz\u012bmi un svin\u0113t ar\u012b latvie\u0161u trad\u012bcijas \/ Raksts<\/a>&nbsp;&nbsp;LSM<\/li>\n<li><a href=\"https:\/\/news.google.com\/rss\/articles\/CBMiywFBVV95cUxPRmRYazdRUHhNbzJHZzRpSWZlcFlSc0JyNTNac09lYWp2cVZuMTg5TFRQaEQ4VEtueFhaUGRfdGdFQjdyV055MUN4czA3bVFFTWx2MVBtVFBWeXlsN28yODRwNVdKSTIzMS1MZGhZVkpDckxjX0EwMVMwSllLc2x4ZWFrNWxMRUgwLWxDY2N5RmVYZzgwRGwyTTRuaEY5dEpWS2JzY2ZUazh3VHJBcmFncTZLRHNxQWFaSjNtd3hFa2MtMnZfbXRjeUFJaw?oc=5\" target=\"_blank\" rel=\"nofollow noopener\">10 \u0161ausmu filmas, kuras pasaule negrib\u0113ja redz\u0113t &#8211; jo t\u0101s \u0161\u0137ita p\u0101r\u0101k \u012bstas, lai b\u016btu izdom\u0101tas<\/a>&nbsp;&nbsp;Jauns.lv<\/li>\n<li><a href=\"https:\/\/news.google.com\/rss\/articles\/CBMihwFBVV95cUxOVk1wdXg2OUV1VDZKX2NuQUdPQ0tFU0RmbVFuSDBrbV95N0ljZnE5TllDeVVNZnI5QmZtb29wV2ZtUnJZSjQwNEFzdm9tenJBZkRvNlVkZHlodVdsQnZ2U2gwQjd4V3pZbXd0RlJ5Q1pwdE8zdFlMYjBJWjFYV2xiVGk2QW9OTm8?oc=5\" target=\"_blank\" rel=\"nofollow noopener\">Z\u012bm\u0113 Gatis \u0160\u013c\u016bka. Saldo vai pussaldo?<\/a>&nbsp;&nbsp;Lasi.lv<\/li>\n<li><a href=\"https:\/\/news.google.com\/rss\/articles\/CBMi2AFBVV95cUxNZ05XWm96T0dYQ3B3TVpObkpXNFlPdlRreV9MRDdpaHYyRmxaem10d0VQTTNDMWxjZ3dyNzhONEcwaWZLTG1uWmFkQ3dMU1dXOUpmYW5vMzdRbDJmdmY0R1dzejZEWHA0TDFFMVhKLUVFWGZIOGJJNVZGVnNzNWJTNENMcHhFdXNSdHlzdVVmeHNYSEEwSVdUdnlaYml4ZEJMQ3dxcE9UMXZBbzFyS2xXdDdoS1lhb25YM0NhNkxVZjZ1ekQ5UFVlTTd0TTBiMHlOb2JpdnNmVl8?oc=5\" target=\"_blank\" rel=\"nofollow noopener\">Foto un video: Liep\u0101ju p\u0101r\u0146em spoc\u012bgi piedz\u012bvojumi \u2013 Halov\u012bna noska\u0146\u0101s \u010daloja gan b\u0113rni, gan mo\u0161\u0137i<\/a>&nbsp;&nbsp;liepajniekiem.lv<\/li>\n<\/ol>\n","protected":false},"excerpt":{"rendered":"Pie Smiltenes novada pa\u0161vald\u012bbas \u0113kas gaida &#8220;Halov\u012bna k\u0101rumi&#8221;&nbsp;&nbsp;Jauns.lv Aicina vair\u0101k skaidrot Halov\u012bna noz\u012bmi un svin\u0113t ar\u012b latvie\u0161u trad\u012bcijas&hellip;\n","protected":false},"author":2,"featured_media":36640,"comment_status":"","ping_status":"","sticky":false,"template":"","format":"standard","meta":{"footnotes":""},"categories":[12],"tags":[23,28,29,32,33,22,30,31,35,39,38,36,37,34,40,20,26,27,24,25,21],"class_list":{"0":"post-36639","1":"post","2":"type-post","3":"status-publish","4":"format-standard","5":"has-post-thumbnail","7":"category-latvija","8":"tag-aktualitates","9":"tag-breaking-news","10":"tag-breakingnews","11":"tag-featured-news","12":"tag-featurednews","13":"tag-headlines","14":"tag-latest-news","15":"tag-latestnews","16":"tag-latvia","17":"tag-latvian","18":"tag-latviesu","19":"tag-latviesu-valoda","20":"tag-latviesuvaloda","21":"tag-latvija","22":"tag-lv","23":"tag-news","24":"tag-popularakas-zinas","25":"tag-popularakaszinas","26":"tag-top-stories","27":"tag-topstories","28":"tag-zinas"},"share_on_mastodon":{"url":"https:\/\/pubeurope.com\/@lv\/115472030919082145","error":""},"_links":{"self":[{"href":"https:\/\/www.europesays.com\/lv\/wp-json\/wp\/v2\/posts\/36639","targetHints":{"allow":["GET"]}}],"collection":[{"href":"https:\/\/www.europesays.com\/lv\/wp-json\/wp\/v2\/posts"}],"about":[{"href":"https:\/\/www.europesays.com\/lv\/wp-json\/wp\/v2\/types\/post"}],"author":[{"embeddable":true,"href":"https:\/\/www.europesays.com\/lv\/wp-json\/wp\/v2\/users\/2"}],"replies":[{"embeddable":true,"href":"https:\/\/www.europesays.com\/lv\/wp-json\/wp\/v2\/comments?post=36639"}],"version-history":[{"count":0,"href":"https:\/\/www.europesays.com\/lv\/wp-json\/wp\/v2\/posts\/36639\/revisions"}],"wp:featuredmedia":[{"embeddable":true,"href":"https:\/\/www.europesays.com\/lv\/wp-json\/wp\/v2\/media\/36640"}],"wp:attachment":[{"href":"https:\/\/www.europesays.com\/lv\/wp-json\/wp\/v2\/media?parent=36639"}],"wp:term":[{"taxonomy":"category","embeddable":true,"href":"https:\/\/www.europesays.com\/lv\/wp-json\/wp\/v2\/categories?post=36639"},{"taxonomy":"post_tag","embeddable":true,"href":"https:\/\/www.europesays.com\/lv\/wp-json\/wp\/v2\/tags?post=36639"}],"curies":[{"name":"wp","href":"https:\/\/api.w.org\/{rel}","templated":true}]}}