{"id":36647,"date":"2025-11-01T02:34:06","date_gmt":"2025-11-01T02:34:06","guid":{"rendered":"https:\/\/www.europesays.com\/lv\/36647\/"},"modified":"2025-11-01T02:34:06","modified_gmt":"2025-11-01T02:34:06","slug":"debija-rezija-un-sarkana-paklaja-pardrosais-stils-lente-lv","status":"publish","type":"post","link":"https:\/\/www.europesays.com\/lv\/36647\/","title":{"rendered":"debija re\u017eij\u0101 un sarkan\u0101 pakl\u0101ja p\u0101rdro\u0161ais stils\u00a0\u2014\u00a0Lente.lv"},"content":{"rendered":"<p>Kristen Stjuarte un Dilana Meijere kop\u012bg\u0101 par\u0101d\u012b\u0161an\u0101s filmas pirmizr\u0101d\u0113<\/p>\n<p>Holivudas aktrise Kristen Stjuarte un vi\u0146as dz\u012bvesbiedre, scen\u0101riju autore un producente Dilana Meijere, kop\u012bgiem sp\u0113kiem debit\u0113ja uz sarkan\u0101 pakl\u0101ja filmas &#8220;The Chronology of Water&#8221; pirmizr\u0101d\u0113. \u0160is notikums iez\u012bm\u0113 Stjuartes noz\u012bm\u012bgu soli karjer\u0101 \u2013 vi\u0146as pilnmetr\u0101\u017eas debiju re\u017eij\u0101.<\/p>\n<p>Filma &#8220;The Chronology of Water&#8221;, kas balst\u012bta uz Lidijas Juknavi\u010das memu\u0101riem, jau ir sa\u0146\u0113musi iev\u0113rojamu atzin\u012bbu, tostarp se\u0161u min\u016b\u0161u garu st\u0101vov\u0101cijas izr\u0101d\u012b\u0161anos Kannu kinofestiv\u0101l\u0101 2025. gada maij\u0101. Filmas pirmizr\u0101de notika Kann\u0101s 16. maij\u0101, un t\u0101 sa\u0146\u0113ma pozit\u012bvas kriti\u0137u atsauksmes. P\u0113c tam filma tika demonstr\u0113ta ar\u012b Londonas filmu festiv\u0101l\u0101 2025. gada oktobr\u012b, kur Stjuarte par\u0101d\u012bj\u0101s ar jaunu, br\u016bnu matu kr\u0101su un \u012bsu b\u0101rdu. T\u0101pat filma tika izr\u0101d\u012bta AFI Fest 2025, kur\u0101 Stjuarte demonstr\u0113ja drosm\u012bgu stila izv\u0113li, valk\u0101jot caursp\u012bd\u012bgu bordo kr\u0101sas kombinezonu.<\/p>\n<p>Kristen Stjuartes re\u017eijas debija un person\u012bg\u0101 dz\u012bve<\/p>\n<p>&#8220;The Chronology of Water&#8221; ir ne tikai Stjuartes re\u017eijas debija, bet ar\u012b vi\u0146as scen\u0101rija l\u012bdzautor\u012bbas projekts. Stjuarte ir izteikusies, ka \u0161is projekts ir \u013coti personisks un ka vi\u0146a v\u0113l\u0113j\u0101s to izveidot kop\u0101 ar citiem m\u0101ksliniekiem, lai rad\u012btu kolekt\u012bvu pieredzi. Filma st\u0101sta par jaunas sievietes ce\u013cojumu caur traum\u0101m, pa\u0161atkl\u0101\u0161anu un m\u0101ksliniecisku atdzim\u0161anu, balstoties uz Lidijas Juknavi\u010das memu\u0101riem.<\/p>\n<p>Kristen Stjuartes un Dilanas Meijeres attiec\u012bbas ir att\u012bst\u012bju\u0161\u0101s kop\u0161 2019. gada. Vi\u0146as iepazin\u0101s 2013. gad\u0101 film\u0113\u0161anas laukum\u0101, bet romantiskas attiec\u012bbas uzs\u0101ka se\u0161us gadus v\u0113l\u0101k. P\u0101ris apprec\u0113j\u0101s 2025. gada 20. apr\u012bl\u012b neliel\u0101 ceremonij\u0101 sav\u0101s m\u0101j\u0101s Losand\u017eelos\u0101.<\/p>\n<p>Filmas izplat\u012b\u0161ana un gaid\u0101m\u0101 pirmizr\u0101de ASV<\/p>\n<p>&#8220;The Chronology of Water&#8221; jau ir sa\u0146\u0113musi pozit\u012bvas atsauksmes p\u0113c pirmizr\u0101d\u0113m festiv\u0101los, tostarp Kann\u0101s. Filmai ir paredz\u0113ta ierobe\u017eota izplat\u012b\u0161ana ASV kinote\u0101tros 2025. gada decembr\u012b, un pla\u0161\u0101ka izplat\u012b\u0161ana pl\u0101nota 2026. gada janv\u0101r\u012b. The Forge ir ieguvis izplat\u012b\u0161anas ties\u012bbas Zieme\u013camerik\u0101. Filma tiek pozicion\u0113ta k\u0101 potenci\u0101ls pretendents balv\u0101m. ASV kinote\u0101tros filma b\u016bs skat\u0101ma no 2025. gada decembra.<\/p>\n<p>Aktualit\u0101tes un gaid\u0101m\u0101s pirmizr\u0101des<\/p>\n<p>Kristen Stjuarte ir akt\u012bvi piedal\u012bjusies da\u017e\u0101du filmas &#8220;The Chronology of Water&#8221; pirmizr\u0101\u017eu pas\u0101kumos, demonstr\u0113jot at\u0161\u0137ir\u012bgus un drosm\u012bgus t\u0113lus. Vi\u0146a apmekl\u0113jusi filmas demonstr\u0113jumus London\u0101 un Holivud\u0101, katru reizi p\u0101rsteidzot ar jaunu imid\u017eu. \u0160ie pas\u0101kumi ir ar\u012b pirm\u0101 reize, kad p\u0101ris kop\u0101 par\u0101d\u0101s uz sarkan\u0101 pakl\u0101ja kop\u0161 laul\u012bb\u0101m.<\/p>\n<p>Stjuarte ir ne tikai filmas re\u017eisore un scen\u0101rija l\u012bdzautore, bet ar\u012b viena no producent\u0113m, kop\u0101 ar savu sievu Dilanas Meijeri. Filma, kas balst\u012bta uz Lidijas Juknavi\u010das memu\u0101riem, ir sa\u0146\u0113musi pozit\u012bvas atsauksmes un tiek gaid\u012bta ASV kinote\u0101tros decembr\u012b.<\/p>\n","protected":false},"excerpt":{"rendered":"Kristen Stjuarte un Dilana Meijere kop\u012bg\u0101 par\u0101d\u012b\u0161an\u0101s filmas pirmizr\u0101d\u0113 Holivudas aktrise Kristen Stjuarte un vi\u0146as dz\u012bvesbiedre, scen\u0101riju autore&hellip;\n","protected":false},"author":2,"featured_media":36648,"comment_status":"","ping_status":"","sticky":false,"template":"","format":"standard","meta":{"footnotes":""},"categories":[19],"tags":[10758,89,6084,90,10757,35,39,38,36,37,34,40,10759,2060],"class_list":{"0":"post-36647","1":"post","2":"type-post","3":"status-publish","4":"format-standard","5":"has-post-thumbnail","7":"category-izklaide","8":"tag-dilana-meijere","9":"tag-entertainment","10":"tag-filmu-pirmizrade","11":"tag-izklaide","12":"tag-kristen-stjuarte","13":"tag-latvia","14":"tag-latvian","15":"tag-latviesu","16":"tag-latviesu-valoda","17":"tag-latviesuvaloda","18":"tag-latvija","19":"tag-lv","20":"tag-rezijas-debija","21":"tag-the-chronology-of-water"},"share_on_mastodon":{"url":"https:\/\/pubeurope.com\/@lv\/115472109584920162","error":""},"_links":{"self":[{"href":"https:\/\/www.europesays.com\/lv\/wp-json\/wp\/v2\/posts\/36647","targetHints":{"allow":["GET"]}}],"collection":[{"href":"https:\/\/www.europesays.com\/lv\/wp-json\/wp\/v2\/posts"}],"about":[{"href":"https:\/\/www.europesays.com\/lv\/wp-json\/wp\/v2\/types\/post"}],"author":[{"embeddable":true,"href":"https:\/\/www.europesays.com\/lv\/wp-json\/wp\/v2\/users\/2"}],"replies":[{"embeddable":true,"href":"https:\/\/www.europesays.com\/lv\/wp-json\/wp\/v2\/comments?post=36647"}],"version-history":[{"count":0,"href":"https:\/\/www.europesays.com\/lv\/wp-json\/wp\/v2\/posts\/36647\/revisions"}],"wp:featuredmedia":[{"embeddable":true,"href":"https:\/\/www.europesays.com\/lv\/wp-json\/wp\/v2\/media\/36648"}],"wp:attachment":[{"href":"https:\/\/www.europesays.com\/lv\/wp-json\/wp\/v2\/media?parent=36647"}],"wp:term":[{"taxonomy":"category","embeddable":true,"href":"https:\/\/www.europesays.com\/lv\/wp-json\/wp\/v2\/categories?post=36647"},{"taxonomy":"post_tag","embeddable":true,"href":"https:\/\/www.europesays.com\/lv\/wp-json\/wp\/v2\/tags?post=36647"}],"curies":[{"name":"wp","href":"https:\/\/api.w.org\/{rel}","templated":true}]}}