{"id":36653,"date":"2025-11-01T02:51:14","date_gmt":"2025-11-01T02:51:14","guid":{"rendered":"https:\/\/www.europesays.com\/lv\/36653\/"},"modified":"2025-11-01T02:51:14","modified_gmt":"2025-11-01T02:51:14","slug":"uz-austrumu-magistrales-preteja-josla-iebraucis-smagais","status":"publish","type":"post","link":"https:\/\/www.europesays.com\/lv\/36653\/","title":{"rendered":"Uz austrumu ma\u0123istr\u0101les pret\u0113j\u0101 josl\u0101 iebraucis smagais"},"content":{"rendered":"<p class=\"descr\">\u0160odien uz Austrumu ma\u0123istr\u0101les R\u012bg\u0101 fiks\u0113ta b\u012bstama situ\u0101cija kravas automa\u0161\u012bna iebraukusi pret\u0113j\u0101 brauk\u0161anas josl\u0101, ac\u012bmredzot apmaldoties vai k\u013c\u016bdaini nogrie\u017eoties, vietn\u0113 \u201cFacebook\u201d v\u0113sta sadursme.lv.<\/p>\n<p>Soci\u0101lajos t\u012bklos non\u0101ku\u0161ajos kadros fiks\u0113ts, k\u0101 <a href=\"https:\/\/nra.lv\/birka\/kravas-auto\/\" target=\"_blank\" rel=\"noopener nofollow\">kravas auto<\/a> vad\u012bt\u0101js apjukum\u0101 lavier\u0113 starp pret\u0113j\u0101 virzien\u0101 brauco\u0161\u0101m automa\u0161\u012bn\u0101m l\u012bdz nogrie\u017eas uz pievadce\u013ca.<\/p>\n<p>K\u0101 v\u0113sta aculiecinieki, par laimi, \u0161oreiz izdev\u0101s izvair\u012bties no <a href=\"https:\/\/nra.lv\/birka\/incidenti\/\" target=\"_blank\" rel=\"noopener nofollow\">sadursmes<\/a>.<\/p>\n<p>Autovad\u012bt\u0101ji tiek aicin\u0101ti saglab\u0101t modr\u012bbu un \u012bpa\u0161i nepaz\u012bstamos mar\u0161rutos sekot l\u012bdzi ce\u013ca z\u012bm\u0113m, ne tikai navig\u0101cijai.<\/p>\n<p>\t\t\t\t\t\tinfo<\/p>\n<p>Uzzini pirmais<br \/>kas interesants noticis Latvij\u0101 un pasaul\u0113,<br \/>pievienojoties mums <a href=\"https:\/\/t.me\/neatkariga\" rel=\"nofollow\">Telegram<\/a> vai <a href=\"https:\/\/whatsapp.com\/channel\/0029VaMLFUH5K3zLU5s4wm3y\" rel=\"nofollow noopener\" target=\"_blank\">Whatsapp<\/a> kan\u0101l\u0101<\/p>\n","protected":false},"excerpt":{"rendered":"\u0160odien uz Austrumu ma\u0123istr\u0101les R\u012bg\u0101 fiks\u0113ta b\u012bstama situ\u0101cija kravas automa\u0161\u012bna iebraukusi pret\u0113j\u0101 brauk\u0161anas josl\u0101, ac\u012bmredzot apmaldoties vai k\u013c\u016bdaini&hellip;\n","protected":false},"author":2,"featured_media":36654,"comment_status":"","ping_status":"","sticky":false,"template":"","format":"standard","meta":{"footnotes":""},"categories":[5],"tags":[23,28,29,32,33,22,30,31,35,39,38,36,37,34,40,20,26,27,24,25,21],"class_list":{"0":"post-36653","1":"post","2":"type-post","3":"status-publish","4":"format-standard","5":"has-post-thumbnail","7":"category-aktualitates","8":"tag-aktualitates","9":"tag-breaking-news","10":"tag-breakingnews","11":"tag-featured-news","12":"tag-featurednews","13":"tag-headlines","14":"tag-latest-news","15":"tag-latestnews","16":"tag-latvia","17":"tag-latvian","18":"tag-latviesu","19":"tag-latviesu-valoda","20":"tag-latviesuvaloda","21":"tag-latvija","22":"tag-lv","23":"tag-news","24":"tag-popularakas-zinas","25":"tag-popularakaszinas","26":"tag-top-stories","27":"tag-topstories","28":"tag-zinas"},"share_on_mastodon":{"url":"https:\/\/pubeurope.com\/@lv\/115472176506252535","error":""},"_links":{"self":[{"href":"https:\/\/www.europesays.com\/lv\/wp-json\/wp\/v2\/posts\/36653","targetHints":{"allow":["GET"]}}],"collection":[{"href":"https:\/\/www.europesays.com\/lv\/wp-json\/wp\/v2\/posts"}],"about":[{"href":"https:\/\/www.europesays.com\/lv\/wp-json\/wp\/v2\/types\/post"}],"author":[{"embeddable":true,"href":"https:\/\/www.europesays.com\/lv\/wp-json\/wp\/v2\/users\/2"}],"replies":[{"embeddable":true,"href":"https:\/\/www.europesays.com\/lv\/wp-json\/wp\/v2\/comments?post=36653"}],"version-history":[{"count":0,"href":"https:\/\/www.europesays.com\/lv\/wp-json\/wp\/v2\/posts\/36653\/revisions"}],"wp:featuredmedia":[{"embeddable":true,"href":"https:\/\/www.europesays.com\/lv\/wp-json\/wp\/v2\/media\/36654"}],"wp:attachment":[{"href":"https:\/\/www.europesays.com\/lv\/wp-json\/wp\/v2\/media?parent=36653"}],"wp:term":[{"taxonomy":"category","embeddable":true,"href":"https:\/\/www.europesays.com\/lv\/wp-json\/wp\/v2\/categories?post=36653"},{"taxonomy":"post_tag","embeddable":true,"href":"https:\/\/www.europesays.com\/lv\/wp-json\/wp\/v2\/tags?post=36653"}],"curies":[{"name":"wp","href":"https:\/\/api.w.org\/{rel}","templated":true}]}}