{"id":36674,"date":"2025-11-01T03:55:08","date_gmt":"2025-11-01T03:55:08","guid":{"rendered":"https:\/\/www.europesays.com\/lv\/36674\/"},"modified":"2025-11-01T03:55:08","modified_gmt":"2025-11-01T03:55:08","slug":"pentagons-piekrit-piegadat-tomahawk-raketes-ukrainai-galavards-trampam-raksts","status":"publish","type":"post","link":"https:\/\/www.europesays.com\/lv\/36674\/","title":{"rendered":"Pentagons piekr\u012bt pieg\u0101d\u0101t \u00abTomahawk\u00bb ra\u0137etes Ukrainai; galav\u0101rds Trampam \/ Raksts"},"content":{"rendered":"<p>ASV Aizsardz\u012bbas ministrija piekritusi pieg\u0101d\u0101t Ukrainai t\u0101las darb\u012bbas r\u0101diusa sp\u0101rnot\u0101s ra\u0137etes &#8220;Tomahawk&#8221;, ta\u010du gal\u012bgais l\u0113mums j\u0101pie\u0146em ASV prezidentam Donaldam Trampam. T\u0101 piektdien zi\u0146oja telekan\u0101ls CNN, atsaucoties uz trim ASV un Eiropas amatperson\u0101m.<\/p>\n<p>Tramps, oktobr\u012b tiekoties ar Ukrainas prezidentu Volodimiru Zelenski Baltaj\u0101 nam\u0101, pazi\u0146oja, ka\u00a0<a href=\"https:\/\/www.lsm.lv\/raksts\/zinas\/arzemes\/17.10.2025-tomahawk-rakesu-vieta-tramps-piedava-zelenskim-solijumus-par-mieru.a618860\/\" class=\"lsm-link\" data-type=\"article\" data-id=\"618860\" rel=\"nofollow noopener\" target=\"_blank\">neatbalsta ra\u0137e\u0161u pieg\u0101di Ukrainai<\/a>, jo nev\u0113las atdot to, kas nepiecie\u0161ams pa\u0161u valsts aizsardz\u012bbai.<\/p>\n<p>CNN zi\u0146o, ka ASV Apvienot\u0101 \u0161t\u0101bu priek\u0161nieku komiteja neilgi pirms Trampa tik\u0161an\u0101s ar Zelenski inform\u0113ja Balto namu, ka<\/p>\n<blockquote>\n<p>&#8220;Tomahawk&#8221; pieg\u0101de Ukrainai negat\u012bvi\u00a0neietekm\u0113s ASV iero\u010du kr\u0101jumus.<\/p>\n<\/blockquote>\n<p>\u0160is nov\u0113rt\u0113jums iedro\u0161in\u0101ja Eiropas sabiedrotos, kas uzskata, ka ASV tagad ir maz\u0101k iemeslu nepieg\u0101d\u0101t ra\u0137etes. Tramps ar\u012b p\u0101ris dienas pirms tik\u0161an\u0101s ar Zelenski izteic\u0101s, ka ASV ir daudz &#8220;Tomahawk&#8221; ra\u0137e\u0161u, ko t\u0101s potenci\u0101li <a href=\"https:\/\/www.lsm.lv\/raksts\/zinas\/arzemes\/13.10.2025-tramps-ja-krievija-neizbeigs-karu-ukraina-asv-varetu-kijivai-piegadat-raketes-tomahawk.a618184\/\" class=\"lsm-link\" data-type=\"article\" data-id=\"618184\" rel=\"nofollow noopener\" target=\"_blank\">var\u0113tu atdot Ukrainai<\/a>.<\/p>\n<p>T\u0101p\u0113c ASV un Eiropas amatpersonas bija p\u0101rsteigtas, kad da\u017eas dienas v\u0113l\u0101k Tramps p\u0113k\u0161\u0146i main\u012bja savu nost\u0101ju un tik\u0161an\u0101s laik\u0101 ar Zelenski \u017eurn\u0101listiem pazi\u0146oja, ka <a href=\"https:\/\/www.lsm.lv\/raksts\/zinas\/arzemes\/17.10.2025-tomahawk-rakesu-vieta-tramps-piedava-zelenskim-solijumus-par-mieru.a618860\/\" class=\"lsm-link\" data-type=\"article\" data-id=\"618860\" rel=\"nofollow noopener\" target=\"_blank\">ASV pa\u0161\u0101m nepiecie\u0161amas &#8220;Tomahawk&#8221; ra\u0137etes<\/a>. P\u0113c tam vi\u0146\u0161 aiz sl\u0113gt\u0101m durv\u012bm Ukrainas prezidentam pazi\u0146oja, ka vismaz pagaid\u0101m ASV t\u0101s nepieg\u0101d\u0101s Ukrainai.<\/p>\n<p>Tramps savu nost\u0101ju main\u012bja dienu p\u0113c telefonsarunas ar Krievijas diktatoru Vladimiru Putinu.<\/p>\n<p>Iepriek\u0161 avoti CNN past\u0101st\u012bja, ka Tramps nav piln\u012bb\u0101 sl\u0113dzis jaut\u0101jumu par &#8220;Tomahawk&#8221; un ka Baltais nams izstr\u0101d\u0101jis pl\u0101nus, k\u0101 t\u0101s nekav\u0113joties pieg\u0101d\u0101t Ukrainai gad\u012bjum\u0101, ja Tramps main\u012bs savu nost\u0101ju.<\/p>\n<p>Lai gan Pentagons nav noba\u017e\u012bjies par ra\u0137e\u0161u kr\u0101jumiem, ASV Aizsardz\u012bbas ministrijas amatpersonas ba\u017e\u012bjas par to, k\u0101 Ukraina ra\u0137etes izmantos, nor\u0101da CNN avoti. Vi\u0146i piebildu\u0161i, ka Kijivai ir j\u0101atrisina vair\u0101ki operat\u012bvie jaut\u0101jumi, lai ra\u0137etes var\u0113tu efekt\u012bvi izmantot.<\/p>\n<p>Viens no neatrisin\u0101tajiem jaut\u0101jumiem ir tas, k\u0101 Ukraina ra\u0137etes palaistu, ja ASV t\u0101s pieg\u0101d\u0101tu. &#8220;Tomahawk&#8221; ra\u0137etes visbie\u017e\u0101k tiek palaistas no ku\u0123iem vai zem\u016bden\u0113m, bet Ukrainas karaflote ir stipri noplicin\u0101ta, t\u0101p\u0113c ra\u0137etes, visticam\u0101k, b\u016btu j\u0101palai\u017e no sauszemes, nor\u0101da CNN. Saska\u0146\u0101 ar raidorganiz\u0101cijas sniegto inform\u0101ciju ASV bru\u0146otie sp\u0113ki izstr\u0101d\u0101ju\u0161i sauszemes palai\u0161anas iek\u0101rtas, ko var\u0113tu pieg\u0101d\u0101t Ukrainai.<\/p>\n<p>Vienlaikus\u00a0Krievija p\u0113d\u0113jo m\u0113ne\u0161u laik\u0101 uzbrukusi Ukrainai ar sp\u0101rnotaj\u0101m ra\u0137et\u0113m &#8220;9M729&#8221;, kuru izstr\u0101des d\u0113\u013c ASV prezidents Donals Tramps pirm\u0101s prezident\u016bras laik\u0101 2019. gad\u0101 izst\u0101j\u0101s no kodoliero\u010du kontroles pakta ar Maskavu, intervij\u0101 zi\u0146u a\u0123ent\u016brai &#8220;Reuters&#8221; sac\u012bja Ukrainas \u0101rlietu ministrs Andrijs Sibiha.<\/p>\n<p>                    Valodas k\u013c\u016bda rakst\u0101?<\/p>\n<p class=\"d-none d-md-block\">Iez\u012bm\u0113jiet tekstu un spiediet Ctrl+Enter, lai nos\u016bt\u012btu labojamo teksta fragmentu redaktoram! Par faktu k\u013c\u016bd\u0101m l\u016bdzam zi\u0146ot e-past\u0101 <a href=\"https:\/\/www.lsm.lv\/cdn-cgi\/l\/email-protection\" class=\"__cf_email__\" data-cfemail=\"493b2c2d28222a20232809253a2467253f\" rel=\"nofollow noopener\" target=\"_blank\">[email\u00a0protected]<\/a>.<\/p>\n<p class=\"d-md-none\">Iez\u012bm\u0113jiet tekstu un spiediet uz Zi\u0146ot par k\u013c\u016bdu pogas, lai nos\u016bt\u012btu labojamo teksta fragmentu redaktoram!<\/p>\n<p>\n                    Zi\u0146ot par k\u013c\u016bdu\n                <\/p>\n","protected":false},"excerpt":{"rendered":"ASV Aizsardz\u012bbas ministrija piekritusi pieg\u0101d\u0101t Ukrainai t\u0101las darb\u012bbas r\u0101diusa sp\u0101rnot\u0101s ra\u0137etes &#8220;Tomahawk&#8221;, ta\u010du gal\u012bgais l\u0113mums j\u0101pie\u0146em ASV prezidentam&hellip;\n","protected":false},"author":2,"featured_media":5772,"comment_status":"","ping_status":"","sticky":false,"template":"","format":"standard","meta":{"footnotes":""},"categories":[14],"tags":[23,57,28,29,32,33,22,30,31,35,39,38,36,37,34,40,20,26,27,24,25,54,55,56,21,58],"class_list":{"0":"post-36674","1":"post","2":"type-post","3":"status-publish","4":"format-standard","5":"has-post-thumbnail","7":"category-zinas-no-arvalstim","8":"tag-aktualitates","9":"tag-arvalstim","10":"tag-breaking-news","11":"tag-breakingnews","12":"tag-featured-news","13":"tag-featurednews","14":"tag-headlines","15":"tag-latest-news","16":"tag-latestnews","17":"tag-latvia","18":"tag-latvian","19":"tag-latviesu","20":"tag-latviesu-valoda","21":"tag-latviesuvaloda","22":"tag-latvija","23":"tag-lv","24":"tag-news","25":"tag-popularakas-zinas","26":"tag-popularakaszinas","27":"tag-top-stories","28":"tag-topstories","29":"tag-world","30":"tag-world-news","31":"tag-worldnews","32":"tag-zinas","33":"tag-zinas-no-arvalstim"},"share_on_mastodon":{"url":"https:\/\/pubeurope.com\/@lv\/115472428096902449","error":""},"_links":{"self":[{"href":"https:\/\/www.europesays.com\/lv\/wp-json\/wp\/v2\/posts\/36674","targetHints":{"allow":["GET"]}}],"collection":[{"href":"https:\/\/www.europesays.com\/lv\/wp-json\/wp\/v2\/posts"}],"about":[{"href":"https:\/\/www.europesays.com\/lv\/wp-json\/wp\/v2\/types\/post"}],"author":[{"embeddable":true,"href":"https:\/\/www.europesays.com\/lv\/wp-json\/wp\/v2\/users\/2"}],"replies":[{"embeddable":true,"href":"https:\/\/www.europesays.com\/lv\/wp-json\/wp\/v2\/comments?post=36674"}],"version-history":[{"count":0,"href":"https:\/\/www.europesays.com\/lv\/wp-json\/wp\/v2\/posts\/36674\/revisions"}],"wp:featuredmedia":[{"embeddable":true,"href":"https:\/\/www.europesays.com\/lv\/wp-json\/wp\/v2\/media\/5772"}],"wp:attachment":[{"href":"https:\/\/www.europesays.com\/lv\/wp-json\/wp\/v2\/media?parent=36674"}],"wp:term":[{"taxonomy":"category","embeddable":true,"href":"https:\/\/www.europesays.com\/lv\/wp-json\/wp\/v2\/categories?post=36674"},{"taxonomy":"post_tag","embeddable":true,"href":"https:\/\/www.europesays.com\/lv\/wp-json\/wp\/v2\/tags?post=36674"}],"curies":[{"name":"wp","href":"https:\/\/api.w.org\/{rel}","templated":true}]}}