{"id":36681,"date":"2025-11-01T04:10:08","date_gmt":"2025-11-01T04:10:08","guid":{"rendered":"https:\/\/www.europesays.com\/lv\/36681\/"},"modified":"2025-11-01T04:10:08","modified_gmt":"2025-11-01T04:10:08","slug":"dieva-suns-atklas-rigas-starptautisko-kino-festivalu-un-parstaves-latviju-oskara-nominacija-lente-lv","status":"publish","type":"post","link":"https:\/\/www.europesays.com\/lv\/36681\/","title":{"rendered":"\u00abDieva suns\u00bb atkl\u0101s R\u012bgas Starptautisko kino festiv\u0101lu un p\u0101rst\u0101v\u0113s Latviju \u00abOskara\u00bb nomin\u0101cij\u0101\u00a0\u2014\u00a0Lente.lv"},"content":{"rendered":"<p>R\u012bgas Starptautiskais kino festiv\u0101ls atkl\u0101s ar br\u0101\u013cu \u0100be\u013cu anim\u0101cijas filmu \u00abDieva suns\u00bb<\/p>\n<p>12. R\u012bgas Starptautiskais kino festiv\u0101ls (RIGA IFF) 16. oktobr\u012b durvis v\u0113rs ar br\u0101\u013cu Laura un Raita \u0100be\u013cu veidoto pilnmetr\u0101\u017eas anim\u0101cijas filmu \u00abDieva suns\u00bb. \u0160\u012b filma, kas jau pasp\u0113jusi izrais\u012bt interesi starptautisk\u0101 l\u012bmen\u012b un ir Latvijas kandid\u0101te ASV Kinoakad\u0113mijas balvai \u201eOskars\u201d nomin\u0101cij\u0101 \u201eLab\u0101k\u0101 starptautisk\u0101 filma\u201d, festiv\u0101la programmai pie\u0161\u0137ir \u012bpa\u0161u spozmi. T\u0101 ir stilistiski drosm\u012bga anim\u0101cijas filma, kas darin\u0101ta rotoskopijas tehnik\u0101 un aizved skat\u012bt\u0101jus uz 17. gadsimta Livoniju, piev\u0113r\u0161oties v\u0113stures l\u012bklo\u010diem un raganu pr\u0101v\u0101m. Filmas pasaules pirmizr\u0101de notika j\u016bnij\u0101 Traibekas filmu festiv\u0101l\u0101 \u0145ujork\u0101, sa\u0146emot atzin\u012bgas atsauksmes par t\u0101s novatorismu un drosm\u012bgo pieeju.<\/p>\n<p>\u00abDieva suns\u00bb ir ne tikai festiv\u0101la atkl\u0101\u0161anas filma, bet ar\u012b viens no devi\u0146iem izmekl\u0113tajiem pilnmetr\u0101\u017eas darbiem, kas sacent\u012bsies par festiv\u0101la galveno balvu \u2013 bronzas statueti un 5000 eiro. Filmu konkurs\u0101 kopum\u0101 iek\u013cauti darbi no devi\u0146\u0101m valst\u012bm: D\u0101nijas, Latvijas, Lietuvas, Norv\u0113\u0123ijas, Ukrainas un Zviedrijas. \u0160\u012b konkursa epicentrs ir augstv\u0113rt\u012bgi kino darbi, kas atspogu\u013co pasaules aktualit\u0101tes un da\u017e\u0101das kino skolas, trad\u012bcijas un ekr\u0101na valodas. RIGA IFF rado\u0161\u0101 direktore Sonora Broka uzsver, ka konkurs\u0101 iek\u013cautie darbi \u201celpo l\u012bdz ar pasauli\u201d, pat ja to si\u017eeti risin\u0101s senatn\u0113, piev\u0113r\u0161oties m\u016b\u017e\u012bg\u0101m t\u0113m\u0101m \u2013 identit\u0101tes mekl\u0113jumiem, dz\u012bves j\u0113gas izzin\u0101\u0161anai un p\u0113cn\u0101ves nosl\u0113pumiem.<\/p>\n<p>Latvijas kino p\u0101rst\u0101vniec\u012bba festiv\u0101l\u0101<\/p>\n<p>\u0160ogad RIGA IFF pilnmetr\u0101\u017eas filmu konkurs\u0101 Latviju p\u0101rst\u0101v ne tikai br\u0101\u013cu \u0100be\u013cu anim\u0101cija, bet ar\u012b divas dokument\u0101l\u0101s filmas: J\u0101\u0146a \u0100beles detekt\u012bvfilma \u201eTestaments\u201d, kas aicina skat\u012bt\u0101jus uz ce\u013cojumu pa Rietumeiropas sarkano lukturu rajoniem, piepildot dzejnieka Anatolija Imerma\u0146a p\u0113d\u0113jo v\u0113lmi, un Kristas Bur\u0101nes muzik\u0101l\u0101 \u012bpa\u0161vietas izr\u0101de kino form\u0101t\u0101 \u201eVisi putni skaisti dzied\u201d, kas piev\u0113r\u0161as gan po\u0113tisk\u0101m tautasdziesm\u0101m, gan dramatiskaj\u0101m p\u0101rmai\u0146\u0101m putnu sugu popul\u0101cij\u0101s Latvij\u0101. Papildus \u0161iem darbiem, festiv\u0101l\u0101 tiks demonstr\u0113ti ar\u012b citi Baltijas j\u016bras re\u0123iona kino veidot\u0101ju jaun\u0101kie darbi, tostarp Ukrainas un Lietuvas kopra\u017eojuma dokument\u0101lais darbs \u201eSpeci\u0101l\u0101 oper\u0101cija\u201d, kas izmanto \u010cornobi\u013cas nov\u0113ro\u0161anas kameru film\u0113jumus, lai atkl\u0101tu Krievijas Feder\u0101cijas milit\u0101ro sp\u0113ku iebrukumu atomreakt\u012bvaj\u0101 zon\u0101.<\/p>\n<p>Da\u017e\u0101d\u012bba un dzi\u013cums programm\u0101<\/p>\n<p>Festiv\u0101la programma sola bag\u0101t\u012bgu un emocion\u0101li pies\u0101tin\u0101tu kino pieredzi, pulc\u0113jot skat\u012bt\u0101jus uz dokument\u0101lo un aktierkino seansiem kinote\u0101tr\u012b \u201eSplendid Palace\u201d. Kl\u0101teso\u0161ajiem b\u016bs iesp\u0113ja iepaz\u012bties ar izteiksm\u012bgiem cilv\u0113kst\u0101stiem, kas p\u0101rst\u0101v at\u0161\u0137ir\u012bgas kino skolas un ekr\u0101na valodas. Papildus Latvijas p\u0101rst\u0101vjiem, festiv\u0101la konkursa programm\u0101 iek\u013cautas ar\u012b noz\u012bm\u012bgas Zieme\u013cvalstu kino akcenti, piem\u0113ram, norv\u0113\u0123u re\u017eisores Janikes Askevollas filma \u201eSolomamma\u201d, kas pied\u0101v\u0101 nians\u0113tu m\u016bsdienu \u0123ime\u0146u anatomijas \u0161\u0137\u0113rsgriezumu, un d\u0101\u0146u re\u017eisores Em\u012blijas Talundas debijas filma \u201eBezsvars\u201d, kas tiek d\u0113v\u0113ta par skandin\u0101vu atbildi filmai \u201eLady Bird: Laiks lidot\u201d. T\u0101pat skat\u012bt\u0101ji var\u0113s baud\u012bt zviedru re\u017eisora Jona Sk\u016bga melnbalto filmu \u201eSarg\u0101t\u0101js\u201d, kas tapis uz 35mm filmlentes un uz\u0146emts ar le\u0123end\u0101r\u0101 fran\u010du aktiera Den\u012b Lev\u0101na dal\u012bbu.<\/p>\n<p>\u017d\u016brija un bi\u013ce\u0161u pieejam\u012bba<\/p>\n<p>Par festiv\u0101la galveno balvu un cit\u0101m godalg\u0101m spried\u012bs kompetenta \u017e\u016brija, kuras sast\u0101v\u0101 ir atz\u012bti kino nozares profesion\u0101\u013ci no da\u017e\u0101d\u0101m valst\u012bm: fran\u010du kurators Tibo Braks, igau\u0146u re\u017eisore Anna Hintsa, latvie\u0161u producente Alise \u0122elze, norv\u0113\u0123u producente Gudnija Humelvolla un Kannu kinofestiv\u0101la Filmu departamenta vad\u012bt\u0101js Kristi\u0101ns \u017d\u0113ns. Bi\u013cetes uz festiv\u0101la seansiem jau ir pieejamas ieg\u0101dei gan festiv\u0101la m\u0101jaslap\u0101 rigaiff.lv, gan \u201eBi\u013ce\u0161u serviss\u201d tirdzniec\u012bbas viet\u0101s, \u013caujot ikvienam interesentam iepl\u0101not savu kino baud\u012bjumu.<\/p>\n","protected":false},"excerpt":{"rendered":"R\u012bgas Starptautiskais kino festiv\u0101ls atkl\u0101s ar br\u0101\u013cu \u0100be\u013cu anim\u0101cijas filmu \u00abDieva suns\u00bb 12. R\u012bgas Starptautiskais kino festiv\u0101ls (RIGA&hellip;\n","protected":false},"author":2,"featured_media":36682,"comment_status":"","ping_status":"","sticky":false,"template":"","format":"standard","meta":{"footnotes":""},"categories":[19],"tags":[2462,6894,4191,89,90,35,39,38,36,37,34,100,40,4190],"class_list":{"0":"post-36681","1":"post","2":"type-post","3":"status-publish","4":"format-standard","5":"has-post-thumbnail","7":"category-izklaide","8":"tag-animacijas-filma","9":"tag-brali-abeles","10":"tag-dieva-suns","11":"tag-entertainment","12":"tag-izklaide","13":"tag-latvia","14":"tag-latvian","15":"tag-latviesu","16":"tag-latviesu-valoda","17":"tag-latviesuvaloda","18":"tag-latvija","19":"tag-latvijas-kino","20":"tag-lv","21":"tag-rigas-starptautiskais-kino-festivals"},"share_on_mastodon":{"url":"https:\/\/pubeurope.com\/@lv\/115472487101751393","error":""},"_links":{"self":[{"href":"https:\/\/www.europesays.com\/lv\/wp-json\/wp\/v2\/posts\/36681","targetHints":{"allow":["GET"]}}],"collection":[{"href":"https:\/\/www.europesays.com\/lv\/wp-json\/wp\/v2\/posts"}],"about":[{"href":"https:\/\/www.europesays.com\/lv\/wp-json\/wp\/v2\/types\/post"}],"author":[{"embeddable":true,"href":"https:\/\/www.europesays.com\/lv\/wp-json\/wp\/v2\/users\/2"}],"replies":[{"embeddable":true,"href":"https:\/\/www.europesays.com\/lv\/wp-json\/wp\/v2\/comments?post=36681"}],"version-history":[{"count":0,"href":"https:\/\/www.europesays.com\/lv\/wp-json\/wp\/v2\/posts\/36681\/revisions"}],"wp:featuredmedia":[{"embeddable":true,"href":"https:\/\/www.europesays.com\/lv\/wp-json\/wp\/v2\/media\/36682"}],"wp:attachment":[{"href":"https:\/\/www.europesays.com\/lv\/wp-json\/wp\/v2\/media?parent=36681"}],"wp:term":[{"taxonomy":"category","embeddable":true,"href":"https:\/\/www.europesays.com\/lv\/wp-json\/wp\/v2\/categories?post=36681"},{"taxonomy":"post_tag","embeddable":true,"href":"https:\/\/www.europesays.com\/lv\/wp-json\/wp\/v2\/tags?post=36681"}],"curies":[{"name":"wp","href":"https:\/\/api.w.org\/{rel}","templated":true}]}}