{"id":36699,"date":"2025-11-01T04:46:09","date_gmt":"2025-11-01T04:46:09","guid":{"rendered":"https:\/\/www.europesays.com\/lv\/36699\/"},"modified":"2025-11-01T04:46:09","modified_gmt":"2025-11-01T04:46:09","slug":"jazepa-medina-rigas-muzikas-vidusskolas-audzeknu-koncerts-zvaigznaja-iekaros-mazas-gildes-skatitaju-sirdis-lente-lv","status":"publish","type":"post","link":"https:\/\/www.europesays.com\/lv\/36699\/","title":{"rendered":"J\u0101zepa Medi\u0146a R\u012bgas M\u016bzikas vidusskolas audz\u0113k\u0146u koncerts &#8220;Zvaigzn\u0101j\u0101&#8221; iekaros Maz\u0101s \u0123ildes skat\u012bt\u0101ju sirdis\u00a0\u2014\u00a0Lente.lv"},"content":{"rendered":"<p>Ievads<\/p>\n<p>R\u012bg\u0101, 4. novembr\u012b, 2025. gad\u0101, Kult\u016bras un tautas m\u0101kslas centr\u0101 &#8220;Maz\u0101 \u0123ilde&#8221; notiks unik\u0101ls muzik\u0101ls notikums \u2013 J\u0101zepa Medi\u0146a R\u012bgas M\u016bzikas vidusskolas (JMRMV) audz\u0113k\u0146u koncerts \u201cZvaigzn\u0101j\u0101\u201d. \u0160is pas\u0101kums ne tikai iepriecin\u0101s klaus\u012bt\u0101jus ar talant\u012bgu jauno m\u016bzi\u0137u sniegumu, bet ar\u012b iez\u012bm\u0113s ce\u013cu uz JMRMV spo\u017eo simtgades jubileju, kalpojot k\u0101 simboliska pateic\u012bba latvie\u0161u komponistiem un pedagogiem, kuri veido skolas bag\u0101to mantojumu. Koncerts ir apliecin\u0101jums skolas ilggad\u0113jai un cie\u0161ajai sadarb\u012bbai ar R\u012bgas valstspils\u0113tas pa\u0161vald\u012bbu un t\u0101s kult\u016bras iest\u0101d\u0113m, radot sv\u0113tku atmosf\u0113ru gan jaunajiem m\u0101ksliniekiem, gan publikai.<\/p>\n<p>Koncerta un skolas noz\u012bme<\/p>\n<p>Ideja par koncerta \u201cZvaigzn\u0101j\u0101\u201d rad\u012b\u0161anu \u0161ogad dzimusi k\u0101 v\u0113lme tum\u0161ajos gada m\u0113ne\u0161os d\u0101v\u0101t klaus\u012bt\u0101jiem ko spo\u017eu, pacil\u0101jo\u0161u un dzi\u013ci latvisku. K\u0101 atz\u012bst JMRMV jaukt\u0101 kora diri\u0123ente un koncerta m\u0101ksliniecisk\u0101 vad\u012bt\u0101ja Nora \u017deigure, \u0161\u012b ir br\u012bni\u0161\u0137\u012bga iesp\u0113ja vienkopus izbaud\u012bt gan jauno m\u016bzi\u0137u talantu, gan m\u016bsdienu latvie\u0161u komponistu rad\u012bto dai\u013cradi. &#8220;T\u0101 ir sv\u0113tku saj\u016bta gan klaus\u012bt\u0101jiem, gan pa\u0161iem dal\u012bbniekiem,&#8221; vi\u0146a uzsver, nor\u0101dot uz koncerta emocion\u0101lo pies\u0101tin\u0101jumu. J\u0101zepa Medi\u0146a R\u012bgas M\u016bzikas vidusskola, kas ir liel\u0101k\u0101 profesion\u0101l\u0101s m\u016bzikas vid\u0113j\u0101s izgl\u012bt\u012bbas iest\u0101de Latvij\u0101, lepojas ar sav\u0101m trad\u012bcij\u0101m un pla\u0161o audz\u0113k\u0146u \u0123eogr\u0101fiju, kas aptver visu Latviju, apliecinot t\u0101s noz\u012bmi un stabilit\u0101ti kult\u016bras ainav\u0101 . Skola, kuras pirms\u0101kumi mekl\u0113jami jau 1927. gad\u0101, sagatavo profesion\u0101lus m\u016bzikas speci\u0101listus un audzina person\u012bbas, kas pau\u017e sevi pasaul\u0113 ar m\u016bzikas valodu .<\/p>\n<p>Programmas daudzveid\u012bba un talanti<\/p>\n<p>Koncert\u0101 \u201cZvaigzn\u0101j\u0101\u201d uzst\u0101sies daudzveid\u012bgi JMRMV audz\u0113k\u0146u kolekt\u012bvi un solisti \u2013 s\u0101kot no jaunajiem talantiem, kuri tikai sper pirmos so\u013cus m\u016bzikas pasaul\u0113, l\u012bdz pat pieredz\u0113ju\u0161iem ansamb\u013ciem un or\u0137estriem. Programm\u0101 paredz\u0113ts dzird\u0113t gan Latvijas, gan pasaules komponistu darbus, kas jaunie\u0161u izpild\u012bjum\u0101 ieg\u016bs jaunu, svaigu elpu. Gaid\u0101mi gan jauktie un viendab\u012bgie ansamb\u013ci, gan solisti, jauktais koris un st\u012bgu or\u0137estris, demonstr\u0113jot skolas pla\u0161\u0101s muzik\u0101l\u0101s iesp\u0113jas un audz\u0113k\u0146u prasmes da\u017e\u0101dos \u017eanros un stilos. K\u0101 \u012bpa\u0161s akcents, vakaru caurv\u012bs m\u016bzikas teorijas noda\u013cas audz\u0113k\u0146u rad\u012bti teksti, kas pied\u0101v\u0101s aspr\u0101t\u012bgus un gudrus ieskatus komponistu un izpild\u012bt\u0101ju profesion\u0101laj\u0101 ikdien\u0101, pie\u0161\u0137irot pas\u0101kumam intelektu\u0101lu dzi\u013cumu un ori\u0123inalit\u0101ti . \u0160is b\u016bs patiesi aizraujo\u0161s muzik\u0101ls ce\u013cojums, kur\u0101 prasme savijas ar jaunekl\u012bgu aizraut\u012bbu, atkl\u0101jot m\u016bzikas bezgal\u012bg\u0101s robe\u017eas un rado\u0161\u0101s izpausmes da\u017e\u0101d\u012bbu.<\/p>\n<p>Praktisk\u0101 inform\u0101cija<\/p>\n<p>Koncerts \u201cZvaigzn\u0101j\u0101\u201d notiks otrdien, 2025. gada 4. novembr\u012b, plkst. 19:00, R\u012bgas Kult\u016bras un tautas m\u0101kslas centra \u201cMaz\u0101 \u0123ilde\u201d Lielaj\u0101 z\u0101l\u0113. Bi\u013cetes uz pas\u0101kumu ir pieejamas ieg\u0101dei platform\u0101 Bezrindas.lv, un to cena ir 5.00 EUR. J\u0101atz\u012bm\u0113, ka pas\u0101kuma laik\u0101 tiks veikta fotograf\u0113\u0161ana un film\u0113\u0161ana, ieg\u016btie materi\u0101li tiks izmantoti pas\u0101kuma atspogu\u013co\u0161anai un populariz\u0113\u0161anai organizatora t\u012bmek\u013ca vietn\u0113 un soci\u0101lajos t\u012bklos. Aicin\u0101m visus m\u016bzikas m\u012b\u013cot\u0101jus un atbalst\u012bt\u0101jus b\u016bt kl\u0101t un izbaud\u012bt \u0161o sv\u0113tku pilno vakaru, atbalstot jauno talantu att\u012bst\u012bbu un latvie\u0161u m\u016bzikas trad\u012bciju kop\u0161anu.<\/p>\n","protected":false},"excerpt":{"rendered":"Ievads R\u012bg\u0101, 4. novembr\u012b, 2025. gad\u0101, Kult\u016bras un tautas m\u0101kslas centr\u0101 &#8220;Maz\u0101 \u0123ilde&#8221; notiks unik\u0101ls muzik\u0101ls notikums \u2013&hellip;\n","protected":false},"author":2,"featured_media":36700,"comment_status":"","ping_status":"","sticky":false,"template":"","format":"standard","meta":{"footnotes":""},"categories":[19],"tags":[89,90,10768,202,35,39,38,36,37,34,40],"class_list":{"0":"post-36699","1":"post","2":"type-post","3":"status-publish","4":"format-standard","5":"has-post-thumbnail","7":"category-izklaide","8":"tag-entertainment","9":"tag-izklaide","10":"tag-jazepa-medina-rigas-muzikas-vidusskola","11":"tag-koncerts","12":"tag-latvia","13":"tag-latvian","14":"tag-latviesu","15":"tag-latviesu-valoda","16":"tag-latviesuvaloda","17":"tag-latvija","18":"tag-lv"},"share_on_mastodon":{"url":"https:\/\/pubeurope.com\/@lv\/115472628667017569","error":""},"_links":{"self":[{"href":"https:\/\/www.europesays.com\/lv\/wp-json\/wp\/v2\/posts\/36699","targetHints":{"allow":["GET"]}}],"collection":[{"href":"https:\/\/www.europesays.com\/lv\/wp-json\/wp\/v2\/posts"}],"about":[{"href":"https:\/\/www.europesays.com\/lv\/wp-json\/wp\/v2\/types\/post"}],"author":[{"embeddable":true,"href":"https:\/\/www.europesays.com\/lv\/wp-json\/wp\/v2\/users\/2"}],"replies":[{"embeddable":true,"href":"https:\/\/www.europesays.com\/lv\/wp-json\/wp\/v2\/comments?post=36699"}],"version-history":[{"count":0,"href":"https:\/\/www.europesays.com\/lv\/wp-json\/wp\/v2\/posts\/36699\/revisions"}],"wp:featuredmedia":[{"embeddable":true,"href":"https:\/\/www.europesays.com\/lv\/wp-json\/wp\/v2\/media\/36700"}],"wp:attachment":[{"href":"https:\/\/www.europesays.com\/lv\/wp-json\/wp\/v2\/media?parent=36699"}],"wp:term":[{"taxonomy":"category","embeddable":true,"href":"https:\/\/www.europesays.com\/lv\/wp-json\/wp\/v2\/categories?post=36699"},{"taxonomy":"post_tag","embeddable":true,"href":"https:\/\/www.europesays.com\/lv\/wp-json\/wp\/v2\/tags?post=36699"}],"curies":[{"name":"wp","href":"https:\/\/api.w.org\/{rel}","templated":true}]}}