{"id":36777,"date":"2025-11-01T07:51:11","date_gmt":"2025-11-01T07:51:11","guid":{"rendered":"https:\/\/www.europesays.com\/lv\/36777\/"},"modified":"2025-11-01T07:51:11","modified_gmt":"2025-11-01T07:51:11","slug":"latvijas-radio-100-daudz-laimes-vel-koleges-ingvilda-strautmane-un-zane-lace-baltalksne-lr1-latvijas-radio","status":"publish","type":"post","link":"https:\/\/www.europesays.com\/lv\/36777\/","title":{"rendered":"Latvijas Radio 100. Daudz laimes v\u0113l kol\u0113\u0123es Ingvilda Strautmane un Zane L\u0101ce-Baltalksne \/ LR1 \/ \/ Latvijas Radio"},"content":{"rendered":"<p><a href=\"https:\/\/mapp.latvijasradio.lv\/shared-broadcast?b=237&amp;url=http:\/\/latvijasradio.lsm.lv\/lv\/lr1\/raidijumi\/labriit\/\" target=\"_blank\" rel=\"nofollow noopener\"><img decoding=\"async\" alt=\"Latvijas radio lietotnes logo\" src=\"https:\/\/www.europesays.com\/lv\/wp-content\/uploads\/2025\/11\/1761983468_370_LR_pod poga.png\" style=\"width: 140px; height: 38px;\"\/><\/a><\/p>\n<p>Labr\u012bt saka un daudz laimes dzim\u0161anas dien\u0101 v\u0113l kol\u0113\u0123es\u00a0Ingvilda Strautmane un\u00a0Zane L\u0101ce-Baltalksne.<\/p>\n<p>Abas kol\u0113\u0123es ir ar\u012b str\u0101d\u0101ju\u0161as Zi\u0146u dienest\u0101, bet \u0161aj\u0101, simtgades gad\u0101 ir cie\u0161i saist\u012btas ar Latvijas Radio v\u0113stures izzin\u0101\u0161anu.<\/p>\n<p>&#8212;<\/p>\n<p>Ingvilda Strautmane ir Latvijas Radio kult\u016bras \u017eurn\u0101liste. Raid\u012bjumu \u201eKult\u016bras rondo\u201d un \u201eRadio maz\u0101 las\u012btava\u201d veidot\u0101ja.<\/p>\n<p>Radiom\u0101j\u0101 pirmo reizi s\u0101ka str\u0101d\u0101t 1984. gad\u0101 \u0101rzemju raid\u012bjumu redakcij\u0101.\u00a0Zi\u0146u dienest\u0101 str\u0101d\u0101jusi divos periodos \u2013 no 1991. l\u012bdz 1992. gadam; un no 1997. l\u012bdz 2007. gadam. Bija korespondente, producente un raid\u012bjumu vad\u012bt\u0101ja. Uzrun\u0101jusi klaus\u012bt\u0101jus, ar\u012b vadot raid\u012bjumu \u201eLabr\u012bt\u201d.<\/p>\n<p>2004. gad\u0101 sa\u0146\u0113ma Nacion\u0101l\u0101s radio un telev\u012bzijas padomes balvu k\u0101 gada radio \u017eurn\u0101liste. \u0160ogad iecelta par Triju Zvaig\u017e\u0146u orde\u0146a kavalieri.<\/p>\n<p>Zane L\u0101ce-Baltalksne ir\u00a0Latvijas Radio raid\u012bjumu \u201eZin\u0101mais nezin\u0101maj\u0101\u201d un \u201eVietu lietas Latvij\u0101\u201d veidot\u0101ja un vad\u012bt\u0101ja. Radiom\u0101j\u0101 kop\u0161 1997. gada.\u00a0\u012asu br\u012bdi 90. gados str\u0101d\u0101ja Zi\u0146u dienest\u0101 par redaktori. Bija ar\u012b Latvijas Radio 2 zi\u0146u redaktore un diktore.<\/p>\n<p>Ilgus gadus bija jaunie\u0161u programmas \u201eRadiobumba\u201d redaktore un programmas vad\u012bt\u0101ja. Vair\u0101kus gadus veidoja portretintervijas raid\u012bjum\u0101 \u201eSav\u0113jie. Mums l\u012bdz\u0101s eso\u0161u cilv\u0113ku dz\u012bvesst\u0101sti\u201d. T\u0101pat Zane ar \u012bpa\u0161u aizraut\u012bbu veidoja raid\u012bjumu \u201eKusto\u0146u pasaule\u201d, kur iedzi\u013cin\u0101j\u0101s dz\u012bvnieku tematik\u0101, s\u0101kot no l\u0101\u010diem l\u012bdz sliek\u0101m.<\/p>\n<p>Specializ\u0113jusies dokument\u0101laj\u0101 \u017eurn\u0101listik\u0101. Ir vair\u0101ku Latvijas Radio v\u0113sturei velt\u012bto ciklu autore. To vid\u016b \u201eRada un raida jau 100 gadus\u201d, ka Latvijas Radio 1 \u0113ter\u0101 b\u016bs dzirdams l\u012bdz gada beig\u0101m.<\/p>\n<p>\u00a0<\/p>\n<ul class=\"slides\">&#13;<\/p>\n<li>&#13;<br \/>\n\t\t\t\t\t\t\t\t\t<img decoding=\"async\" src=\"https:\/\/www.europesays.com\/lv\/wp-content\/uploads\/2025\/11\/gallery_f77457c0.jpg\" alt=\"lr-100 Ingvilda Strautmane\"\/>&#13;<br \/>\n\t\t\t\t&#13;<br \/>\n\t\t\t\t\t\t\t\t\t&#13;\n\t\t\t\t\t\t\t\t<\/li>\n<li>&#13;<br \/>\n\t\t\t\t\t\t\t\t\t<img decoding=\"async\" src=\"https:\/\/www.europesays.com\/lv\/wp-content\/uploads\/2025\/11\/gallery_058a8b90.jpg\" alt=\"lr-100 Zane L\u0101ce-Baltalksne\"\/>&#13;<br \/>\n\t\t\t\t&#13;<br \/>\n\t\t\t\t\t\t\t\t\t&#13;\n\t\t\t\t\t\t<\/li>\n<\/ul>\n<ul class=\"slides\">&#13;<\/p>\n<li><a href=\"https:\/\/lr1.lsm.lv\/lv\/raksts\/labrit\/latvijas-radio-100.-daudz-laimes-vel-koleges-ingvilda-strautmane.a213846\/javascript:;\" rel=\"nofollow noopener\" target=\"_blank\"><img decoding=\"async\" src=\"https:\/\/www.europesays.com\/lv\/wp-content\/uploads\/2025\/11\/small_f77457c0.jpg\" alt=\"lr-100 Ingvilda Strautmane\"\/><\/a><\/li>\n<p>&#13;<\/p>\n<li><a href=\"https:\/\/lr1.lsm.lv\/lv\/raksts\/labrit\/latvijas-radio-100.-daudz-laimes-vel-koleges-ingvilda-strautmane.a213846\/javascript:;\" rel=\"nofollow noopener\" target=\"_blank\"><img decoding=\"async\" src=\"https:\/\/www.europesays.com\/lv\/wp-content\/uploads\/2025\/11\/small_058a8b90.jpg\" alt=\"lr-100 Zane L\u0101ce-Baltalksne\"\/><\/a><\/li>\n<p>&#13;\n\t\t\t\t<\/ul>\n<p>Ieteikt<\/p>\n<p>    Latvijas Radio aicina izteikt savu viedokli par raid\u012bjum\u0101 dzird\u0113to un atbalsta diskusijas klaus\u012bt\u0101ju starp\u0101, tom\u0113r patur ties\u012bbas dz\u0113st koment\u0101rus, kas p\u0101rk\u0101pj cie\u0146pilnas attieksmes un \u0113tiskas r\u012bc\u012bbas robe\u017eas.<a name=\"comments\"\/><\/p>\n","protected":false},"excerpt":{"rendered":"Labr\u012bt saka un daudz laimes dzim\u0161anas dien\u0101 v\u0113l kol\u0113\u0123es\u00a0Ingvilda Strautmane un\u00a0Zane L\u0101ce-Baltalksne. Abas kol\u0113\u0123es ir ar\u012b str\u0101d\u0101ju\u0161as Zi\u0146u&hellip;\n","protected":false},"author":2,"featured_media":36778,"comment_status":"","ping_status":"","sticky":false,"template":"","format":"standard","meta":{"footnotes":""},"categories":[5],"tags":[23,28,29,32,33,22,30,31,35,39,38,36,37,34,40,20,26,27,24,25,21],"class_list":{"0":"post-36777","1":"post","2":"type-post","3":"status-publish","4":"format-standard","5":"has-post-thumbnail","7":"category-aktualitates","8":"tag-aktualitates","9":"tag-breaking-news","10":"tag-breakingnews","11":"tag-featured-news","12":"tag-featurednews","13":"tag-headlines","14":"tag-latest-news","15":"tag-latestnews","16":"tag-latvia","17":"tag-latvian","18":"tag-latviesu","19":"tag-latviesu-valoda","20":"tag-latviesuvaloda","21":"tag-latvija","22":"tag-lv","23":"tag-news","24":"tag-popularakas-zinas","25":"tag-popularakaszinas","26":"tag-top-stories","27":"tag-topstories","28":"tag-zinas"},"share_on_mastodon":{"url":"https:\/\/pubeurope.com\/@lv\/115473356163161763","error":""},"_links":{"self":[{"href":"https:\/\/www.europesays.com\/lv\/wp-json\/wp\/v2\/posts\/36777","targetHints":{"allow":["GET"]}}],"collection":[{"href":"https:\/\/www.europesays.com\/lv\/wp-json\/wp\/v2\/posts"}],"about":[{"href":"https:\/\/www.europesays.com\/lv\/wp-json\/wp\/v2\/types\/post"}],"author":[{"embeddable":true,"href":"https:\/\/www.europesays.com\/lv\/wp-json\/wp\/v2\/users\/2"}],"replies":[{"embeddable":true,"href":"https:\/\/www.europesays.com\/lv\/wp-json\/wp\/v2\/comments?post=36777"}],"version-history":[{"count":0,"href":"https:\/\/www.europesays.com\/lv\/wp-json\/wp\/v2\/posts\/36777\/revisions"}],"wp:featuredmedia":[{"embeddable":true,"href":"https:\/\/www.europesays.com\/lv\/wp-json\/wp\/v2\/media\/36778"}],"wp:attachment":[{"href":"https:\/\/www.europesays.com\/lv\/wp-json\/wp\/v2\/media?parent=36777"}],"wp:term":[{"taxonomy":"category","embeddable":true,"href":"https:\/\/www.europesays.com\/lv\/wp-json\/wp\/v2\/categories?post=36777"},{"taxonomy":"post_tag","embeddable":true,"href":"https:\/\/www.europesays.com\/lv\/wp-json\/wp\/v2\/tags?post=36777"}],"curies":[{"name":"wp","href":"https:\/\/api.w.org\/{rel}","templated":true}]}}