{"id":36785,"date":"2025-11-01T08:02:08","date_gmt":"2025-11-01T08:02:08","guid":{"rendered":"https:\/\/www.europesays.com\/lv\/36785\/"},"modified":"2025-11-01T08:02:08","modified_gmt":"2025-11-01T08:02:08","slug":"paldies-ari-viniem-santa","status":"publish","type":"post","link":"https:\/\/www.europesays.com\/lv\/36785\/","title":{"rendered":"\u00abPaldies ar\u012b vi\u0146iem\u2026\u00bb \u2014 Santa"},"content":{"rendered":"<p>Dal\u012bbnieki bija atnesu\u0161i ziedus, svec\u012btes un plak\u0101tus ar uzrakstiem \u00abM\u0113s nepras\u0101m br\u012bnumus, tikai taisn\u012bgum\u00bb. Daudzi piket\u0113t\u0101ji bija ieradu\u0161ies kop\u0101 ar saviem m\u0101jdz\u012bvniekiem, pau\u017eot solidarit\u0101ti notiku\u0161\u0101 d\u0113\u013c.<\/p>\n<p>Pas\u0101kuma r\u012bkot\u0101ji uzsv\u0113ra, ka no pa\u0161vald\u012bbas un ties\u012bbsarg\u0101jo\u0161aj\u0101m iest\u0101d\u0113m tiek sagaid\u012bta skaidra r\u012bc\u012bba, nevis klus\u0113\u0161ana. \u00abM\u0113s esam cilv\u0113ki, kas prasa paties\u012bbu, nevis tuk\u0161us sol\u012bjumus,\u00bb sac\u012bja viens no kl\u0101teso\u0161ajiem.<\/p>\n<p>Piket\u0101 ierad\u0101s ar\u012b pats saimniec\u012bbas Modra olas \u012bpa\u0161nieks Modris Konovalovs, kur\u0161 bija \u0161o su\u0146u \u012bpa\u0161nieks.\u00a0 Vi\u0146\u0161 pateic\u0101s iedz\u012bvot\u0101jiem par kl\u0101tb\u016btni un v\u0113l\u0101k sav\u0101 Instagram\u00a0kont\u0101 public\u0113ja video, kur\u0101 teica:<\/p>\n<p>\u00abV\u0113los pateikt milz\u012bgu paldies tiem, kuri ierad\u0101s. Par labajiem v\u0101rdiem, par zi\u0146\u0101m. Paldies ar\u012b tiem, kuri raksta iesniegumus PVD, sakot, ka es neiev\u0113roju labtur\u012bbas pras\u012bbas saviem dz\u012bvniekiem un putniem. \u0160odien bija PVD p\u0101rbaude, kas konstat\u0113ja, ka p\u0101rk\u0101pumu nav. Uz \u0161\u012bs nots gribu teikt  \u2014  es c\u012bn\u012b\u0161os un nepado\u0161os. C\u012bn\u012b\u0161os l\u012bdz galam. Gaisma uzvar\u0113s tumsu,\u00bb st\u0101sta Modris.<\/p>\n<p>Iepriek\u0161 l\u012bdz\u012bgs <a data-id=\"124416\" href=\"https:\/\/www.santa.lv\/tema\/124416\/pikets?utm_source=internal&amp;utm_medium=article&amp;utm_campaign=theme_link\" target=\"_blank\" rel=\"nofollow noopener\">pikets<\/a> bija noticis pie pa\u0161vald\u012bbas policijas \u0113kas, kur tika piepras\u012bta ar\u012b policijas priek\u0161nieka Eg\u012bla Gai\u013ca atlai\u0161ana.<\/p>\n","protected":false},"excerpt":{"rendered":"Dal\u012bbnieki bija atnesu\u0161i ziedus, svec\u012btes un plak\u0101tus ar uzrakstiem \u00abM\u0113s nepras\u0101m br\u012bnumus, tikai taisn\u012bgum\u00bb. Daudzi piket\u0113t\u0101ji bija ieradu\u0161ies&hellip;\n","protected":false},"author":2,"featured_media":36786,"comment_status":"","ping_status":"","sticky":false,"template":"","format":"standard","meta":{"footnotes":""},"categories":[12],"tags":[23,28,29,32,33,22,30,31,35,39,38,36,37,34,40,20,26,27,24,25,21],"class_list":{"0":"post-36785","1":"post","2":"type-post","3":"status-publish","4":"format-standard","5":"has-post-thumbnail","7":"category-latvija","8":"tag-aktualitates","9":"tag-breaking-news","10":"tag-breakingnews","11":"tag-featured-news","12":"tag-featurednews","13":"tag-headlines","14":"tag-latest-news","15":"tag-latestnews","16":"tag-latvia","17":"tag-latvian","18":"tag-latviesu","19":"tag-latviesu-valoda","20":"tag-latviesuvaloda","21":"tag-latvija","22":"tag-lv","23":"tag-news","24":"tag-popularakas-zinas","25":"tag-popularakaszinas","26":"tag-top-stories","27":"tag-topstories","28":"tag-zinas"},"share_on_mastodon":{"url":"https:\/\/pubeurope.com\/@lv\/115473399342423825","error":""},"_links":{"self":[{"href":"https:\/\/www.europesays.com\/lv\/wp-json\/wp\/v2\/posts\/36785","targetHints":{"allow":["GET"]}}],"collection":[{"href":"https:\/\/www.europesays.com\/lv\/wp-json\/wp\/v2\/posts"}],"about":[{"href":"https:\/\/www.europesays.com\/lv\/wp-json\/wp\/v2\/types\/post"}],"author":[{"embeddable":true,"href":"https:\/\/www.europesays.com\/lv\/wp-json\/wp\/v2\/users\/2"}],"replies":[{"embeddable":true,"href":"https:\/\/www.europesays.com\/lv\/wp-json\/wp\/v2\/comments?post=36785"}],"version-history":[{"count":0,"href":"https:\/\/www.europesays.com\/lv\/wp-json\/wp\/v2\/posts\/36785\/revisions"}],"wp:featuredmedia":[{"embeddable":true,"href":"https:\/\/www.europesays.com\/lv\/wp-json\/wp\/v2\/media\/36786"}],"wp:attachment":[{"href":"https:\/\/www.europesays.com\/lv\/wp-json\/wp\/v2\/media?parent=36785"}],"wp:term":[{"taxonomy":"category","embeddable":true,"href":"https:\/\/www.europesays.com\/lv\/wp-json\/wp\/v2\/categories?post=36785"},{"taxonomy":"post_tag","embeddable":true,"href":"https:\/\/www.europesays.com\/lv\/wp-json\/wp\/v2\/tags?post=36785"}],"curies":[{"name":"wp","href":"https:\/\/api.w.org\/{rel}","templated":true}]}}