{"id":36787,"date":"2025-11-01T08:08:09","date_gmt":"2025-11-01T08:08:09","guid":{"rendered":"https:\/\/www.europesays.com\/lv\/36787\/"},"modified":"2025-11-01T08:08:09","modified_gmt":"2025-11-01T08:08:09","slug":"tiesa-nolemj-noslepkavotas-justines-tevam-un-matei-palielinat-cietumsodus","status":"publish","type":"post","link":"https:\/\/www.europesays.com\/lv\/36787\/","title":{"rendered":"Tiesa nolemj noslepkavot\u0101s Just\u012bnes t\u0113vam un m\u0101tei palielin\u0101t cietumsodus"},"content":{"rendered":"<p>Jau zi\u0146ots,\u00a0ka Latgales tiesas apgabala prokurat\u016bras prokurore bija iesniegusi protestu par Latgales rajona tiesas spriedumu, ar kuru par vain\u012bgiem septi\u0146us gadus vec\u0101s Reinikovas slepkav\u012bb\u0101 atzinusi vi\u0146as t\u0113vu un pam\u0101ti, <a href=\"https:\/\/tv3.lv\/degpunkta\/noziedziba\/prokuratura-pieprasa-justines-slepkavam-piespriest-bargaku-sodu\/\" rel=\"nofollow noopener\" target=\"_blank\">piesprie\u017eot vi\u0146iem cietumsodus attiec\u012bgi uz 20 un 17 gadiem.<\/a><\/p>\n<p>Reinikovi tika aps\u016bdz\u0113ti par slepkav\u012bbu pastiprino\u0161os apst\u0101k\u013cos. Slepkav\u012bba paveikta grup\u0101, bet non\u0101v\u0113t\u0101 persona bija bezpal\u012bdz\u012bbas st\u0101vokl\u012b \u2013 notikusi cietsird\u012bga un vardarb\u012bga apie\u0161an\u0101s ar mazgad\u012bgo, nodarot fiziskas, psihiskas cie\u0161anas.<\/p>\n<p>Jau kop\u0161 pirmaj\u0101m meitenes pazu\u0161anas dien\u0101m likumsargi str\u0101d\u0101ja ar vair\u0101k\u0101m versij\u0101m, tostarp, ka pret vi\u0146u, iesp\u0113jams, veikts noziedz\u012bgs nodar\u012bjums.<\/p>\n<p>20. j\u016bnija nakt\u012b policija aizdom\u0101s par iesp\u0113jamu noziedz\u012bgu nodar\u012bjumu pret meiteni aiztur\u0113ja vi\u0146as t\u0113vu un pam\u0101ti. Savuk\u0101rt meitenes \u0137ermenis ar ac\u012bmredzamiem miesas boj\u0101jumiem tika atrasts aprakts pamest\u0101 m\u0101jas pagrab\u0101 me\u017ea vid\u016b vair\u0101kus desmitus kilometru no meitenes dz\u012bvesvietas \u2013 viet\u0101, kur savulaik dz\u012bvojis Just\u012bnes t\u0113vs.<\/p>\n<p>Noskaties: V\u0113l dienu pirms nogalin\u0101t\u0101s Just\u012bnes atra\u0161anas pam\u0101te intervij\u0101 \u201cDegpunkt\u0101\u201d koment\u0113ja \u2013 \u201ccen\u0161amies kaut k\u0101 sadz\u012bvot ar to, ka nezin\u0101m, kur ir b\u0113rns\u201d<\/p>\n<p class=\"ad-desc ad-desc-main\">Saturs turpin\u0101s p\u0113c rekl\u0101mas<\/p>\n<p class=\"ad-desc ad-desc-sec\">Rekl\u0101ma<\/p>\n<p>Da\u017eas dienas p\u0113c Just\u012bnes t\u0113va un pam\u0101tes aiztur\u0113\u0161anas Valsts policijas atkl\u0101ja, ka <a href=\"https:\/\/zinas.tv3.lv\/900-sekundes\/nogalinatas-justines-teva-un-pamates-liecibas-ir-pretrunas-atklaj-policijas-prieksnieks\/\" rel=\"nofollow noopener\" target=\"_blank\">aizdom\u0101s aiztur\u0113to \u2013 t\u0113va un pam\u0101tes \u2013 liec\u012bb\u0101s ir pretrunas.\u00a0<\/a><\/p>\n<p>Prokurat\u016bra inform\u0113ja, ka saska\u0146\u0101 ar aps\u016bdz\u012bbu abas personas \u2013 Just\u012bnes t\u0113vs un pam\u0101te \u2013 sav\u0101 dz\u012bvesviet\u0101 R\u0113zeknes novad\u0101, b\u016bdamas alkohola ietekm\u0113, s\u0101ku\u0161as savstarp\u0113ju konfliktu par sadz\u012bviska rakstura pretenzij\u0101m pret mazo Just\u012bni, jo vi\u0146i nevar\u0113ju\u0161i tikt gal\u0101 ar meitenes audzin\u0101\u0161anu un apr\u016bpi.<\/p>\n<p>Aps\u016bdz\u0113tie, apzinoties, ka taj\u0101 br\u012bd\u012b kop\u0101 ar vi\u0146iem atrodas ar\u012b\u00a0Just\u012bne, kura ir mazgad\u012bga un nevar fiziski pretoties pret vi\u0146u v\u0113rstaj\u0101m vardarb\u012bg\u0101m darb\u012bb\u0101m, s\u0101ka uz meiteni kliegt un t\u012b\u0161i sist pa vi\u0146as \u0137ermeni un galvu, nodarot meitenei smagus miesas boj\u0101jumus, kuru rezult\u0101t\u0101 iest\u0101j\u0101s Just\u012bnes n\u0101ve.<\/p>\n<p>Meitenes l\u012b\u0137is tika nosl\u0113pts pamestas m\u0101jas pagrab\u0101 un gan Valsts policija, gan sabiedr\u012bba tika maldin\u0101ta par Just\u012bnes pazu\u0161anu.<\/p>\n<p>Par meitenes pazu\u0161anu R\u0113zeknes novada Nautr\u0113nu pagasta Rogovk\u0101 tika zi\u0146ots 2023. gada 5. maij\u0101. Pusotra m\u0113ne\u0161a laik\u0101 tika veikti da\u017e\u0101di mekl\u0113\u0161anas pas\u0101kumi, iesaistot pla\u0161us sp\u0113kus.<\/p>\n","protected":false},"excerpt":{"rendered":"Jau zi\u0146ots,\u00a0ka Latgales tiesas apgabala prokurat\u016bras prokurore bija iesniegusi protestu par Latgales rajona tiesas spriedumu, ar kuru par&hellip;\n","protected":false},"author":2,"featured_media":36788,"comment_status":"","ping_status":"","sticky":false,"template":"","format":"standard","meta":{"footnotes":""},"categories":[12],"tags":[23,28,29,32,33,22,10789,30,31,35,39,38,36,37,34,40,20,26,27,24,25,21],"class_list":{"0":"post-36787","1":"post","2":"type-post","3":"status-publish","4":"format-standard","5":"has-post-thumbnail","7":"category-latvija","8":"tag-aktualitates","9":"tag-breaking-news","10":"tag-breakingnews","11":"tag-featured-news","12":"tag-featurednews","13":"tag-headlines","14":"tag-justine-reinikova","15":"tag-latest-news","16":"tag-latestnews","17":"tag-latvia","18":"tag-latvian","19":"tag-latviesu","20":"tag-latviesu-valoda","21":"tag-latviesuvaloda","22":"tag-latvija","23":"tag-lv","24":"tag-news","25":"tag-popularakas-zinas","26":"tag-popularakaszinas","27":"tag-top-stories","28":"tag-topstories","29":"tag-zinas"},"share_on_mastodon":{"url":"https:\/\/pubeurope.com\/@lv\/115473422910123799","error":""},"_links":{"self":[{"href":"https:\/\/www.europesays.com\/lv\/wp-json\/wp\/v2\/posts\/36787","targetHints":{"allow":["GET"]}}],"collection":[{"href":"https:\/\/www.europesays.com\/lv\/wp-json\/wp\/v2\/posts"}],"about":[{"href":"https:\/\/www.europesays.com\/lv\/wp-json\/wp\/v2\/types\/post"}],"author":[{"embeddable":true,"href":"https:\/\/www.europesays.com\/lv\/wp-json\/wp\/v2\/users\/2"}],"replies":[{"embeddable":true,"href":"https:\/\/www.europesays.com\/lv\/wp-json\/wp\/v2\/comments?post=36787"}],"version-history":[{"count":0,"href":"https:\/\/www.europesays.com\/lv\/wp-json\/wp\/v2\/posts\/36787\/revisions"}],"wp:featuredmedia":[{"embeddable":true,"href":"https:\/\/www.europesays.com\/lv\/wp-json\/wp\/v2\/media\/36788"}],"wp:attachment":[{"href":"https:\/\/www.europesays.com\/lv\/wp-json\/wp\/v2\/media?parent=36787"}],"wp:term":[{"taxonomy":"category","embeddable":true,"href":"https:\/\/www.europesays.com\/lv\/wp-json\/wp\/v2\/categories?post=36787"},{"taxonomy":"post_tag","embeddable":true,"href":"https:\/\/www.europesays.com\/lv\/wp-json\/wp\/v2\/tags?post=36787"}],"curies":[{"name":"wp","href":"https:\/\/api.w.org\/{rel}","templated":true}]}}