{"id":36814,"date":"2025-11-01T08:49:14","date_gmt":"2025-11-01T08:49:14","guid":{"rendered":"https:\/\/www.europesays.com\/lv\/36814\/"},"modified":"2025-11-01T08:49:14","modified_gmt":"2025-11-01T08:49:14","slug":"polijas-iznicinataji-treso-reizi-sonedel-partver-krievijas-izluklidmasinu-2","status":"publish","type":"post","link":"https:\/\/www.europesays.com\/lv\/36814\/","title":{"rendered":"Polijas izn\u012bcin\u0101t\u0101ji tre\u0161o reizi \u0161oned\u0113\u013c p\u0101rtver Krievijas izl\u016bklidma\u0161\u012bnu"},"content":{"rendered":"<p>Polijas izn\u012bcin\u0101t\u0101ji tre\u0161o reizi \u0161oned\u0113\u013c p\u0101rtv\u0113ru\u0161i un pavad\u012bju\u0161i Krievijas izl\u016bklidma\u0161\u012bnu virs Baltijas j\u016bras.<\/p>\n<p>Divi Polijas izn\u012bcin\u0101t\u0101ji &#8220;MiG-29&#8221; piektdienas r\u012bt\u0101 pavad\u012bja Krievijas lidma\u0161\u012bnu &#8220;I\u013cu\u0161in Il-20&#8221; saska\u0146\u0101 ar NATO proced\u016br\u0101m, platform\u0101 &#8220;X&#8221; pazi\u0146oja Polijas armija. T\u0101 ar\u012b publiskoja fotogr\u0101fiju, kur\u0101 Krievijas lidma\u0161\u012bna redzama virs j\u016bras.<\/p>\n<p>Armijas pazi\u0146ojum\u0101 nor\u0101d\u012bts, ka Krievijas izl\u016bklidma\u0161\u012bna lidoja starptautiskaj\u0101 gaisa telp\u0101 bez lidojuma pl\u0101na un ar izsl\u0113gtu retranslatoru, t\u0101d\u0113j\u0101di potenci\u0101li apdraudot gaisa satiksmi.<\/p>\n<p>&#8220;Polijas piloti p\u0101rtv\u0113ra un identific\u0113ja \u0101rvalstu lidma\u0161\u012bnu un p\u0113c tam to pavad\u012bja saska\u0146\u0101 ar NATO proced\u016br\u0101m,&#8221; un gaisa telpa virs Polijas netika p\u0101rk\u0101pta, pazi\u0146oja Polijas armija.<\/p>\n<p>\u0160is ir tre\u0161ais \u0161\u0101ds incidents \u0161oned\u0113\u013c. Ceturtdien divi Polijas izn\u012bcin\u0101t\u0101ji net\u0101lu no Polijas Baltijas j\u016bras piekrastes p\u0101rtv\u0113ra Krievijas kara lidma\u0161\u012bnu &#8220;Il-20&#8221;, kas ar\u012b lidoja ar izsl\u0113gtu retranslatoru un bez lidojuma pl\u0101na. L\u012bdz\u012bgs incidents notika ar\u012b otrdien.<\/p>\n<p>&#8220;Polijas armija ir piln\u012bg\u0101 kaujas gatav\u012bb\u0101 un efekt\u012bvi rea\u0123\u0113 uz vis\u0101m Krievijas provokat\u012bvaj\u0101m darb\u012bb\u0101m,&#8221; piektdien pazi\u0146oja virspav\u0113lniec\u012bba.<\/p>\n<p><img decoding=\"async\" src=\"https:\/\/www.europesays.com\/lv\/wp-content\/uploads\/2025\/10\/4450cf16cdac8f84d9e80cfe5fcd4b28.png\" title=\"Foto: Thibaud MORITZ \/ AFP \/ Scanpix\" alt=\"Foto: Thibaud MORITZ \/ AFP \/ Scanpix\"\/><\/p>\n<p class=\"article-img-desc\">Foto: Thibaud MORITZ \/ AFP \/ Scanpix<\/p>\n","protected":false},"excerpt":{"rendered":"Polijas izn\u012bcin\u0101t\u0101ji tre\u0161o reizi \u0161oned\u0113\u013c p\u0101rtv\u0113ru\u0161i un pavad\u012bju\u0161i Krievijas izl\u016bklidma\u0161\u012bnu virs Baltijas j\u016bras. Divi Polijas izn\u012bcin\u0101t\u0101ji &#8220;MiG-29&#8221; piektdienas&hellip;\n","protected":false},"author":2,"featured_media":36574,"comment_status":"","ping_status":"","sticky":false,"template":"","format":"standard","meta":{"footnotes":""},"categories":[14],"tags":[129,473,343,23,57,28,29,32,33,22,30,31,35,39,38,36,37,34,40,20,26,27,474,344,475,345,24,25,54,55,56,21,58],"class_list":{"0":"post-36814","1":"post","2":"type-post","3":"status-publish","4":"format-standard","5":"has-post-thumbnail","7":"category-zinas-no-arvalstim","8":"tag-__typenameadvicekeyword","9":"tag-id549","10":"tag-id550","11":"tag-aktualitates","12":"tag-arvalstim","13":"tag-breaking-news","14":"tag-breakingnews","15":"tag-featured-news","16":"tag-featurednews","17":"tag-headlines","18":"tag-latest-news","19":"tag-latestnews","20":"tag-latvia","21":"tag-latvian","22":"tag-latviesu","23":"tag-latviesu-valoda","24":"tag-latviesuvaloda","25":"tag-latvija","26":"tag-lv","27":"tag-news","28":"tag-popularakas-zinas","29":"tag-popularakaszinas","30":"tag-slugkrievijas-iebrukums-ukraina","31":"tag-slugpolija","32":"tag-titlekrievijas-iebrukums-ukraina","33":"tag-titlepolija","34":"tag-top-stories","35":"tag-topstories","36":"tag-world","37":"tag-world-news","38":"tag-worldnews","39":"tag-zinas","40":"tag-zinas-no-arvalstim"},"share_on_mastodon":{"url":"","error":"Validation failed: Text character limit of 500 exceeded"},"_links":{"self":[{"href":"https:\/\/www.europesays.com\/lv\/wp-json\/wp\/v2\/posts\/36814","targetHints":{"allow":["GET"]}}],"collection":[{"href":"https:\/\/www.europesays.com\/lv\/wp-json\/wp\/v2\/posts"}],"about":[{"href":"https:\/\/www.europesays.com\/lv\/wp-json\/wp\/v2\/types\/post"}],"author":[{"embeddable":true,"href":"https:\/\/www.europesays.com\/lv\/wp-json\/wp\/v2\/users\/2"}],"replies":[{"embeddable":true,"href":"https:\/\/www.europesays.com\/lv\/wp-json\/wp\/v2\/comments?post=36814"}],"version-history":[{"count":0,"href":"https:\/\/www.europesays.com\/lv\/wp-json\/wp\/v2\/posts\/36814\/revisions"}],"wp:featuredmedia":[{"embeddable":true,"href":"https:\/\/www.europesays.com\/lv\/wp-json\/wp\/v2\/media\/36574"}],"wp:attachment":[{"href":"https:\/\/www.europesays.com\/lv\/wp-json\/wp\/v2\/media?parent=36814"}],"wp:term":[{"taxonomy":"category","embeddable":true,"href":"https:\/\/www.europesays.com\/lv\/wp-json\/wp\/v2\/categories?post=36814"},{"taxonomy":"post_tag","embeddable":true,"href":"https:\/\/www.europesays.com\/lv\/wp-json\/wp\/v2\/tags?post=36814"}],"curies":[{"name":"wp","href":"https:\/\/api.w.org\/{rel}","templated":true}]}}