{"id":36822,"date":"2025-11-01T08:58:06","date_gmt":"2025-11-01T08:58:06","guid":{"rendered":"https:\/\/www.europesays.com\/lv\/36822\/"},"modified":"2025-11-01T08:58:06","modified_gmt":"2025-11-01T08:58:06","slug":"rigas-sv-pavila-baznica-notikusi-grandiozi-koncerti-kas-savienojusi-operu-ar-musdienu-muziku-lente-lv","status":"publish","type":"post","link":"https:\/\/www.europesays.com\/lv\/36822\/","title":{"rendered":"R\u012bgas Sv. P\u0101vila bazn\u012bc\u0101 notiku\u0161i grandiozi koncerti, kas savienoju\u0161i operu ar m\u016bsdienu m\u016bziku\u00a0\u2014\u00a0Lente.lv"},"content":{"rendered":"<p>Unik\u0101ls koncertu cikls R\u012bgas Sv. P\u0101vila bazn\u012bc\u0101: Opera satiekas ar m\u016bsdienu m\u016bziku<\/p>\n<p>R\u012bgas Sv\u0113t\u0101 P\u0101vila eva\u0146\u0123\u0113liski luteriskaj\u0101 bazn\u012bc\u0101 26. un 27. septembr\u012b notika unik\u0101li koncerti ar nosaukumu \u201cT\u0101 ir OPERA\u201d, kas pulc\u0113ja klaus\u012bt\u0101jus uz aizraujo\u0161u muzik\u0101lu ce\u013cojumu. \u0160ie pas\u0101kumi, pateicoties pla\u0161ajai publikas atsauc\u012bbai, ieguva papildu koncertu, apliecinot cilv\u0113ku v\u0113lmi atkl\u0101t jaunus muzik\u0101los horizontus un baud\u012bt kvalitat\u012bvu m\u0101kslu. Koncerti pied\u0101v\u0101ja nebijis apvienojums, kur klasisk\u0101s operas di\u017enums savij\u0101s ar m\u016bsdienu popul\u0101r\u0101s m\u016bzikas elpu, radot baud\u012bjumu pat tiem, kas parasti izvair\u0101s no operas \u017eanra.<\/p>\n<p>M\u016bzikas dialogs cauri laikmetiem<\/p>\n<p>Programm\u0101 \u201cT\u0101 ir OPERA\u201d tika iek\u013cauti slaven\u0101kie fragmenti no klasiskaj\u0101m oper\u0101m, aizvedot klaus\u012bt\u0101jus caur Biz\u0113 un Verdi skaist\u0101kaj\u0101m \u0101rij\u0101m, lirisk\u0101m melodij\u0101m un dv\u0113seliskajiem dueti. Ta\u010du \u0161is nebija vienk\u0101r\u0161s klasikas vakars \u2013 m\u016bzika tika papildin\u0101ta ar ska\u0146darbiem, ko iedvesmoju\u0161i m\u016bsdienu m\u0101kslinieki, piem\u0113ram, Andrea Bo\u010delli, Lara Fabi\u0101na un Emma \u0160aplina. \u0160is inovat\u012bvais salikums \u013c\u0101va operai par\u0101d\u012bties jaun\u0101 gaism\u0101, atkl\u0101jot t\u0101s svaigumu, emocion\u0101lo dzi\u013cumu un univers\u0101lo cilv\u0113cisko paties\u012bbu. Tas bija k\u0101 tilts starp paaudz\u0113m un m\u016bzikas stiliem, radot harmonisku un aizraujo\u0161u klaus\u012b\u0161an\u0101s pieredzi, kas sp\u0113ja uzrun\u0101t pla\u0161u auditoriju.<\/p>\n<p>Latvijas operas zvaigznes uz vienas skatuves<\/p>\n<p>Par koncerta augsto m\u0101ksliniecisko kvalit\u0101ti un neaizmirstamo iespaidu r\u016bp\u0113j\u0101s spo\u017e\u0101kie Latvijas m\u016bzikas talanti. Uz skatuves k\u0101pa Latvijas Nacion\u0101l\u0101s operas pr\u012bma, sopr\u0101ns J\u016blija Vasi\u013cjeva, atpaz\u012bstama ar savu vok\u0101lo t\u012br\u012bbu, muzik\u0101lo j\u016bt\u012bgumu un iespaid\u012bgo skatuves t\u0113lu. Vi\u0146as bag\u0101t\u012bgais repertu\u0101rs, kas ietver vair\u0101k nek\u0101 divdesmit galven\u0101s lomas, un regul\u0101rie koncerti Eiropas opernamjos apliecina vi\u0146as meistar\u012bbu. Vi\u0146ai pievienoj\u0101s Latvijas Nacion\u0101l\u0101s operas solists, talant\u012bgais tenors Raimonds Bramanis, kur\u0161 ir ar\u012b presti\u017e\u0101s \u201cLatvijas G\u0101ze\u201d Gada balvas Operai laure\u0101ts. Bramanis valdzina ar savu sirsn\u012bgo un sp\u0113c\u012bgo tenora balsi, sp\u012bdot gan lirisk\u0101s, gan dramatisk\u0101s lom\u0101s, un vi\u0146a talants ir apliecin\u0101ts uz da\u017e\u0101d\u0101m Eiropas skatuv\u0113m.<\/p>\n<p>Virtuozu pavad\u012bjums un muzik\u0101l\u0101 harmonija<\/p>\n<p>Muzik\u0101lo pavad\u012bjumu nodro\u0161in\u0101ja pieredz\u0113jis pianists M\u0101ris \u017dagars, kur\u0161 ir koncert\u0113jis 21 pasaules valst\u012b, pievienojoties vijolniekam Gidona Gr\u012bnbergam, Latvijas Nacion\u0101l\u0101s operas un baleta or\u0137estra solistam, k\u0101 ar\u012b starptautiski atz\u012btajai \u010dellistei Irinai Vi\u013ceg\u017ea\u0146inai, Maskavas konservatorijas absolventei. \u0160ie izcilie m\u016bzi\u0137i kop\u0101 rad\u012bja muzik\u0101lu pl\u016bdumu, kas harmoniski apvienoja klasisko operas est\u0113tiku ar m\u016bsdienu ekspresiju, sniedzot klaus\u012bt\u0101jiem augstas kvalit\u0101tes muzik\u0101lu baud\u012bjumu un intelektu\u0101lu piepild\u012bjumu. Koncertu m\u0113r\u0137is bija ne tikai izklaid\u0113t, bet ar\u012b pied\u0101v\u0101t dzi\u013c\u0101ku izpratni par m\u016bzikas daudzveid\u012bbu un t\u0101s sp\u0113ju vienot.<\/p>\n","protected":false},"excerpt":{"rendered":"Unik\u0101ls koncertu cikls R\u012bgas Sv. P\u0101vila bazn\u012bc\u0101: Opera satiekas ar m\u016bsdienu m\u016bziku R\u012bgas Sv\u0113t\u0101 P\u0101vila eva\u0146\u0123\u0113liski luteriskaj\u0101 bazn\u012bc\u0101&hellip;\n","protected":false},"author":2,"featured_media":36823,"comment_status":"","ping_status":"","sticky":false,"template":"","format":"standard","meta":{"footnotes":""},"categories":[19],"tags":[89,90,2527,9448,35,39,38,36,37,34,40,10794,2638,10793],"class_list":{"0":"post-36822","1":"post","2":"type-post","3":"status-publish","4":"format-standard","5":"has-post-thumbnail","7":"category-izklaide","8":"tag-entertainment","9":"tag-izklaide","10":"tag-klasiska-muzika","11":"tag-koncerti-riga","12":"tag-latvia","13":"tag-latvian","14":"tag-latviesu","15":"tag-latviesu-valoda","16":"tag-latviesuvaloda","17":"tag-latvija","18":"tag-lv","19":"tag-musdienu-muzika","20":"tag-opera","21":"tag-sv-pavila-baznica"},"share_on_mastodon":{"url":"https:\/\/pubeurope.com\/@lv\/115473619544813399","error":""},"_links":{"self":[{"href":"https:\/\/www.europesays.com\/lv\/wp-json\/wp\/v2\/posts\/36822","targetHints":{"allow":["GET"]}}],"collection":[{"href":"https:\/\/www.europesays.com\/lv\/wp-json\/wp\/v2\/posts"}],"about":[{"href":"https:\/\/www.europesays.com\/lv\/wp-json\/wp\/v2\/types\/post"}],"author":[{"embeddable":true,"href":"https:\/\/www.europesays.com\/lv\/wp-json\/wp\/v2\/users\/2"}],"replies":[{"embeddable":true,"href":"https:\/\/www.europesays.com\/lv\/wp-json\/wp\/v2\/comments?post=36822"}],"version-history":[{"count":0,"href":"https:\/\/www.europesays.com\/lv\/wp-json\/wp\/v2\/posts\/36822\/revisions"}],"wp:featuredmedia":[{"embeddable":true,"href":"https:\/\/www.europesays.com\/lv\/wp-json\/wp\/v2\/media\/36823"}],"wp:attachment":[{"href":"https:\/\/www.europesays.com\/lv\/wp-json\/wp\/v2\/media?parent=36822"}],"wp:term":[{"taxonomy":"category","embeddable":true,"href":"https:\/\/www.europesays.com\/lv\/wp-json\/wp\/v2\/categories?post=36822"},{"taxonomy":"post_tag","embeddable":true,"href":"https:\/\/www.europesays.com\/lv\/wp-json\/wp\/v2\/tags?post=36822"}],"curies":[{"name":"wp","href":"https:\/\/api.w.org\/{rel}","templated":true}]}}