{"id":36831,"date":"2025-11-01T09:19:12","date_gmt":"2025-11-01T09:19:12","guid":{"rendered":"https:\/\/www.europesays.com\/lv\/36831\/"},"modified":"2025-11-01T09:19:12","modified_gmt":"2025-11-01T09:19:12","slug":"virs-17-stundas-tureja-durvju-rokturi-divu-sieviesu-stasts-glabjoties-no-hamas-uzbrukuma-raksts","status":"publish","type":"post","link":"https:\/\/www.europesays.com\/lv\/36831\/","title":{"rendered":"V\u012brs 17 stundas tur\u0113ja durvju rokturi. Divu sievie\u0161u st\u0101sts, gl\u0101bjoties no \u00abHam\u0101s\u00bb uzbrukuma \/ Raksts"},"content":{"rendered":"<p>Teroristisk\u0101s organiz\u0101cijas &#8220;Ham\u0101s&#8221; pirms diviem gadiem sar\u012bkotais slakti\u0146\u0161\u00a0simtiem izra\u0113lie\u0161u \u0123imen\u0113s atst\u0101jis dzi\u013cas un neizdz\u0113\u0161amas br\u016bces. Latvijas Telev\u012bzijai pag\u0101ju\u0161oned\u0113\u013c bija iesp\u0113ja satikties ar div\u0101m sieviet\u0113m \u2013 vienai &#8220;Ham\u0101s&#8221; bija sag\u016bst\u012bjis vec\u0101kus, bet otras \u0123imene no g\u016bsta pagl\u0101b\u0101s tikai par mata tiesu. Abas atzina \u2013 lai ar\u012b pamiers nosl\u0113gts, dv\u0113sel\u0113 miera v\u0113l ilgi neb\u016bs.\u00a0<\/p>\n<p>&#8220;Ap 10 no r\u012bta es sa\u0146\u0113mu zi\u0146u no t\u0113ta, ka teroristi atrodas manu vec\u0101ku m\u0101j\u0101 un neko citu. P\u0113c da\u017e\u0101m min\u016bt\u0113m mana m\u0101sa lietotn\u0113 &#8220;Telegram&#8221; ieraudz\u012bja bildi ar manu t\u0113ti Gaz\u0101. Vi\u0146\u0161 bija nolaup\u012bts,&#8221; st\u0101sta 29\u00a0gadus vec\u0101 J\u016blija. Tolaik vi\u0146a vairs nedz\u012bvoja ar vec\u0101kiem, ta\u010du savstarp\u0113j\u0101s attiec\u012bbas bija \u013coti tuvas un siltas.\u00a0<\/p>\n<blockquote>\n<p>Par to, ka ar\u012b vi\u0146as mamma ir &#8220;Ham\u0101s&#8221; \u0137\u012blnieku vid\u016b, meitene uzzin\u0101ja vien p\u0113c 10 dien\u0101m. Par to liecin\u0101ja soci\u0101lajos t\u012bklos public\u0113ts foto nolaup\u012b\u0161anas br\u012bd\u012b.<\/p>\n<\/blockquote>\n<p><img decoding=\"async\" src=\"https:\/\/www.europesays.com\/lv\/wp-content\/uploads\/2025\/11\/rwqn.png\" alt=\"J\u016blija Ben-Ami \u2013 izra\u0113liete, kuras vec\u0101kus 2023. gada 7. oktobr\u012b nolaup\u012bja &quot;Ham\u0101s&quot; teroris...\"\/>J\u016blija Ben-Ami \u2013 izra\u0113liete, kuras vec\u0101kus 2023. gada 7. oktobr\u012b nolaup\u012bja &#8220;Ham\u0101s&#8221; teroristi<\/p>\n<p>Foto: Latvijas Telev\u012bzija<\/p>\n<\/p>\n<p>&#8220;M\u0113s \u012bsti nezin\u0101j\u0101m, kas notiks. 16 stundas sl\u0113p\u0101mies dro\u0161aj\u0101 telp\u0101. Kad izn\u0101c\u0101m \u0101r\u0101 saprat\u0101m \u2013 mums ir j\u0101c\u012bn\u0101s un j\u0101atved vec\u0101ki m\u0101j\u0101s,&#8221; vi\u0146a pau\u017e.\u00a0<\/p>\n<p>Mamma tikai laim\u012bgas nejau\u0161\u012bbas p\u0113c m\u0101j\u0101s atgriez\u0101s jau p\u0113c 54 dien\u0101m. Slima, bet dz\u012bva, st\u0101sta J\u016blija:\u00a0<\/p>\n<p>&#8220;S\u0101kum\u0101 vi\u0146us abus tur\u0113ja kop\u0101 k\u0101d\u0101 dz\u012bvokl\u012b. P\u0113c tam t\u0113vs non\u0101ca burtiski ell\u0113 \u2013 tunel\u012b, bez gaismas, pien\u0101c\u012bga uztura un medic\u012bnisk\u0101s pal\u012bdz\u012bbas. Un t\u0101 vair\u0101k nek\u0101 gadu. Tikai p\u0113c 491 g\u016bst\u0101 pavad\u012btas dienas vi\u0146\u0161 atgriez\u0101s m\u0101j\u0101s.&#8221;\u00a0<\/p>\n<blockquote>\n<p>Abu atgrie\u0161an\u0101s bijusi gan vienl\u012bdz priec\u012bgs, gan ar\u012b nedaudz skumj\u0161 br\u012bdis. Dien\u0101, kad mamma atgriez\u0101s m\u0101j\u0101s, teroristu g\u016bst\u0101 v\u0113l bija palicis t\u0113vs.\u00a0<\/p>\n<\/blockquote>\n<p>&#8220;Kad m\u0113s satik\u0101m t\u0113ti, tad viss k\u013cuva piln\u012bg\u0101ks un laime bija patiesa un liela, jo atkal bij\u0101m visa \u0123imene. Bet bija ar\u012b skumji, jo mans t\u0113vs tur atst\u0101ja piecus draugus, kuri bija kop\u0101 ar vi\u0146iem gandr\u012bz visu laiku. T\u0101p\u0113c m\u0113s c\u012bn\u012bj\u0101mies ar\u012b par vi\u0146iem. Un vi\u0146i atgriez\u0101s asto\u0146us m\u0113ne\u0161us p\u0113c tam, kad mans t\u0113vs bija atgriezies. Visi bija dz\u012bvi. Tas bija priec\u012bgs mirklis,&#8221; vi\u0146a atceras.\u00a0<\/p>\n<p>K\u0101 abi vi\u0146as vec\u0101ki j\u016btas \u0161obr\u012bd? J\u016blija atz\u012bst \u2013 abi joproj\u0101m nav izvese\u013coju\u0161ies.\u00a0<\/p>\n<p>&#8220;Vi\u0146iem nebija \u0113diena, vi\u0146i nevar\u0113ja nomazg\u0101ties. Un, k\u0101 teica mans t\u0113vs, pat pret dz\u012bvniekiem t\u0101 neizturas,&#8221; st\u0101sta J\u016blija. &#8220;M\u0113s joproj\u0101m str\u0101d\u0101jam ar vi\u0146iem \u2013 vedam uz slimn\u012bcu veikt p\u0101rbaudes un dar\u0101m visu, lai vi\u0146i sa\u0146emtu medic\u012bnisko pal\u012bdz\u012bbu un p\u0101rtiku,&#8221; sieviete turpina. &#8220;Mans t\u0113vs atgriez\u0101s par 30 kg viegl\u0101ks. Vi\u0146a \u0137erme\u0146a tauku saturs bija tikai 3%. T\u0101p\u0113c mums vajag par\u016bp\u0113ties un b\u016bt kop\u0101 ar vi\u0146iem.&#8221;<\/p>\n<p><img decoding=\"async\" src=\"https:\/\/www.europesays.com\/lv\/wp-content\/uploads\/2025\/11\/rwqo.png\" alt=\"Ajeleta Hakima, izra\u0113liete, kurai kop\u0101 ar \u0123imeni izdev\u0101s pasl\u0113pties no &quot;Ham\u0101s&quot; teroristiem...\"\/>Ajeleta Hakima, izra\u0113liete, kurai kop\u0101 ar \u0123imeni izdev\u0101s pasl\u0113pties no &#8220;Ham\u0101s&#8221; teroristiem 2023. gada 7. oktobr\u012b<\/p>\n<p>Foto: Latvijas Telev\u012bzija<\/p>\n<\/p>\n<p>Tikm\u0113r 57 gadus vec\u0101 Ajaleta\u00a0B\u0113ri kibuc\u0101 dz\u012bvojusi visu savu m\u016b\u017eu. Dienu, kad &#8220;Ham\u0101s&#8221; iebruka vi\u0146u m\u0101j\u0101, sieviete nekad neaizmirs\u012bs. Vi\u0146ai kop\u0101 ar v\u012bru un tr\u012bs b\u0113rniem, no kuram jaun\u0101kajam tolaik bija tikai \u010detri gadi, par mata tiesu izdev\u0101s izvair\u012bties no g\u016bsta, 17 stundas pavadot m\u0101jas dro\u0161aj\u0101 telp\u0101.\u00a0<\/p>\n<p>&#8220;Mums nebija ne \u0113diena, ne \u016bdens, ne iesp\u0113jas atviegloties. Bet m\u0113s nol\u0113m\u0101m, ka paliksim dro\u0161aj\u0101 telp\u0101, lai kas ar\u012b notiktu, un klus\u0113sim. Nerun\u0101sim. Un t\u0101 m\u0113s dar\u012bj\u0101m,&#8221; vi\u0146a st\u0101sta.\u00a0<\/p>\n<blockquote>\n<p>&#8220;Mans v\u012brs tur\u0113ja rokturi 17 stundas, jo teroristi m\u0113\u0123in\u0101ja atv\u0113rt durvis ik p\u0113c da\u017e\u0101m stund\u0101m. T\u0101p\u0113c mans v\u012brs tur\u0113ja rokturi, l\u012bdz ierad\u0101s m\u016bsu armja atbr\u012bvoja m\u016bs,&#8221; atceras Ajaleta.\u00a0<\/p>\n<\/blockquote>\n<p>Uz jaut\u0101jumu, k\u0101 paskaidrot b\u0113rniem, k\u0101 \u0161\u0101d\u0101 situ\u0101cij\u0101 r\u012bkoties un k\u0101p\u0113c svar\u012bgi b\u016bt mier\u012bgiem un klusiem, Ajaleta\u00a0atbild, ka atvases bie\u017ei vien saprot vair\u0101k, nek\u0101 dom\u0101jam:\u00a0<\/p>\n<p>&#8220;Stundas g\u0101ja un man b\u0113rniem bija j\u0101saka, ka tur, \u0101rpus\u0113, ir \u013coti slikti cilv\u0113ki. Ja mamma vai t\u0113tis izies \u0101r\u0101, m\u0113s, iesp\u0113jams, nekad neatgriez\u012bsimies. Vi\u0146i k\u013cuva \u013coti, \u013coti klusi.&#8221;\u00a0<\/p>\n<p>Kop\u0161 t\u0101s dienas Ajaleta\u00a0joproj\u0101m nav atgriezusies sav\u0101 kibuc\u0101, bet p\u0113c t\u0101 \u013coti alkst. Ir cer\u012bba, ka da\u017eu gadu laik\u0101 \u0123imene tom\u0113r p\u0101rrad\u012bsies m\u0101j\u0101s.<\/p>\n<p><img decoding=\"async\" src=\"https:\/\/www.europesays.com\/lv\/wp-content\/uploads\/2025\/11\/rwqq.png\" alt=\"Teroristu uzbrukumu p\u0101rdz\u012bvoju\u0161o cilv\u0113ku prezent\u0101cija Latvijas Ebreju kopienas nam\u0101, pieminot 2 gadu...\"\/>Teroristu uzbrukumu p\u0101rdz\u012bvoju\u0161o cilv\u0113ku prezent\u0101cija Latvijas Ebreju kopienas nam\u0101, pieminot 2 gadus kop\u0161 &#8220;Ham\u0101s&#8221; sar\u012bkot\u0101 slakti\u0146a 2023. gada 7. oktobr\u012b<\/p>\n<p>Foto: Latvijas Telev\u012bzija<\/p>\n<\/p>\n<p>&#8220;Gaz\u0101 joproj\u0101m ir \u0137\u012blnieki, un m\u0113s gribam, lai vi\u0146i visi atgrieztos. Pat miru\u0161ie \u0137\u012blnieki. M\u0113s gribam, lai vi\u0146i atgrieztos, lai m\u0113s var\u0113tu vi\u0146us apglab\u0101t. Un m\u0113s j\u016btam s\u0101pes, ko izj\u016bt \u0123imenes, kuras nav atguvu\u0161as savus m\u012b\u013cos. M\u0113s gribam, lai vi\u0146i visi b\u016btu \u0161eit,&#8221; piebilst\u00a0Ajeleta.<\/p>\n<p>\u0160obr\u012bd Gaz\u0101 iest\u0101jies \u013coti trausls miers. Un, lai ar\u012b m\u0101j\u0101s nu atgriezu\u0161ies visi v\u0113l dz\u012bvie \u0137\u012blnieki, Izra\u0113la aizvien gaida ar\u012b g\u016bst\u0101 boj\u0101 g\u0101ju\u0161o mirst\u012bg\u0101s atliekas. K\u0101 abas redz Gazas un Izra\u0113las n\u0101kotni? Sievietes atbild \u2013 ar &#8220;Ham\u0101s&#8221; mieru nevar\u0113s rast nekad.\u00a0<\/p>\n<blockquote>\n<p>&#8220;7. oktobr\u012b vi\u0146i ien\u0101ca m\u016bsu m\u0101j\u0101s, vi\u0146i m\u016bs apzaga, sagr\u0101va m\u016bsu teritoriju un m\u0101jvietas. Es gribu dz\u012bvot mier\u0101 un ceru, ka \u0161\u012b diena pien\u0101ks. Bet &#8220;Ham\u0101s&#8221; nav risin\u0101jums. Vi\u0146i tur nevar palikt,&#8221; v\u0113rt\u0113 J\u016blija.<\/p>\n<\/blockquote>\n<p>&#8220;J\u016bs nevarat pan\u0101kt mieru ar teroristu grup\u0113jumu. &#8220;Ham\u0101s&#8221; vairs nevar atrasties Gaz\u0101 vai jebkur citur. Tas ir svar\u012bgi jebkur pasaul\u0113. Un, kad &#8220;Hamas&#8221; neb\u016bs Gaz\u0101, es dom\u0101ju, ka Gazas iedz\u012bvot\u0101jiem un mums b\u016bs lab\u0101k,&#8221; piebilst Ajaleta.<\/p>\n<p>KONTEKSTS:<\/p>\n<p>2023. gada 7. oktobr\u012b &#8220;Ham\u0101s&#8221;<a data-id=\"526861\" data-type=\"article\" href=\"https:\/\/www.lsm.lv\/raksts\/zinas\/arzemes\/07.10.2023-izraelas-premjers-pavel-sakt-atbildes-karu-pec-palestiniesu-kaujinieku-rakesu-uzbrukumiem.a526861\/\" class=\"lsm-link\" rel=\"nofollow noopener\" target=\"_blank\">\u00a0sar\u012bkoja<\/a>\u00a0slakti\u0146u Izra\u0113l\u0101, noslepkavojot ap 1200 cilv\u0113ku, no kuriem absol\u016btais vair\u0101kums bija civilpersonas. V\u0113l aptuveni 250 cilv\u0113kus, taj\u0101 skait\u0101 sievietes, b\u0113rnus un sirmgalvjus, teroristi sagr\u0101ba par \u0137\u012blniekiem un aizveda uz Gazas joslu.<\/p>\n<p>Izra\u0113la<a data-id=\"529566\" data-type=\"article\" href=\"https:\/\/www.lsm.lv\/raksts\/zinas\/arzemes\/29.10.2023-izraela-uzsakusi-jaunu-kara-posmu-gazas-josla-apnemiga-iznicinat-teroristus-un-atgriezt-kilniekus.a529566\/\" class=\"lsm-link\" rel=\"nofollow noopener\" target=\"_blank\">\u00a0atbild\u0113ja<\/a>\u00a0ar milit\u0101ro oper\u0101ciju Gazas josl\u0101, k\u0101 ar\u012b pastiprin\u0101ja kl\u0101tb\u016btni Jord\u0101nas Rietumkrast\u0101, solot izn\u012bcin\u0101t teroristu grup\u0113jumu &#8220;Ham\u0101s&#8221;. Starptautisk\u0101 sabiedr\u012bba, tostarp ar\u012b vair\u0101ki Izra\u0113las<a data-id=\"549839\" data-type=\"article\" href=\"https:\/\/www.lsm.lv\/raksts\/zinas\/arzemes\/10.04.2024-baidens-netanjahu-politika-gaza-ir-kludaina-un-es-nepiekritu-sadai-pieejai.a549839\/\" class=\"lsm-link\" rel=\"nofollow noopener\" target=\"_blank\">\u00a0sabiedrotie<\/a>, vair\u0101kk\u0101rt nor\u0101d\u012bju\u0161i uz nesam\u0113r\u012bgu Telavivas atbildi teroristu uzbrukumam.<\/p>\n<p>2024. gada novembr\u012b Starptautisk\u0101 krimin\u0101ltiesa (SKT)<a data-id=\"577308\" data-type=\"article\" href=\"https:\/\/www.lsm.lv\/raksts\/zinas\/arzemes\/21.11.2024-starptautiska-kriminaltiesa-izdevusi-aresta-orderus-netanjahu-un-citu-gazas-kara-iesaistito-aizturesanai.a577308\/?utm_source=lsm&amp;utm_medium=article-body&amp;utm_campaign=admin\" class=\"lsm-link\" rel=\"nofollow noopener\" target=\"_blank\">\u00a0izdeva<\/a>\u00a0aresta orderus Izra\u0113las premjera Netanjahu un citu Gazas kar\u0101 iesaist\u012bto amatpersonu aiztur\u0113\u0161anai, aps\u016bdzot vi\u0146us kara noziegumos un noziegumos pret cilv\u0113ci.<\/p>\n<p>2025. gada vasar\u0101 Izra\u0113las veikt\u0101s ilgsto\u0161\u0101s Gazas teritorijas blok\u0101des un akt\u012bv\u0101 bombard\u0113\u0161ana novedusi pie katastrof\u0101la\u00a0<a data-id=\"611399\" data-type=\"article\" href=\"https:\/\/www.lsm.lv\/raksts\/zinas\/arzemes\/22.08.2025-ano-gaza-ir-katastrofals-bads-izraela-to-sauc-par-meliem.a611399\/?utm_source=lsm&amp;utm_medium=theme&amp;utm_campaign=theme\" class=\"lsm-link\" rel=\"nofollow noopener\" target=\"_blank\">bada<\/a>, pirm\u0101s nepiecie\u0161am\u012bbas pre\u010du un \u016bdens tr\u016bkuma. Starptautisk\u0101 genoc\u012bda p\u0113tnieku\u00a0<a data-id=\"612654\" data-type=\"article\" href=\"https:\/\/www.lsm.lv\/raksts\/zinas\/arzemes\/02.09.2025-starptautiska-genocida-petnieku-asociacija-izraela-veic-genocidu-gazas-josla.a612654\/?utm_source=lsm&amp;utm_medium=theme&amp;utm_campaign=theme\" class=\"lsm-link\" rel=\"nofollow noopener\" target=\"_blank\">asoci\u0101cija\u00a0<\/a>un\u00a0<a data-id=\"612201\" data-type=\"article\" href=\"https:\/\/www.lsm.lv\/raksts\/zinas\/arzemes\/29.08.2025-simtiem-ano-darbinieku-mudina-augsto-cilvektiesibu-komisaru-nosaukt-karu-gazas-josla-par-genocidu.a612201\/?utm_source=lsm&amp;utm_medium=theme&amp;utm_campaign=theme\" class=\"lsm-link\" rel=\"nofollow noopener\" target=\"_blank\">ANO\u00a0<\/a>p\u0101rst\u0101vji aicin\u0101ju\u0161i Telavivas r\u012bc\u012bbu \u0161aj\u0101 teritorij\u0101 atz\u012bt par genoc\u012bdu<\/p>\n<p>Pieaugot Rietumvalstu spiedienam uz Izra\u0113lu, arvien ska\u013c\u0101k izskan aicin\u0101jumi\u00a0<a data-id=\"600836\" data-type=\"article\" href=\"https:\/\/www.lsm.lv\/raksts\/zinas\/arzemes\/28.05.2025-politico-francija-mudina-eiropas-sabiedrotos-atzit-palestinas-valsti.a600836\/\" class=\"lsm-link\" rel=\"nofollow noopener\" target=\"_blank\">atz\u012bt\u00a0<\/a>Palest\u012bnas valsti. L\u012bdz \u0161im to paveiku\u0161as vair\u0101k nek\u0101 150 ANO dal\u012bbvalstis, tostarp 11 no 27 Eiropas Savien\u012bbas valst\u012bm, piem\u0113ram, Sp\u0101nija, Rum\u0101nija, Zviedrija, \u012arija un Bulg\u0101rija. Ruden\u012b Palest\u012bnas valsti atzina\u00a0<a data-id=\"615224\" data-type=\"article\" href=\"https:\/\/www.lsm.lv\/raksts\/zinas\/arzemes\/21.09.2025-lielbritanija-australija-un-kanada-atzist-palestinas-valsti.a615224\/\" class=\"lsm-link\" rel=\"nofollow noopener\" target=\"_blank\">Lielbrit\u0101nija, Kan\u0101da un Austr\u0101lija<\/a>, k\u0101 ar\u012b Portug\u0101le un Francija. \u0160\u0101du valstu soli kritiz\u0113jusi Izra\u0113la un t\u0101s sabiedrot\u0101s ASV.<\/p>\n<p>Oktobra s\u0101kum\u0101 ASV prezidents Donalds Tramps pied\u0101v\u0101ja Izra\u0113lai un &#8220;Ham\u0101s&#8221; savu 20 punktu pamiera\u00a0<a data-id=\"616973\" data-type=\"article\" href=\"https:\/\/www.lsm.lv\/raksts\/zinas\/arzemes\/03.10.2025-tramps-izvirza-ultimatu-hamas-miers-japanak-lidz-svetdienas-vakaram.a616973\/\" class=\"lsm-link\" rel=\"nofollow noopener\" target=\"_blank\">pl\u0101nu<\/a>, uzsverot, ka ab\u0101m pus\u0113m tas j\u0101pie\u0146em. P\u0113c vair\u0101kas dienas ilg\u0101m netie\u0161\u0101m sarun\u0101m \u0112\u0123ipt\u0113 &#8220;Ham\u0101s&#8221; un Izra\u0113la pl\u0101nam\u00a0<a data-id=\"617798\" data-type=\"article\" href=\"https:\/\/www.lsm.lv\/raksts\/zinas\/arzemes\/10.10.2025-izraela-atbalsta-pamiera-vienosanos-ar-hamas-un-sak-atvilkt-karaspeku-no-gazas-joslas.a617798\/\" class=\"lsm-link\" rel=\"nofollow noopener\" target=\"_blank\">piekrita<\/a>. Dr\u012bz p\u0113c tam Izra\u0113la s\u0101ka da\u013c\u0113ji atvilkt savus sp\u0113kus no Gazas joslas.<\/p>\n","protected":false},"excerpt":{"rendered":"Teroristisk\u0101s organiz\u0101cijas &#8220;Ham\u0101s&#8221; pirms diviem gadiem sar\u012bkotais slakti\u0146\u0161\u00a0simtiem izra\u0113lie\u0161u \u0123imen\u0113s atst\u0101jis dzi\u013cas un neizdz\u0113\u0161amas br\u016bces. Latvijas Telev\u012bzijai pag\u0101ju\u0161oned\u0113\u013c&hellip;\n","protected":false},"author":2,"featured_media":36832,"comment_status":"","ping_status":"","sticky":false,"template":"","format":"standard","meta":{"footnotes":""},"categories":[14],"tags":[23,57,28,29,32,33,22,30,31,35,39,38,36,37,34,40,20,26,27,24,25,54,55,56,21,58],"class_list":{"0":"post-36831","1":"post","2":"type-post","3":"status-publish","4":"format-standard","5":"has-post-thumbnail","7":"category-zinas-no-arvalstim","8":"tag-aktualitates","9":"tag-arvalstim","10":"tag-breaking-news","11":"tag-breakingnews","12":"tag-featured-news","13":"tag-featurednews","14":"tag-headlines","15":"tag-latest-news","16":"tag-latestnews","17":"tag-latvia","18":"tag-latvian","19":"tag-latviesu","20":"tag-latviesu-valoda","21":"tag-latviesuvaloda","22":"tag-latvija","23":"tag-lv","24":"tag-news","25":"tag-popularakas-zinas","26":"tag-popularakaszinas","27":"tag-top-stories","28":"tag-topstories","29":"tag-world","30":"tag-world-news","31":"tag-worldnews","32":"tag-zinas","33":"tag-zinas-no-arvalstim"},"share_on_mastodon":{"url":"https:\/\/pubeurope.com\/@lv\/115473702303279918","error":""},"_links":{"self":[{"href":"https:\/\/www.europesays.com\/lv\/wp-json\/wp\/v2\/posts\/36831","targetHints":{"allow":["GET"]}}],"collection":[{"href":"https:\/\/www.europesays.com\/lv\/wp-json\/wp\/v2\/posts"}],"about":[{"href":"https:\/\/www.europesays.com\/lv\/wp-json\/wp\/v2\/types\/post"}],"author":[{"embeddable":true,"href":"https:\/\/www.europesays.com\/lv\/wp-json\/wp\/v2\/users\/2"}],"replies":[{"embeddable":true,"href":"https:\/\/www.europesays.com\/lv\/wp-json\/wp\/v2\/comments?post=36831"}],"version-history":[{"count":0,"href":"https:\/\/www.europesays.com\/lv\/wp-json\/wp\/v2\/posts\/36831\/revisions"}],"wp:featuredmedia":[{"embeddable":true,"href":"https:\/\/www.europesays.com\/lv\/wp-json\/wp\/v2\/media\/36832"}],"wp:attachment":[{"href":"https:\/\/www.europesays.com\/lv\/wp-json\/wp\/v2\/media?parent=36831"}],"wp:term":[{"taxonomy":"category","embeddable":true,"href":"https:\/\/www.europesays.com\/lv\/wp-json\/wp\/v2\/categories?post=36831"},{"taxonomy":"post_tag","embeddable":true,"href":"https:\/\/www.europesays.com\/lv\/wp-json\/wp\/v2\/tags?post=36831"}],"curies":[{"name":"wp","href":"https:\/\/api.w.org\/{rel}","templated":true}]}}