{"id":36841,"date":"2025-11-01T09:33:07","date_gmt":"2025-11-01T09:33:07","guid":{"rendered":"https:\/\/www.europesays.com\/lv\/36841\/"},"modified":"2025-11-01T09:33:07","modified_gmt":"2025-11-01T09:33:07","slug":"aizvaditaja-diennakti-celu-satiksmes-negadijumos-cietis-21-cilveks-zemgale-cietusi-tris-gajeji","status":"publish","type":"post","link":"https:\/\/www.europesays.com\/lv\/36841\/","title":{"rendered":"Aizvad\u012btaj\u0101 diennakt\u012b ce\u013cu satiksmes negad\u012bjumos cietis 21 cilv\u0113ks; Zemgal\u0113 cietu\u0161i tr\u012bs g\u0101j\u0113ji"},"content":{"rendered":"<p>                        <img fetchpriority=\"high\" decoding=\"async\" width=\"1024\" height=\"681\" src=\"https:\/\/www.europesays.com\/lv\/wp-content\/uploads\/2025\/11\/gajeju-pareja_www-laa-lv_public-1024x681.jpg\" alt=\"\" class=\"wp-image-1082215\"  \/>Publicit\u0101tes foto, avots: www.laa.lv<\/p>\n<p>Aizvad\u012btaj\u0101 diennakt\u012b Latvij\u0101 re\u0123istr\u0113ti 133 ce\u013cu satiksmes negad\u012bjumi, un no tiem 14 gad\u012bjumos cietis 21 cilv\u0113ks, a\u0123ent\u016bru LETA inform\u0113ja policija.<\/p>\n<p>Visvair\u0101k negad\u012bjumu ar cietu\u0161ajiem notiku\u0161i R\u012bgas re\u0123ion\u0101, kur traumas guvis viens g\u0101j\u0113js, viens velosip\u0113dists un viens elektrisk\u0101 skrejrite\u0146a vad\u012bt\u0101js.<\/p>\n<p>Zemgales re\u0123ion\u0101 cietu\u0161i tr\u012bs g\u0101j\u0113ji.<\/p>\n<p>Kopum\u0101 ce\u013cu satiksmes jom\u0101 pie\u0146emti 552 administrat\u012bvo p\u0101rk\u0101pumu l\u0113mumi, taj\u0101 skait\u0101 216 par \u0101truma p\u0101rsnieg\u0161anu un se\u0161i par agres\u012bvu brauk\u0161anu.<\/p>\n<p>Tostarp aizvad\u012btaj\u0101 diennakt\u012b ce\u013cu satiksm\u0113 konstat\u0113ti 13 transportl\u012bdzek\u013cu vad\u012bt\u0101ji alkohola reibum\u0101. Tr\u012bs gad\u012bjumos administrat\u012bvi sod\u012bti tr\u012bs cilv\u0113ki, bet desmit gad\u012bjumos s\u0101kti krimin\u0101lprocesi.<\/p>\n<p>Vien\u0101 gad\u012bjum\u0101 transportl\u012bdzeklis konfisc\u0113ts, bet devi\u0146iem b\u016bs j\u0101atmaks\u0101 piedzenam\u0101 transportl\u012bdzek\u013ca v\u0113rt\u012bba.<\/p>\n<p>Aizvad\u012btaj\u0101 diennakt\u012b ar\u012b konstat\u0113ta viena z\u0101dz\u012bba no m\u0101jok\u013ca, bet \u010detros gad\u012bjumos pie\u0146emti l\u0113mumi par no\u0161\u0137ir\u0161anu.<\/p>\n","protected":false},"excerpt":{"rendered":"Publicit\u0101tes foto, avots: www.laa.lv Aizvad\u012btaj\u0101 diennakt\u012b Latvij\u0101 re\u0123istr\u0113ti 133 ce\u013cu satiksmes negad\u012bjumi, un no tiem 14 gad\u012bjumos cietis&hellip;\n","protected":false},"author":2,"featured_media":36842,"comment_status":"","ping_status":"","sticky":false,"template":"","format":"standard","meta":{"footnotes":""},"categories":[5],"tags":[23,28,29,32,33,22,30,31,35,39,38,36,37,34,40,20,26,27,24,25,21],"class_list":{"0":"post-36841","1":"post","2":"type-post","3":"status-publish","4":"format-standard","5":"has-post-thumbnail","7":"category-aktualitates","8":"tag-aktualitates","9":"tag-breaking-news","10":"tag-breakingnews","11":"tag-featured-news","12":"tag-featurednews","13":"tag-headlines","14":"tag-latest-news","15":"tag-latestnews","16":"tag-latvia","17":"tag-latvian","18":"tag-latviesu","19":"tag-latviesu-valoda","20":"tag-latviesuvaloda","21":"tag-latvija","22":"tag-lv","23":"tag-news","24":"tag-popularakas-zinas","25":"tag-popularakaszinas","26":"tag-top-stories","27":"tag-topstories","28":"tag-zinas"},"share_on_mastodon":{"url":"https:\/\/pubeurope.com\/@lv\/115473757305665631","error":""},"_links":{"self":[{"href":"https:\/\/www.europesays.com\/lv\/wp-json\/wp\/v2\/posts\/36841","targetHints":{"allow":["GET"]}}],"collection":[{"href":"https:\/\/www.europesays.com\/lv\/wp-json\/wp\/v2\/posts"}],"about":[{"href":"https:\/\/www.europesays.com\/lv\/wp-json\/wp\/v2\/types\/post"}],"author":[{"embeddable":true,"href":"https:\/\/www.europesays.com\/lv\/wp-json\/wp\/v2\/users\/2"}],"replies":[{"embeddable":true,"href":"https:\/\/www.europesays.com\/lv\/wp-json\/wp\/v2\/comments?post=36841"}],"version-history":[{"count":0,"href":"https:\/\/www.europesays.com\/lv\/wp-json\/wp\/v2\/posts\/36841\/revisions"}],"wp:featuredmedia":[{"embeddable":true,"href":"https:\/\/www.europesays.com\/lv\/wp-json\/wp\/v2\/media\/36842"}],"wp:attachment":[{"href":"https:\/\/www.europesays.com\/lv\/wp-json\/wp\/v2\/media?parent=36841"}],"wp:term":[{"taxonomy":"category","embeddable":true,"href":"https:\/\/www.europesays.com\/lv\/wp-json\/wp\/v2\/categories?post=36841"},{"taxonomy":"post_tag","embeddable":true,"href":"https:\/\/www.europesays.com\/lv\/wp-json\/wp\/v2\/tags?post=36841"}],"curies":[{"name":"wp","href":"https:\/\/api.w.org\/{rel}","templated":true}]}}