{"id":36879,"date":"2025-11-01T10:29:08","date_gmt":"2025-11-01T10:29:08","guid":{"rendered":"https:\/\/www.europesays.com\/lv\/36879\/"},"modified":"2025-11-01T10:29:08","modified_gmt":"2025-11-01T10:29:08","slug":"ziemas-peldetaji-gatavosies-pasaules-kausa-posmam-liepaja-irliepaja","status":"publish","type":"post","link":"https:\/\/www.europesays.com\/lv\/36879\/","title":{"rendered":"Ziemas peld\u0113t\u0101ji gatavosies pasaules kausa posmam Liep\u0101j\u0101 \u00bb irLiep\u0101ja"},"content":{"rendered":"<p class=\"MsoNormal\" style=\"margin-bottom: 0cm; line-height: normal;\" align=\"left\">\u00a0 \u00a0 \u00a0 \u00a0 \u00a0 Liep\u0101jas veloakt\u012bvistu un ziemas&#13;<br \/>\npeld\u0113t\u0101ju klubs \u201cVeloRonis\u201d aicina ikvienu interesentu, neatkar\u012bgi no&#13;<br \/>\npieredzes, pievienoties sagatavo\u0161an\u0101s koptreni\u0146iem Beberli\u0146u \u016bdenskr\u0101tuv\u0113.&#13;<br \/>\nN\u0101ko\u0161ais treni\u0146\u0161 jau \u0161o sv\u0113tdien, 2. novembr\u012b, plkst. 13:00, lai gatavotos gaid\u0101majam&#13;<br \/>\nXVIII Latvijas atkl\u0101tajam ziemas peld\u0113\u0161anas \u010dempion\u0101tam un IWSA Pasaules kausa&#13;<br \/>\nposmam, inform\u0113\u00a0Liep\u0101jas veloakt\u012bvistu un ziemas peld\u0113\u0161anas kluba \u201cVeloRonis\u201d valdes priek\u0161s\u0113d\u0113t\u0101ja Inga Krivcova.<\/p>\n<p class=\"MsoNormal\" style=\"margin-bottom: 0cm; line-height: normal;\" align=\"left\">\u00a0\u00a0\u00a0\u00a0\u00a0\u00a0\u00a0\u00a0\u00a0 \u012apa\u0161ie&#13;<br \/>\nkoptreni\u0146i ir veidoti k\u0101 sagatavo\u0161an\u0101s posms \u010dempion\u0101tam, sniedzot dal\u012bbniekiem&#13;<br \/>\niesp\u0113ju ieg\u016bt v\u0113rt\u012bgu inform\u0101ciju par dro\u0161u peld\u0113\u0161anu aukst\u0101 \u016bden\u012b un p\u0101rbaud\u012bt&#13;<br \/>\nsavas sp\u0113jas speci\u0101li izveidot\u0101 sacens\u012bbu basein\u0101, kur treneru uzraudz\u012bb\u0101&#13;<br \/>\nnopeld\u0113t sev v\u0113lamo distanci. \u201cM\u016bsu m\u0113r\u0137is ir rad\u012bt atbalsto\u0161u un informat\u012bvu&#13;<br \/>\nvidi, kur\u0101 ikviens var justies dro\u0161i un p\u0101rliecin\u0101ti par sav\u0101m sp\u0113j\u0101m,\u201d nor\u0101da \u201cVeloRonis\u201d&#13;<br \/>\nvad\u012bt\u0101ja Inga Krivcova. \u201cSadarb\u012bba ar Liep\u0101jas sporta klubiem \u013cauj mums&#13;<br \/>\npied\u0101v\u0101t pla\u0161\u0101ku sagatavo\u0161an\u0101s procesu, s\u0101kot no fizisk\u0101s sagatavot\u012bbas l\u012bdz&#13;<br \/>\npat uzturam.\u201d<\/p>\n<p class=\"MsoNormal\" style=\"margin-bottom: 0cm; line-height: normal;\" align=\"left\">\u00a0\u00a0\u00a0\u00a0\u00a0\u00a0\u00a0\u00a0\u00a0 2.&#13;<br \/>\nnovembra koptreni\u0146\u0161 tiek r\u012bkots sadarb\u012bb\u0101 ar Liep\u0101jas skrie\u0161anas klubu&#13;<br \/>\n&#8220;Born2win&#8221;. Dal\u012bbniekiem b\u016bs iesp\u0113ja ne tikai uzlabot savu peld\u0113\u0161anas&#13;<br \/>\ntehniku, bet ar\u012b uzzin\u0101t par pareizu \u0137erme\u0146a iesild\u012b\u0161anu pirms iegremd\u0113\u0161an\u0101s&#13;<br \/>\naukst\u0101 \u016bden\u012b.<\/p>\n<p class=\"MsoNormal\" style=\"margin-bottom: 0cm; line-height: normal;\" align=\"left\">\u00a0\u00a0\u00a0\u00a0\u00a0\u00a0\u00a0\u00a0\u00a0 Ziemas&#13;<br \/>\npeld\u0113t\u0101jiem b\u016bs unik\u0101la iesp\u0113ja papildus savu prasmju uzlabo\u0161anai ar\u012b pretend\u0113t&#13;<br \/>\nuz atbalst\u012bt\u0101ju velt\u0113m. Sv\u0113tdienu koptreni\u0146os k\u0101ds no dal\u012bbniekiem sa\u0146ems&#13;<br \/>\nviena\u00a0m\u0113ne\u0161a abonementu no fitnesa centra \u201cBetter Bodies Gym\u201d, bet k\u0101ds&#13;<br \/>\ncits \u2013 d\u0101vanu karti velosip\u0113da remontam no \u201cLibaubike\u201d.<\/p>\n<p class=\"MsoNormal\" style=\"margin-bottom: 0cm; line-height: normal;\" align=\"left\">\u00a0\u00a0\u00a0\u00a0\u00a0\u00a0\u00a0\u00a0\u00a0 Koptreni\u0146u s\u0113rij\u0101 p\u0113c 2. novembra b\u016bs atliku\u0161i v\u0113l divi pas\u0101kumi (ar\u012b&#13;<br \/>\nsv\u0113tdien\u0101s plkst. 13:00 Beberli\u0146u \u016bdenskr\u0101tuv\u0113):<\/p>\n<ul style=\"margin-top:0cm\" type=\"disc\">\n<li class=\"MsoNormal\" style=\"margin-bottom:0cm;text-align:justify;line-height:&#13;&#10;     normal;mso-list:l0 level1 lfo1;tab-stops:list 36.0pt\">9. novembr\u012b: sadarb\u012bb\u0101 ar &#8220;Aqua Walking Latvia&#8221; \/&#13;<br \/>\n     &#8220;\u016adens so\u013co\u0161ana Latvij\u0101&#8221;<\/li>\n<li class=\"MsoNormal\" style=\"margin-bottom:0cm;text-align:justify;line-height:&#13;&#10;     normal;mso-list:l0 level1 lfo1;tab-stops:list 36.0pt\">16. novembr\u012b: sadarb\u012bb\u0101 ar biedr\u012bbu &#8220;Libau Active&#8221; un&#13;<br \/>\n     treneri\/uztura speci\u0101listi Daci Dievi\u0146u<\/li>\n<li class=\"MsoNormal\" style=\"margin-bottom:0cm;text-align:justify;line-height:&#13;&#10;     normal;mso-list:l0 level1 lfo1;tab-stops:list 36.0pt\"><\/li>\n<\/ul>\n<p class=\"MsoNormal\" style=\"margin-bottom: 0cm; line-height: normal;\" align=\"left\">\u00a0\u00a0\u00a0\u00a0\u00a0\u00a0\u00a0\u00a0\u00a0 Iepriek\u0161\u0113ja&#13;<br \/>\nre\u0123istr\u0101cija koptreni\u0146iem nav nepiecie\u0161ama, un dal\u012bba ir bezmaksas. Pas\u0101kuma&#13;<br \/>\nlaik\u0101 tiks veikta foto un video fiks\u0101cija. Ikviens liep\u0101jnieks un pils\u0113tas&#13;<br \/>\nviesis aicin\u0101ts izmantot \u0161o iesp\u0113ju, lai sagatavotos \u010dempion\u0101tam vai vienk\u0101r\u0161i&#13;<br \/>\natkl\u0101tu ziemas peld\u0113\u0161anas prieku.<\/p>\n<p class=\"MsoNormal\" style=\"margin-bottom: 0cm; line-height: normal;\" align=\"left\">&#13;<br \/>\nPar \u010dempion\u0101tu:<\/p>\n<p class=\"MsoNormal\" style=\"margin-bottom: 0cm; line-height: normal;\" align=\"left\">\u00a0\u00a0\u00a0\u00a0\u00a0\u00a0\u00a0\u00a0\u00a0 XVIII&#13;<br \/>\nLatvijas atkl\u0101tais ziemas peld\u0113\u0161anas \u010dempion\u0101ts un IWSA Pasaules kausa posms&#13;<br \/>\nLiep\u0101j\u0101, Beberli\u0146u \u016bdenskr\u0101tuv\u0113, norisin\u0101sies 2025. gada 21. un 22. novembr\u012b.<\/p>\n<p class=\"MsoNormal\" style=\"margin-bottom: 0cm; line-height: normal;\" align=\"left\">\u00a0\u00a0\u00a0\u00a0\u00a0\u00a0\u00a0\u00a0\u00a0 Dal\u012bbnieki&#13;<br \/>\naicin\u0101ti re\u0123istr\u0113ties \u010dempion\u0101ta distanc\u0113m laikus &#8220;VeloRonis&#8221;&#13;<br \/>\nm\u0101jaslap\u0101, jo gandr\u012bz vis\u0101s distanc\u0113s ir ierobe\u017eots dal\u012bbnieku skaits.&#13;<br \/>\nRe\u0123istr\u0101cija l\u012bdz 14. novembrim pieejama <a href=\"https:\/\/ej.uz\/cempionats_veloronis\" target=\"_blank\" rel=\"nofollow noopener\">\u0161eit<\/a>. Aktu\u0101lajai inform\u0101cijai var&#13;<br \/>\nsekot l\u012bdzi ar\u012b &#8220;VeloRonis&#8221; Facebook lap\u0101.<\/p>\n<p class=\"MsoNormal\" style=\"margin-bottom: 0cm; line-height: normal;\" align=\"left\">\u00a0<\/p>\n<p>\t\t\t\t\t\t\t\t\t<\/p>\n","protected":false},"excerpt":{"rendered":"\u00a0 \u00a0 \u00a0 \u00a0 \u00a0 Liep\u0101jas veloakt\u012bvistu un ziemas&#13; peld\u0113t\u0101ju klubs \u201cVeloRonis\u201d aicina ikvienu interesentu, neatkar\u012bgi no&#13; pieredzes,&hellip;\n","protected":false},"author":2,"featured_media":36880,"comment_status":"","ping_status":"","sticky":false,"template":"","format":"standard","meta":{"footnotes":""},"categories":[17],"tags":[35,39,38,36,37,34,40,67],"class_list":{"0":"post-36879","1":"post","2":"type-post","3":"status-publish","4":"format-standard","5":"has-post-thumbnail","7":"category-sports","8":"tag-latvia","9":"tag-latvian","10":"tag-latviesu","11":"tag-latviesu-valoda","12":"tag-latviesuvaloda","13":"tag-latvija","14":"tag-lv","15":"tag-sports"},"share_on_mastodon":{"url":"https:\/\/pubeurope.com\/@lv\/115473977439823158","error":""},"_links":{"self":[{"href":"https:\/\/www.europesays.com\/lv\/wp-json\/wp\/v2\/posts\/36879","targetHints":{"allow":["GET"]}}],"collection":[{"href":"https:\/\/www.europesays.com\/lv\/wp-json\/wp\/v2\/posts"}],"about":[{"href":"https:\/\/www.europesays.com\/lv\/wp-json\/wp\/v2\/types\/post"}],"author":[{"embeddable":true,"href":"https:\/\/www.europesays.com\/lv\/wp-json\/wp\/v2\/users\/2"}],"replies":[{"embeddable":true,"href":"https:\/\/www.europesays.com\/lv\/wp-json\/wp\/v2\/comments?post=36879"}],"version-history":[{"count":0,"href":"https:\/\/www.europesays.com\/lv\/wp-json\/wp\/v2\/posts\/36879\/revisions"}],"wp:featuredmedia":[{"embeddable":true,"href":"https:\/\/www.europesays.com\/lv\/wp-json\/wp\/v2\/media\/36880"}],"wp:attachment":[{"href":"https:\/\/www.europesays.com\/lv\/wp-json\/wp\/v2\/media?parent=36879"}],"wp:term":[{"taxonomy":"category","embeddable":true,"href":"https:\/\/www.europesays.com\/lv\/wp-json\/wp\/v2\/categories?post=36879"},{"taxonomy":"post_tag","embeddable":true,"href":"https:\/\/www.europesays.com\/lv\/wp-json\/wp\/v2\/tags?post=36879"}],"curies":[{"name":"wp","href":"https:\/\/api.w.org\/{rel}","templated":true}]}}