{"id":36891,"date":"2025-11-01T10:39:08","date_gmt":"2025-11-01T10:39:08","guid":{"rendered":"https:\/\/www.europesays.com\/lv\/36891\/"},"modified":"2025-11-01T10:39:08","modified_gmt":"2025-11-01T10:39:08","slug":"policija-aizturejusi-virieti-kurs-draudeja-nogalinat-sleseru","status":"publish","type":"post","link":"https:\/\/www.europesays.com\/lv\/36891\/","title":{"rendered":"Policija aiztur\u0113jusi v\u012brieti, kur\u0161 draud\u0113ja nogalin\u0101t \u0160leseru"},"content":{"rendered":"<p>Saist\u012bb\u0101 ar interneta vid\u0113 public\u0113to video, kur k\u0101da persona publiski izsaka draudus deput\u0101tam A. \u0160leseram, vakar, 31. oktobr\u012b, ap pulksten 23.00 Valsts policija sa\u0146\u0113ma iesniegumu, kas saska\u0146\u0101 ar Krimin\u0101lprocesa likuma 7. pantu \u0161\u0101dos gad\u012bjumos \u2013 par draudiem izdar\u012bt slepkav\u012bbu, ja ir bijis pamats baid\u012bties, ka \u0161ie draudi var tikt izpild\u012bti \u2013 ir nepiecie\u0161ams, lai uzs\u0101ktu krimin\u0101lprocesu, inform\u0113 likumsargi.<\/p>\n","protected":false},"excerpt":{"rendered":"Saist\u012bb\u0101 ar interneta vid\u0113 public\u0113to video, kur k\u0101da persona publiski izsaka draudus deput\u0101tam A. \u0160leseram, vakar, 31. oktobr\u012b,&hellip;\n","protected":false},"author":2,"featured_media":36892,"comment_status":"","ping_status":"","sticky":false,"template":"","format":"standard","meta":{"footnotes":""},"categories":[5],"tags":[1255,23,28,29,32,33,22,30,31,35,39,38,36,37,34,40,20,163,26,27,24,25,21],"class_list":{"0":"post-36891","1":"post","2":"type-post","3":"status-publish","4":"format-standard","5":"has-post-thumbnail","7":"category-aktualitates","8":"tag-ainars-slesers","9":"tag-aktualitates","10":"tag-breaking-news","11":"tag-breakingnews","12":"tag-featured-news","13":"tag-featurednews","14":"tag-headlines","15":"tag-latest-news","16":"tag-latestnews","17":"tag-latvia","18":"tag-latvian","19":"tag-latviesu","20":"tag-latviesu-valoda","21":"tag-latviesuvaloda","22":"tag-latvija","23":"tag-lv","24":"tag-news","25":"tag-policija","26":"tag-popularakas-zinas","27":"tag-popularakaszinas","28":"tag-top-stories","29":"tag-topstories","30":"tag-zinas"},"share_on_mastodon":{"url":"https:\/\/pubeurope.com\/@lv\/115474016732764496","error":""},"_links":{"self":[{"href":"https:\/\/www.europesays.com\/lv\/wp-json\/wp\/v2\/posts\/36891","targetHints":{"allow":["GET"]}}],"collection":[{"href":"https:\/\/www.europesays.com\/lv\/wp-json\/wp\/v2\/posts"}],"about":[{"href":"https:\/\/www.europesays.com\/lv\/wp-json\/wp\/v2\/types\/post"}],"author":[{"embeddable":true,"href":"https:\/\/www.europesays.com\/lv\/wp-json\/wp\/v2\/users\/2"}],"replies":[{"embeddable":true,"href":"https:\/\/www.europesays.com\/lv\/wp-json\/wp\/v2\/comments?post=36891"}],"version-history":[{"count":0,"href":"https:\/\/www.europesays.com\/lv\/wp-json\/wp\/v2\/posts\/36891\/revisions"}],"wp:featuredmedia":[{"embeddable":true,"href":"https:\/\/www.europesays.com\/lv\/wp-json\/wp\/v2\/media\/36892"}],"wp:attachment":[{"href":"https:\/\/www.europesays.com\/lv\/wp-json\/wp\/v2\/media?parent=36891"}],"wp:term":[{"taxonomy":"category","embeddable":true,"href":"https:\/\/www.europesays.com\/lv\/wp-json\/wp\/v2\/categories?post=36891"},{"taxonomy":"post_tag","embeddable":true,"href":"https:\/\/www.europesays.com\/lv\/wp-json\/wp\/v2\/tags?post=36891"}],"curies":[{"name":"wp","href":"https:\/\/api.w.org\/{rel}","templated":true}]}}