{"id":37011,"date":"2025-11-01T13:21:10","date_gmt":"2025-11-01T13:21:10","guid":{"rendered":"https:\/\/www.europesays.com\/lv\/37011\/"},"modified":"2025-11-01T13:21:10","modified_gmt":"2025-11-01T13:21:10","slug":"ipasa-knudona-un-iespeja-satikt-maestro-kas-arni-krauzi-saista-radio-jau-no-15-gadu-vecuma-raksts","status":"publish","type":"post","link":"https:\/\/www.europesays.com\/lv\/37011\/","title":{"rendered":"\u012apa\u0161\u0101 k\u0146udo\u0146a un iesp\u0113ja satikt Maestro. Kas Arni Krauzi saista radio jau no 15 gadu vecuma? \/ Raksts"},"content":{"rendered":"<p>Latvijas Radio balss Arnis Krauze s\u0101ka str\u0101d\u0101t 15 gadu vecum\u0101. Nolas\u012bjis \u0113ter\u0101 r\u012bta preses apskatu, vi\u0146\u0161 steidza ar tramvaju uz skolu, bet pirmo stundu t\u0101pat vienm\u0113r kav\u0113ja. \u012apa\u0161o k\u0146udo\u0146u, katru reizi verot va\u013c\u0101 radio durvis, Arnis piedz\u012bvo aizvien \u2013 jau no devi\u0146desmito gadu s\u0101kuma, vi\u0146\u0161 st\u0101sta par godu Latvijas Radio simtgadei veidotaj\u0101 Latvijas Telev\u012bzijas raid\u012bjum\u0101 &#8220;Aculiecinieks&#8221;.<\/p>\n<p>Gandr\u012bz nepabeidza skolu<\/p>\n<p style=\"margin-left:0cm; margin-right:0cm\"><a id=\"1\" name=\"1\"\/>Latvijas Radio Arnim bija pirm\u0101 darba vieta 90. gadu s\u0101kum\u0101. Vi\u0146\u0161 s\u0101ka str\u0101d\u0101t 15 gadu vecum\u0101, m\u0101coties vidusskol\u0101: &#8220;S\u0101koties radio laikam, skola, protams, palika tre\u0161\u0101 vai ceturt\u0101 pl\u0101n\u0101. Es tur maz\u0101k nebiju nek\u0101 biju. Gandr\u012bz skolu neb\u016btu pabeidzis, man ne\u0161\u0137ita tas tik svar\u012bgi. Es ta\u010du esmu radio, un te viss notiek! Labi, ka Vita Savicka, kas bija ar\u012b zi\u0146u vad\u012bt\u0101ja,<\/p>\n<blockquote>\n<p style=\"margin-left:0cm; margin-right:0cm\">vienreiz mani pasauca gaiten\u012b st\u016br\u012b un teica: &#8220;Arni, ja nepabeigsi vidusskolu, radio str\u0101d\u0101t nevar\u0113si!&#8221;<\/p>\n<\/blockquote>\n<p style=\"margin-left:0cm; margin-right:0cm\">T\u0101 man bija t\u0101da auksta du\u0161a! Un tad es skolu pabeidzu.&#8221; Arnis atceras, ka tolaik, gatavojoties r\u012bta programmai, daudzi kol\u0113\u0123i ar\u012b naktis \u0161eit pavad\u012bja: &#8220;Ne reizi vien uz k\u0101da kr\u0113sla pagul\u0113ju, tad no r\u012bta av\u012b\u017eu apskats, un p\u0113c tam uz skolu. Un p\u0113c skolas atkal bie\u017ei atpaka\u013c uz radio.&#8221;<\/p>\n<p style=\"margin-left:0cm; margin-right:0cm\">Arnis arvien br\u012bn\u0101s, k\u0101 vi\u0146\u0161 15 gadu vecum\u0101 non\u0101ca radio. Garais st\u0101sts \u012bsum\u0101 ir \u0161\u0101ds: &#8220;Tolaik \u012bsu br\u012bdi darboj\u0101s Latvijas \u017durn\u0101listikas skola. Manu klasesbiedru un skolasbiedru vid\u016b ir kol\u0113\u0123i, kas joproj\u0101m ir akt\u012bvi \u017eurn\u0101listik\u0101. Ansis Bogustovs, D\u012bvs Reiznieks. Ar\u012b Latvijas Telev\u012bzijas raid\u012bjuma &#8220;Panor\u0101ma&#8221; kol\u0113\u0123e Madara L\u012bc\u012bte, tolaik Ozoli\u0146a. Man \u0161\u0137iet, tie\u0161i ar Madaru m\u0113s pirmoreiz atv\u0113r\u0101m Latvijas Radio durvis. M\u016bs uzaicin\u0101ja uz jaunie\u0161u raid\u012bjumu &#8220;Dzirkstele.&#8221; Palik\u0101m t\u0101ds pulci\u0146\u0161, kuri bija ieinteres\u0113ti radio liet\u0101. Mums s\u0101ka dot pirmos mazos darbi\u0146us.&#8221;<\/p>\n<p style=\"margin-left:0cm; margin-right:0cm\">P\u0113c tam Arni Krauzi paman\u012bja radio Zi\u0146u dienests. T\u0101 laika vad\u012bt\u0101ja Zaiga Gr\u012bnberga uzaicin\u0101ja vi\u0146u str\u0101d\u0101t zi\u0146\u0101s, kur pirmie darbi bija gatavot gr\u0101matu un preses apskatus: &#8220;Katru r\u012btu piecas min\u016btes \u0113ter\u0101 [biju] ar av\u012b\u017eu apskatu.\u00a0 [Pulksten] 8:50 nolas\u012bju un tad tramvaj\u0101 uz skolu. Protams, pirmo stundu vienm\u0113r kav\u0113ju.&#8221;<\/p>\n<p>Radio vilkme<\/p>\n<p style=\"margin-left:0cm; margin-right:0cm\"><a id=\"2\" name=\"2\"\/>Ne vienam vien jaunajam censonim radio bijis un ir karjeras s\u0101kumpunkts. Ar\u012b Arnis v\u0113l\u0101k k\u013cuva par telev\u012bzijas \u017eurn\u0101listu. Ta\u010du laiku pa laikam vi\u0146\u0161 atgrie\u017eas radio. Kas vi\u0146u velk atpaka\u013c? &#8220;Pat \u0161odien, verot radio durvis, man katru reizi ir kaut k\u0101da k\u0146udo\u0146a. Kaut kas \u0161eit ir no t\u0101s pirm\u0101s reizes devi\u0146desmito s\u0101kum\u0101, kad v\u0113ru radio durvis tolaik. Tas ban\u0101li skan\u0113s \u2013 aura vai kas, bet, nu, ir \u0161ai m\u0101j\u0101!&#8221;<\/p>\n<p>V\u0113l Arnim Latvijas radio ir \u012bpa\u0161s ar to, ka gandr\u012bz katru reizi vestibil\u0101 vi\u0146\u0161 satiek Raimondu Paulu: &#8220;Es \u0161eit esmu vid\u0113ji reizi ned\u0113\u013c\u0101 ierakst\u012bt savu raid\u012bjumu. Un gandr\u012bz katru reizi es satieku Maestro. T\u0101 tas notiek ar\u012b \u0161odien. Piln\u012bgi nepl\u0101noti. J\u0101, t\u0101 ir iesp\u0113ja satikt Maestro. T\u0101 ir iesp\u0113ja \u0161eit dzird\u0113t izcilus m\u0101ksliniekus, kuriem te ir m\u0113\u0123in\u0101jumi vai ieraksti.&#8221;\u00a0 \u00a0 \u00a0 \u00a0 \u00a0 \u00a0<\/p>\n<p style=\"margin-left:0cm; margin-right:0cm\">Kop\u0101 ar Arni izstaig\u0101jam radio telpas, kur s\u0101k\u0101s vi\u0146a ce\u013c\u0161 \u017eurn\u0101listik\u0101. Zi\u0146u dienests atrad\u0101s 3. st\u0101v\u0101. Tas tagad izvietots citur.<\/p>\n<blockquote>\n<p style=\"margin-left:0cm; margin-right:0cm\">Arnis atver vienas durvis un saka: &#8220;te bija mans pirmais darba galds, te reiz\u0113m mitin\u0101jos pa nakt\u012bm.<\/p>\n<\/blockquote>\n<p style=\"margin-left:0cm; margin-right:0cm\">Bet blakus telp\u0101 bija darba vietas raid\u012bjumu vad\u012bt\u0101jiem un producentiem.&#8221;<\/p>\n<p style=\"margin-left:0cm; margin-right:0cm\">Vi\u0146\u0161 atnesis mapi ar uzrakstu &#8220;Latvijas Radio&#8221;. Taj\u0101 ir zi\u0146u raid\u012bjumu lapas, viet\u0113j\u0101s un \u0101rzemju zi\u0146as, \u017eurn\u0101listu sagatavoto interviju pieteikumi, laika zi\u0146as:\u00a0&#8220;90. gadu vid\u016b bija kaut k\u0101da talka, kad meta \u0101r\u0101 makulat\u016bru. Uz palodz\u0113m bija sakrautas daudzas raid\u012bjumu mapes. Vienu, kas bija aug\u0161\u0101, pa\u0146\u0113mu, jo t\u0101s t\u0101pat meta \u0101r\u0101 un otra puse lap\u0101m nebija aprakst\u012bta, tur var\u0113ja atkal rakst\u012bt. Tikai p\u0113c gadiem nov\u0113rt\u0113ju, ka t\u0101 ir diezgan liela arh\u012bva v\u0113rt\u012bba. Ja k\u0101dreiz taps Latvijas Radio muzejs, man b\u016bs ko nodot. \u0160eit ir zi\u0146u teksti no 90. gadu vidus,&#8221; st\u0101sta Arnis.<\/p>\n<p style=\"margin-left:0cm; margin-right:0cm\">T\u0101 laika zi\u0146u dienesta \u017eurn\u0101listu vid\u016b ir daudzi \u0161odien zin\u0101mi v\u0101rdi: &#8220;\u0160eit ir ar\u012b zi\u0146as, ko rakst\u012bjusi Jud\u012bte \u010cunka 1993. gada 18. j\u016bnij\u0101. \u0160eit ir ar\u012b [tagad\u0113jais politologs] J\u0101nis Ikstens, tolaik \u0101rzemju zi\u0146u redaktors. Ar\u012b [Valsts prezidents] Edgars Rink\u0113vi\u010ds, tolaik ar\u012b Latvijas Radio zi\u0146u redaktors.&#8221;<\/p>\n<p style=\"margin-left:0cm; margin-right:0cm\">Arnis atz\u012bst \u2013 radio iem\u0101c\u012bja liter\u0101ru valodu, dikciju, ar\u012b cie\u0146u pret klaus\u012bt\u0101ju. Radio deva iesp\u0113ju satikties ar \u013coti da\u017e\u0101diem cilv\u0113kiem ne tikai Vecr\u012bgas smalkos kabinetos, bet ar\u012b veidojot report\u0101\u017eas \u0101rpus laukos.\u00a0&#8220;Man \u0161eit bija iesp\u0113ja klaus\u012bties un m\u0101c\u012bties.\u00a0 Bija diktors Zigurds \u0136eizars, nelai\u0137is jau.<\/p>\n<blockquote>\n<p style=\"margin-left:0cm; margin-right:0cm\">Pie Zigurda biju pielipis k\u0101 t\u0101ds dadzis, pras\u012bju, k\u0101p\u0113c tur t\u0101ds uzsvars, k\u0101 neuztraukties, k\u0101 elpot, k\u0101 nomierin\u0101t sevi pirms \u0113tera.<\/p>\n<\/blockquote>\n<p style=\"margin-left:0cm; margin-right:0cm\">Ar\u012b runas pedago\u0123e Antonija Apele un virkne v\u0113l citu izcilu pedagogu \u0161eit bija.&#8221;<\/p>\n<p>            <img decoding=\"async\" src=\"https:\/\/www.europesays.com\/lv\/wp-content\/uploads\/2025\/09\/rl5v.jpg\" alt=\"Radio balsis Arnis Krauze, Sandra Gl\u0101zupa un Gun\u0101rs J\u0113kabsons.\"\/><\/p>\n<p>Radio balsis Arnis Krauze, Sandra Gl\u0101zupa un Gun\u0101rs J\u0113kabsons.<\/p>\n<p>Foto: Arnolds Auzi\u0146\u0161 \/ Latvijas Radio<\/p>\n<\/p>\n<p style=\"margin-left:0cm; margin-right:0cm\">Arnis uzsver, ka vi\u0146am palaim\u0113j\u0101s m\u0101c\u012bties no pieredz\u0113ju\u0161iem diktoriem \u2013 k\u0101 nolas\u012bt tekstu, kur likt uzsvaru, kur ietur\u0113t pauzes, kur ievilkt elpu, lai las\u012bjums b\u016btu pl\u016bsto\u0161s. &#8220;\u017durn\u0101listikas pamats man tika ielikts Latvijas Radio. Es ar\u012b pieredz\u0113ju, k\u0101 main\u0101s pats radio. Kad s\u0101ku str\u0101d\u0101t, zi\u0146as v\u0113l las\u012bja klasiskie diktori,&#8221; st\u0101sta Arnis. Vi\u0146\u0161 atsauc atmi\u0146\u0101\u00a0 p\u0101ris reizes, kad izdev\u0101s las\u012bt r\u012bta zi\u0146as p\u0101r\u012b ar radio le\u0123endu, diktori Laumu Amatnieci: &#8220;\u017d\u0113l, ka nav k\u0101da fotogr\u0101fija vai cita liec\u012bba saglab\u0101jusies. Man bija 16 gadi, ar Laumu Amatnieci m\u016bsu starp\u012bba bija 50 gadi noteikti.&#8221;<\/p>\n<p>Latvijas zelts radio pagrabos <\/p>\n<p>&#8220;Latvijas Radio ir ar\u012b \u012bpa\u0161s ar to, ka tas dokument\u0113 m\u016bsu laiku m\u016bsu v\u0113sturi. \u0160eit pagrabos, biju\u0161ajos bankas seifos (Radio \u0113k\u0101 savulaik atrad\u0101s R\u012bgas Komercbanka), visi senie ieraksti, s\u0101kot ar Aspazijas balsi \u00ad\u2013 tas ir Latvijas zelts. Ar\u012b dr\u016bmajos padomju laikos tom\u0113r tapa daudzi izcili ieraksti, s\u0101kot ar Maestro pirmaj\u0101m dziesm\u0101m, bet ir ar\u012b koris, Radiote\u0101tris, &#8220;Dzeguz\u012bte&#8221; un t\u0101 t\u0101l\u0101k. Izcil\u0101s aktieru balsis ir dokument\u0113tas tie\u0161i Latvijas Radio. Daudzas izr\u0101des mana paaudze vairs nepieredz\u0113ja ar izciliem aktieriem,&#8221; uzsver Arnis.<\/p>\n<blockquote>\n<p style=\"margin-left:0cm; margin-right:0cm\">Latvijas Radio ska\u0146u kr\u0101tuve ir k\u0101 seifs seif\u0101. Fonot\u0113k\u0101 glab\u0101j\u0101s agr\u012bnie raid\u012bjumi len\u0161u form\u0101t\u0101 \u2013 liter\u0101r\u0101s lugas, b\u0113rnu iestud\u0113jumi, m\u016bzikas ori\u0123in\u0101li.<\/p>\n<\/blockquote>\n<p style=\"margin-left:0cm; margin-right:0cm\">\u0160\u012b ir pla\u0161\u0101k\u0101 un daudzveid\u012bg\u0101k\u0101 fonot\u0113ka Latvij\u0101 \u2013 gan saturiski, gan vien\u012bbu skaita zi\u0146\u0101. 56 000 vien\u012bbu. Gandr\u012bz 99 % ierakstu jau ir digitaliz\u0113ti, un senos ierakstus var klaus\u012bties dator\u0101. Savulaik daudzi ieraksti izdz\u0113sti. Ar\u012b daudzi 90. gadu ieraksti aizg\u0101ja neb\u016bt\u012bb\u0101 magn\u0113tisko len\u0161u defic\u012bta d\u0113\u013c. Kad raid\u012bjums vai ieraksts izskan\u0113ja \u0113ter\u0101, lenti izmantoja atk\u0101rtoti \u2013 rakst\u012bja pa virsu n\u0101kamo raid\u012bjumu.<\/p>\n<p>Radio liel\u0101 loma \u2013 neatkar\u012bbas atg\u016b\u0161ana <\/p>\n<p style=\"margin-left:0cm; margin-right:0cm\"><a id=\"4\" name=\"4\"\/>Latvijas radiofons raid\u012bt s\u0101ka 1925. gada 1. novembr\u012b. Radio dz\u012bv\u0113 bija savi laikmeta grie\u017ei. Run\u0101jot par radio lomu, \u017eurn\u0101lists saka \u2013 ir j\u0101b\u016bt ar\u012b pa\u0161kritiskiem. Bija periodi, kad radio bija propagandas l\u012bdzeklis. Bija j\u0101pak\u013caujas cenz\u016brai p\u0113c K\u0101r\u013ca Ulma\u0146a apv\u0113rsuma un abu okup\u0101cijas re\u017e\u012bmu gados.<\/p>\n<p>&#8220;Man \u0161\u0137iet, radio liel\u0101 loma v\u0113stur\u0113 ir tie\u0161i neatkar\u012bbas atg\u016b\u0161anas laik\u0101. Atceros to skatu, ka es, mazs b\u0113rns, n\u0101ku no skolas caur Vecr\u012bgu. Man acu priek\u0161\u0101 ir k\u0101 cilv\u0113ki ar maziem radio &#8220;Abava&#8221;, laikam t\u0101 sauca, p\u0101rvietoj\u0101s, tramvaj\u0101 klaus\u012bj\u0101s Latvijas Radio. Klaus\u012bj\u0101s jaun\u0101k\u0101s zi\u0146as. T\u0101 bija cie\u0161a saite ar\u012b ar notikumiem radio. Tie\u0161i Latvijas Radio bija galvenais v\u0113stnesis iz\u0161\u0137iro\u0161ajos un kr\u012bzes br\u012b\u017eos barik\u0101d\u0113s,&#8221; nor\u0101da Arnis.<\/p>\n<p>Pu\u010da laik\u0101 Latvijas Telev\u012bziju apklusin\u0101ja, ar Latvijas Radio tas neizdev\u0101s \u2013 turpin\u0101ja skan\u0113t no pagr\u012bdes: &#8220;Latvijas Radio \u012bpa\u0161\u0101 loma, ar\u012b radio cilv\u0113ku drosme un uz\u0146\u0113m\u012bba tolaik izpaud\u0101s tie\u0161i kritiskaj\u0101s dien\u0101s. Radio ne uz vienu br\u012bdi apklusa.&#8221;            <\/p>\n","protected":false},"excerpt":{"rendered":"Latvijas Radio balss Arnis Krauze s\u0101ka str\u0101d\u0101t 15 gadu vecum\u0101. Nolas\u012bjis \u0113ter\u0101 r\u012bta preses apskatu, vi\u0146\u0161 steidza ar&hellip;\n","protected":false},"author":2,"featured_media":37012,"comment_status":"","ping_status":"","sticky":false,"template":"","format":"standard","meta":{"footnotes":""},"categories":[5],"tags":[23,28,29,32,33,22,30,31,35,39,38,36,37,34,40,20,26,27,24,25,21],"class_list":{"0":"post-37011","1":"post","2":"type-post","3":"status-publish","4":"format-standard","5":"has-post-thumbnail","7":"category-aktualitates","8":"tag-aktualitates","9":"tag-breaking-news","10":"tag-breakingnews","11":"tag-featured-news","12":"tag-featurednews","13":"tag-headlines","14":"tag-latest-news","15":"tag-latestnews","16":"tag-latvia","17":"tag-latvian","18":"tag-latviesu","19":"tag-latviesu-valoda","20":"tag-latviesuvaloda","21":"tag-latvija","22":"tag-lv","23":"tag-news","24":"tag-popularakas-zinas","25":"tag-popularakaszinas","26":"tag-top-stories","27":"tag-topstories","28":"tag-zinas"},"share_on_mastodon":{"url":"https:\/\/pubeurope.com\/@lv\/115474653782886340","error":""},"_links":{"self":[{"href":"https:\/\/www.europesays.com\/lv\/wp-json\/wp\/v2\/posts\/37011","targetHints":{"allow":["GET"]}}],"collection":[{"href":"https:\/\/www.europesays.com\/lv\/wp-json\/wp\/v2\/posts"}],"about":[{"href":"https:\/\/www.europesays.com\/lv\/wp-json\/wp\/v2\/types\/post"}],"author":[{"embeddable":true,"href":"https:\/\/www.europesays.com\/lv\/wp-json\/wp\/v2\/users\/2"}],"replies":[{"embeddable":true,"href":"https:\/\/www.europesays.com\/lv\/wp-json\/wp\/v2\/comments?post=37011"}],"version-history":[{"count":0,"href":"https:\/\/www.europesays.com\/lv\/wp-json\/wp\/v2\/posts\/37011\/revisions"}],"wp:featuredmedia":[{"embeddable":true,"href":"https:\/\/www.europesays.com\/lv\/wp-json\/wp\/v2\/media\/37012"}],"wp:attachment":[{"href":"https:\/\/www.europesays.com\/lv\/wp-json\/wp\/v2\/media?parent=37011"}],"wp:term":[{"taxonomy":"category","embeddable":true,"href":"https:\/\/www.europesays.com\/lv\/wp-json\/wp\/v2\/categories?post=37011"},{"taxonomy":"post_tag","embeddable":true,"href":"https:\/\/www.europesays.com\/lv\/wp-json\/wp\/v2\/tags?post=37011"}],"curies":[{"name":"wp","href":"https:\/\/api.w.org\/{rel}","templated":true}]}}