{"id":37020,"date":"2025-11-01T13:27:17","date_gmt":"2025-11-01T13:27:17","guid":{"rendered":"https:\/\/www.europesays.com\/lv\/37020\/"},"modified":"2025-11-01T13:27:17","modified_gmt":"2025-11-01T13:27:17","slug":"eksperts-asv-spiedis-uz-kinu-caur-krieviju","status":"publish","type":"post","link":"https:\/\/www.europesays.com\/lv\/37020\/","title":{"rendered":"Eksperts: ASV spied\u012bs uz \u0136\u012bnu caur Krieviju"},"content":{"rendered":"\n<p>Tramps pazi\u0146oja, ka apmekl\u0113s \u0136\u012bnu 2026. gada apr\u012bl\u012b, Sji Dzi\u0146pina viz\u012bte ASV notiks p\u0113c tam.<\/p>\n<p>Situ\u0101ciju sav\u0101 Telegram kan\u0101l\u0101 koment\u0113ja Krievijas eksperts par \u0136\u012bnu Nikolajs Danilovs:<\/p>\n<p>&#8220;Visticam\u0101k, ASV m\u0113\u0123in\u0101s sasaist\u012bt Sji Dzi\u0146pina ce\u013cojumu ar starpposma v\u0113l\u0113\u0161an\u0101m Kongres\u0101, t.i., ar 2026. gada novembri, t\u0101d\u0113j\u0101di republik\u0101\u0146i par\u0101d\u012bs savu ietekmi uz pasaules situ\u0101ciju.<\/p>\n<p>Sji Dzi\u0146pinam oktobr\u012b-novembr\u012b 2026. gad\u0101 ir CK plen\u0101rs\u0113de \u2014 vismaz t\u0101 tas bija p\u0113d\u0113jos gados. Ce\u013cojums uz ASV tuvu plen\u0101rs\u0113dei tiks uztverts k\u0101 Sji Dzi\u0146pina v\u0101jums. T\u0101p\u0113c \u0136\u012bnai izdev\u012bgs ir vai nu 2026. gada septembris, vai dzi\u013cais novembris vai pat 2026. gada decembris \u2014 t\u0101d\u0113j\u0101di var\u0113s rad\u012bt apst\u0101k\u013cus sazi\u0146ai ar 2028. gada uzvar\u0113t\u0101jiem, jau prezidenta v\u0113l\u0113\u0161anu sacens\u012bb\u0101s.<\/p>\n<p>Protokola c\u012b\u0146a risin\u0101sies starp Sji Dzi\u0146pina viz\u012btes termi\u0146iem septembr\u012b vai novembr\u012b \u2014 t\u0101p\u0113c ASV spied\u012bs uz \u0136\u012bnu j\u016blij\u0101-august\u0101. Krievijas poz\u012bcija, k\u0101 vienm\u0113r, b\u016bs t\u0101 sp\u0113ks, kas ietekm\u0113s \u0137\u012bnie\u0161u izv\u0113li. ASV spied\u012bs uz \u0136\u012bnu caur Krieviju.<\/p>\n<p>Nav j\u0113gas Sji Dzi\u0146pinam doties uz \u0136\u012bnu t\u016bl\u012bt p\u0113c Trampa. Es ar\u012b neizsl\u0113dzu, ka kr\u012bze starp \u0136\u012bnu un ASV papla\u0161in\u0101sies objekt\u012bvu apst\u0101k\u013cu d\u0113\u013c, un \u0146emot v\u0113r\u0101, ka Sji Dzi\u0146pinam ir v\u0113l\u0113\u0161anas 2027. gad\u0101, variants &#8220;neierasties&#8221; ar\u012b tiks apsv\u0113rts. Atg\u0101dinu, ka starp pa\u0161reiz\u0113jo un iepriek\u0161\u0113jo divu l\u012bderu tik\u0161anos pag\u0101ju\u0161i apm\u0113ram se\u0161i gadi.&#8221;<\/p>\n<p>Sji Dzi\u0146pina pazi\u0146ojumi p\u0113c tik\u0161an\u0101s ar Trampu:<\/p>\n<p>-Tirdzniec\u012bbas un ekonomiskaj\u0101m attiec\u012bb\u0101m j\u0101paliek par attiec\u012bbu virz\u012bt\u0101jsp\u0113ku starp \u0136\u012bnu un ASV, nevis j\u0101b\u016bt \u0161\u0137\u0113rslim.<\/p>\n<p>-\u0136\u012bnai un ASV j\u0101atbalsta mijiedarb\u012bba visos l\u012bme\u0146os un visos kan\u0101los, lai uzlabotu savstarp\u0113jo izpratni.<\/p>\n<p>-\u0136\u012bna un ASV var kop\u0101 str\u0101d\u0101t, lai sasniegtu noz\u012bm\u012bg\u0101kus m\u0113r\u0137us visa pasaules lab\u0101.<\/p>\n<p>-\u0136\u012bna 2026. gad\u0101 uz\u0146ems APEC samitu, bet ASV \u2013 G20, pus\u0113m j\u0101atbalsta viena otru un j\u0101tiecas uz abos samitos pozit\u012bviem rezult\u0101tiem.<\/p>\n<p>-\u0136\u012bnai un ASV j\u0101veic pien\u0101c\u012bga mijiedarb\u012bba starptautiskaj\u0101 un re\u0123ion\u0101laj\u0101 ar\u0113n\u0101.<\/p>\n","protected":false},"excerpt":{"rendered":"Tramps pazi\u0146oja, ka apmekl\u0113s \u0136\u012bnu 2026. gada apr\u012bl\u012b, Sji Dzi\u0146pina viz\u012bte ASV notiks p\u0113c tam. Situ\u0101ciju sav\u0101 Telegram&hellip;\n","protected":false},"author":2,"featured_media":37021,"comment_status":"","ping_status":"","sticky":false,"template":"","format":"standard","meta":{"footnotes":""},"categories":[5],"tags":[23,28,29,32,33,22,30,31,35,39,38,36,37,34,40,20,26,27,24,25,21],"class_list":{"0":"post-37020","1":"post","2":"type-post","3":"status-publish","4":"format-standard","5":"has-post-thumbnail","7":"category-aktualitates","8":"tag-aktualitates","9":"tag-breaking-news","10":"tag-breakingnews","11":"tag-featured-news","12":"tag-featurednews","13":"tag-headlines","14":"tag-latest-news","15":"tag-latestnews","16":"tag-latvia","17":"tag-latvian","18":"tag-latviesu","19":"tag-latviesu-valoda","20":"tag-latviesuvaloda","21":"tag-latvija","22":"tag-lv","23":"tag-news","24":"tag-popularakas-zinas","25":"tag-popularakaszinas","26":"tag-top-stories","27":"tag-topstories","28":"tag-zinas"},"share_on_mastodon":{"url":"https:\/\/pubeurope.com\/@lv\/115474677321540859","error":""},"_links":{"self":[{"href":"https:\/\/www.europesays.com\/lv\/wp-json\/wp\/v2\/posts\/37020","targetHints":{"allow":["GET"]}}],"collection":[{"href":"https:\/\/www.europesays.com\/lv\/wp-json\/wp\/v2\/posts"}],"about":[{"href":"https:\/\/www.europesays.com\/lv\/wp-json\/wp\/v2\/types\/post"}],"author":[{"embeddable":true,"href":"https:\/\/www.europesays.com\/lv\/wp-json\/wp\/v2\/users\/2"}],"replies":[{"embeddable":true,"href":"https:\/\/www.europesays.com\/lv\/wp-json\/wp\/v2\/comments?post=37020"}],"version-history":[{"count":0,"href":"https:\/\/www.europesays.com\/lv\/wp-json\/wp\/v2\/posts\/37020\/revisions"}],"wp:featuredmedia":[{"embeddable":true,"href":"https:\/\/www.europesays.com\/lv\/wp-json\/wp\/v2\/media\/37021"}],"wp:attachment":[{"href":"https:\/\/www.europesays.com\/lv\/wp-json\/wp\/v2\/media?parent=37020"}],"wp:term":[{"taxonomy":"category","embeddable":true,"href":"https:\/\/www.europesays.com\/lv\/wp-json\/wp\/v2\/categories?post=37020"},{"taxonomy":"post_tag","embeddable":true,"href":"https:\/\/www.europesays.com\/lv\/wp-json\/wp\/v2\/tags?post=37020"}],"curies":[{"name":"wp","href":"https:\/\/api.w.org\/{rel}","templated":true}]}}