{"id":37026,"date":"2025-11-01T13:33:08","date_gmt":"2025-11-01T13:33:08","guid":{"rendered":"https:\/\/www.europesays.com\/lv\/37026\/"},"modified":"2025-11-01T13:33:08","modified_gmt":"2025-11-01T13:33:08","slug":"protests-pret-izstasanos-no-stambulas-konvencijas-notiks-plakatu-darbnica","status":"publish","type":"post","link":"https:\/\/www.europesays.com\/lv\/37026\/","title":{"rendered":"Protests pret izst\u0101\u0161anos no Stambulas konvencijas: notiks plak\u0101tu darbn\u012bca"},"content":{"rendered":"<p>Plak\u0101tu darbn\u012bca tre\u0161dien notiks \u0122el\u017ea darbn\u012bc\u0101 R\u012bg\u0101, Vagonu iel\u0101 21, no plkst. 16 l\u012bdz 21. Materi\u0101li plak\u0101tu gatavo\u0161anai b\u016bs sagatavoti.<\/p>\n<p>Jau zi\u0146ots, ka ceturtdien ar opoz\u012bcijas un ZZS bals\u012bm Saeim\u0101 tika pie\u0146emts likums par Latvijas izst\u0101\u0161anos no Eiropas Padomes konvencijas par vardarb\u012bbas pret sieviet\u0113m un vardarb\u012bbas \u0123imen\u0113 nov\u0113r\u0161anu un apkaro\u0161anu jeb t\u0101 saukt\u0101s Stambulas konvencijas.<\/p>\n<p>Sievie\u0161u ties\u012bbu aizst\u0101v\u012bbas organiz\u0101cija, centrs &#8220;Marta&#8221; un vair\u0101kas citas nevalstisk\u0101s organiz\u0101cijas ir nos\u016bt\u012bju\u0161as v\u0113stuli Valsts prezidentam Edgaram Rink\u0113vi\u010dam, aicinot nodot likumu par izst\u0101\u0161anos no konvencijas otrreiz\u0113jai caurl\u016bko\u0161anai Saeim\u0101.<\/p>\n<p>T\u0101pat &#8220;Marta&#8221; un jaunatnes organiz\u0101cija &#8220;Protests&#8221; 6. novembr\u012b plkst. 19 Doma laukum\u0101 R\u012bg\u0101 aicina uz protesta akciju pret Saeimas l\u0113mumu.<\/p>\n<p>Tre\u0161dien, 29. oktobr\u012b, protests pret izst\u0101\u0161anos no Stambulas konvencijas pie Saeimas pulc\u0113ja ap 5000 cilv\u0113ku un bija viens no daudzskaitl\u012bg\u0101kajiem p\u0113d\u0113jos gados. Savuk\u0101rt ceturtdien pie parlamenta notiku\u0161ais pikets par konvencijas denons\u0113\u0161anu puc\u0113ja ap 20 cilv\u0113ku.<\/p>\n<p>P\u0113c Saeimas vair\u0101kuma l\u0113muma pazi\u0146ojumu izplat\u012bjusi ar\u012b starptautisk\u0101 cilv\u0113kties\u012bbu organiz\u0101cija &#8220;Amnesty International&#8221;. Organiz\u0101cijas vec\u0101k\u0101 speci\u0101liste sievie\u0161u ties\u012bbu jaut\u0101jumos Monika Kosta Riba v\u0113rt\u0113, ka &#8220;Latvijas izst\u0101\u0161an\u0101s no Stambulas konvencijas b\u016btu posto\u0161s trieciens valsts sievie\u0161u un meite\u0146u, k\u0101 ar\u012b visu cilv\u0113ku, kas saskaras ar vardarb\u012bbu \u0123imen\u0113, aizsardz\u012bbai un ties\u012bb\u0101m, kas s\u016bta varm\u0101k\u0101m b\u012bstamu v\u0113st\u012bjumu, ka vi\u0146i var nesod\u012bti izmantot un nogalin\u0101t sievietes un meitenes&#8221;.<\/p>\n","protected":false},"excerpt":{"rendered":"Plak\u0101tu darbn\u012bca tre\u0161dien notiks \u0122el\u017ea darbn\u012bc\u0101 R\u012bg\u0101, Vagonu iel\u0101 21, no plkst. 16 l\u012bdz 21. Materi\u0101li plak\u0101tu gatavo\u0161anai&hellip;\n","protected":false},"author":2,"featured_media":37027,"comment_status":"","ping_status":"","sticky":false,"template":"","format":"standard","meta":{"footnotes":""},"categories":[5],"tags":[23,28,29,32,33,22,30,31,35,39,38,36,37,34,40,20,26,27,2023,24,25,21],"class_list":{"0":"post-37026","1":"post","2":"type-post","3":"status-publish","4":"format-standard","5":"has-post-thumbnail","7":"category-aktualitates","8":"tag-aktualitates","9":"tag-breaking-news","10":"tag-breakingnews","11":"tag-featured-news","12":"tag-featurednews","13":"tag-headlines","14":"tag-latest-news","15":"tag-latestnews","16":"tag-latvia","17":"tag-latvian","18":"tag-latviesu","19":"tag-latviesu-valoda","20":"tag-latviesuvaloda","21":"tag-latvija","22":"tag-lv","23":"tag-news","24":"tag-popularakas-zinas","25":"tag-popularakaszinas","26":"tag-stambulas-konvencija","27":"tag-top-stories","28":"tag-topstories","29":"tag-zinas"},"share_on_mastodon":{"url":"https:\/\/pubeurope.com\/@lv\/115474700917361221","error":""},"_links":{"self":[{"href":"https:\/\/www.europesays.com\/lv\/wp-json\/wp\/v2\/posts\/37026","targetHints":{"allow":["GET"]}}],"collection":[{"href":"https:\/\/www.europesays.com\/lv\/wp-json\/wp\/v2\/posts"}],"about":[{"href":"https:\/\/www.europesays.com\/lv\/wp-json\/wp\/v2\/types\/post"}],"author":[{"embeddable":true,"href":"https:\/\/www.europesays.com\/lv\/wp-json\/wp\/v2\/users\/2"}],"replies":[{"embeddable":true,"href":"https:\/\/www.europesays.com\/lv\/wp-json\/wp\/v2\/comments?post=37026"}],"version-history":[{"count":0,"href":"https:\/\/www.europesays.com\/lv\/wp-json\/wp\/v2\/posts\/37026\/revisions"}],"wp:featuredmedia":[{"embeddable":true,"href":"https:\/\/www.europesays.com\/lv\/wp-json\/wp\/v2\/media\/37027"}],"wp:attachment":[{"href":"https:\/\/www.europesays.com\/lv\/wp-json\/wp\/v2\/media?parent=37026"}],"wp:term":[{"taxonomy":"category","embeddable":true,"href":"https:\/\/www.europesays.com\/lv\/wp-json\/wp\/v2\/categories?post=37026"},{"taxonomy":"post_tag","embeddable":true,"href":"https:\/\/www.europesays.com\/lv\/wp-json\/wp\/v2\/tags?post=37026"}],"curies":[{"name":"wp","href":"https:\/\/api.w.org\/{rel}","templated":true}]}}